{"id":88921,"date":"2024-03-21T14:36:27","date_gmt":"2024-03-21T13:36:27","guid":{"rendered":"https:\/\/up.lublin.pl\/bip\/?p=88921"},"modified":"2024-03-21T14:40:00","modified_gmt":"2024-03-21T13:40:00","slug":"usluga-przygotowania-zorganizowania-i-przeprowadzenia-akredytowanych-szkolen-i-egzaminow-agile-pm-foundation","status":"publish","type":"post","link":"https:\/\/up.lublin.pl\/bip\/usluga-przygotowania-zorganizowania-i-przeprowadzenia-akredytowanych-szkolen-i-egzaminow-agile-pm-foundation\/","title":{"rendered":"Us\u0142uga przygotowania, zorganizowania i przeprowadzenia akredytowanych szkole\u0144 i egzamin\u00f3w Agile PM Foundation w j\u0119zyku polskim"},"content":{"rendered":"\t\t<div data-elementor-type=\"wp-post\" data-elementor-id=\"88921\" class=\"elementor elementor-88921\" data-elementor-settings=\"[]\">\n\t\t\t\t\t\t<div class=\"elementor-inner\">\n\t\t\t\t\t\t\t<div class=\"elementor-section-wrap\">\n\t\t\t\t\t\t\t<section class=\"elementor-section elementor-top-section elementor-element elementor-element-3fbcdfd elementor-section-boxed elementor-section-height-default elementor-section-height-default\" data-id=\"3fbcdfd\" data-element_type=\"section\">\n\t\t\t\t\t\t<div class=\"elementor-container elementor-column-gap-default\">\n\t\t\t\t\t\t\t<div class=\"elementor-row\">\n\t\t\t\t\t<div class=\"elementor-column elementor-col-100 elementor-top-column elementor-element elementor-element-28fde5a\" data-id=\"28fde5a\" data-element_type=\"column\">\n\t\t\t<div class=\"elementor-column-wrap elementor-element-populated\">\n\t\t\t\t\t\t\t<div class=\"elementor-widget-wrap\">\n\t\t\t\t\t\t<div class=\"elementor-element elementor-element-14a3d9c elementor-widget elementor-widget-m5c\" data-id=\"14a3d9c\" data-element_type=\"widget\" data-widget_type=\"m5c.default\">\n\t\t\t\t<div class=\"elementor-widget-container\">\n\t\t\t<section class=\"mn-m5-c mn-m5-d2 mn-bg-white\">\n\t<div class=\"mn-grid\">\n\t\t\t\t<div class=\"mn-content mn-grid-9\">\n\t\t\t                <div class=\"mn-content-block active\">\n\t                                                        <div class=\"block-text\">\n\t                                        <p>Uniwersytet Przyrodniczy w&nbsp;Lublinie w&nbsp;zaprasza do z\u0142o\u017cenia oferty w&nbsp;ramach zapytania ofertowego z&nbsp;dnia 21.03.2024 r. w&nbsp;sprawie wyboru Wykonawcy \u015bwiadcz\u0105cego us\u0142ug\u0119 przygotowania, zorganizowania i&nbsp;przeprowadzenia akredytowanych szkole\u0144 i&nbsp;egzamin\u00f3w Agile PM Foundation w&nbsp;j\u0119zyku polskim w&nbsp;ramach realizacji Strategii Rozwoju Uniwersytet Przyrodniczy w&nbsp;Lublinie (UPL) na potrzeby przygotowania do udzia\u0142u w&nbsp;konkursie \u201eInicjatywa doskona\u0142o\u015bci \u2013 uczelnia badawcza\u201d.<\/p>\n<p>Szkolenia i&nbsp;egzaminy Agile PM Foundation odb\u0119d\u0105 si\u0119 w&nbsp;2 turach, przy czym liczba os\u00f3b bior\u0105cych udzia\u0142 w&nbsp;szkoleniu i&nbsp;egzaminie w&nbsp;ramach danej tury (grupy szkoleniowej) wyniesie 12 os\u00f3b.<br \/>Liczba uczestnik\u00f3w: 24 (2 grupy po 12 os\u00f3b) &#8211; pracownicy badawczy, badawczo-dydaktyczni Uniwersytetu Przyrodniczego w&nbsp;Lublinie.<\/p>\n<p><strong>Do pobrania:<\/strong><\/p>\n<ul>\n<li><a href=\"https:\/\/up.lublin.pl\/bip\/wp-content\/uploads\/sites\/9\/2024\/03\/Zapytanie-ofertowe-1.pdf\">Zapytanie ofertowe<\/a> (.pdf)<\/li>\n<li><a href=\"https:\/\/up.lublin.pl\/bip\/wp-content\/uploads\/sites\/9\/2024\/03\/Zalacznik-nr-1-Formularz-ofertowy.docx\">Formularz oferty &#8211; za\u0142\u0105cznik nr 1<\/a> (.docx)<\/li>\n<li><a href=\"https:\/\/up.lublin.pl\/bip\/wp-content\/uploads\/sites\/9\/2024\/03\/Zalacznik-nr-2-Oswiadczenie-Wykonawcy.pdf\">O\u015bwiadczenie Wykonawcy &#8211; za\u0142\u0105cznik nr 2<\/a> (.pdf)<\/li>\n<li><a href=\"https:\/\/up.lublin.pl\/bip\/wp-content\/uploads\/sites\/9\/2024\/03\/Zalacznik-nr-3-Oswiadczenie-o-doswiadczeniu-Wykonawcy.pdf\">O\u015bwiadczenie o&nbsp;do\u015bwiadczeniu Wykonawcy &#8211; za\u0142\u0105cznik nr 3<\/a> (.pdf)<\/li>\n<\/ul>\n                                        <\/div>\n\t\t\t\t\t\t                                <\/div>\n\t\t\t\t                <div class=\"mn-content-block\">\n\t                                <\/div>\n\t\t\t\t                <div class=\"mn-content-block\">\n\t                                <\/div>\n\t\t\t\t                <div class=\"mn-content-block\">\n\t                                <\/div>\n\t\t\t\t                <div class=\"mn-content-block\">\n\t                                <\/div>\n\t\t\t\t                <div class=\"mn-content-block\">\n\t                                <\/div>\n\t\t\t\t                <div class=\"mn-content-block\">\n\t                                <\/div>\n\t\t\t\t                <div class=\"mn-content-block\">\n\t                                <\/div>\n\t\t\t\t                <div class=\"mn-content-block\">\n\t                                <\/div>\n\t\t\t\t                <div class=\"mn-content-block\">\n\t                                <\/div>\n\t\t\t\t                <div class=\"mn-content-block\">\n\t                                <\/div>\n\t\t\t\t                <div class=\"mn-content-block\">\n\t                                <\/div>\n\t\t\t\t                <div class=\"mn-content-block\">\n\t                                <\/div>\n\t\t\t\t                <div class=\"mn-content-block\">\n\t                                <\/div>\n\t\t\t\t                <div class=\"mn-content-block\">\n\t                                <\/div>\n\t\t\t\t                <div class=\"mn-content-block\">\n\t                                <\/div>\n\t\t\t\t                <div class=\"mn-content-block\">\n\t                                <\/div>\n\t\t\t\t                <div class=\"mn-content-block\">\n\t                                <\/div>\n\t\t\t\t                <div class=\"mn-content-block\">\n\t                                <\/div>\n\t\t\t\t                <div class=\"mn-content-block\">\n\t                                <\/div>\n\t\t\t\t\t\t<\/div>\n\t<\/div>\n<\/section>\n\t\t<\/div>\n\t\t\t\t<\/div>\n\t\t\t\t\t\t<\/div>\n\t\t\t\t\t<\/div>\n\t\t<\/div>\n\t\t\t\t\t\t\t\t<\/div>\n\t\t\t\t\t<\/div>\n\t\t<\/section>\n\t\t\t\t\t\t<\/div>\n\t\t\t\t\t\t<\/div>\n\t\t\t\t\t<\/div>\n\t\t","protected":false},"excerpt":{"rendered":"<p>Uniwersytet Przyrodniczy w\u00a0Lublinie w\u00a0zaprasza do z\u0142o\u017cenia oferty w\u00a0ramach zapytania ofertowego z\u00a0dnia 21.03.2024 r. w\u00a0sprawie wyboru Wykonawcy \u015bwiadcz\u0105cego us\u0142ug\u0119 przygotowania, zorganizowania i\u00a0przeprowadzenia akredytowanych szkole\u0144 i\u00a0egzamin\u00f3w Agile PM Foundation w\u00a0j\u0119zyku polskim w\u00a0ramach realizacji Strategii Rozwoju Uniwersytet Przyrodniczy w\u00a0Lublinie (UPL) na potrzeby przygotowania do udzia\u0142u w\u00a0konkursie \u201eInicjatywa doskona\u0142o\u015bci \u2013 uczelnia badawcza\u201d. Szkolenia i\u00a0egzaminy Agile PM Foundation odb\u0119d\u0105 si\u0119 [&hellip;]<\/p>\n","protected":false},"author":2,"featured_media":84481,"comment_status":"closed","ping_status":"closed","sticky":false,"template":"elementor_header_footer","format":"standard","meta":{"_monsterinsights_skip_tracking":false,"_monsterinsights_sitenote_active":false,"_monsterinsights_sitenote_note":"","_monsterinsights_sitenote_category":0},"categories":[95],"tags":[],"_links":{"self":[{"href":"https:\/\/up.lublin.pl\/bip\/wp-json\/wp\/v2\/posts\/88921"}],"collection":[{"href":"https:\/\/up.lublin.pl\/bip\/wp-json\/wp\/v2\/posts"}],"about":[{"href":"https:\/\/up.lublin.pl\/bip\/wp-json\/wp\/v2\/types\/post"}],"author":[{"embeddable":true,"href":"https:\/\/up.lublin.pl\/bip\/wp-json\/wp\/v2\/users\/2"}],"replies":[{"embeddable":true,"href":"https:\/\/up.lublin.pl\/bip\/wp-json\/wp\/v2\/comments?post=88921"}],"version-history":[{"count":5,"href":"https:\/\/up.lublin.pl\/bip\/wp-json\/wp\/v2\/posts\/88921\/revisions"}],"predecessor-version":[{"id":88930,"href":"https:\/\/up.lublin.pl\/bip\/wp-json\/wp\/v2\/posts\/88921\/revisions\/88930"}],"wp:featuredmedia":[{"embeddable":true,"href":"https:\/\/up.lublin.pl\/bip\/wp-json\/wp\/v2\/media\/84481"}],"wp:attachment":[{"href":"https:\/\/up.lublin.pl\/bip\/wp-json\/wp\/v2\/media?parent=88921"}],"wp:term":[{"taxonomy":"category","embeddable":true,"href":"https:\/\/up.lublin.pl\/bip\/wp-json\/wp\/v2\/categories?post=88921"},{"taxonomy":"post_tag","embeddable":true,"href":"https:\/\/up.lublin.pl\/bip\/wp-json\/wp\/v2\/tags?post=88921"}],"curies":[{"name":"wp","href":"https:\/\/api.w.org\/{rel}","templated":true}]}}