{"id":88909,"date":"2024-03-20T10:49:24","date_gmt":"2024-03-20T09:49:24","guid":{"rendered":"https:\/\/up.lublin.pl\/bip\/?p=88909"},"modified":"2024-03-20T11:03:21","modified_gmt":"2024-03-20T10:03:21","slug":"przetarg-nieograniczony-konie","status":"publish","type":"post","link":"https:\/\/up.lublin.pl\/bip\/przetarg-nieograniczony-konie\/","title":{"rendered":"Przetarg nieograniczony na sprzeda\u017c \u015brodk\u00f3w trwa\u0142ych stanowi\u0105cych w\u0142asno\u015b\u0107 Uniwersytetu Przyrodniczego w Lublinie, na kt\u00f3re sk\u0142adaj\u0105 si\u0119: jeden kuc i jeden ko\u0144"},"content":{"rendered":"\t\t<div data-elementor-type=\"wp-post\" data-elementor-id=\"88909\" class=\"elementor elementor-88909\" data-elementor-settings=\"[]\">\n\t\t\t\t\t\t<div class=\"elementor-inner\">\n\t\t\t\t\t\t\t<div class=\"elementor-section-wrap\">\n\t\t\t\t\t\t\t<section class=\"elementor-section elementor-top-section elementor-element elementor-element-5b9a32d elementor-section-boxed elementor-section-height-default elementor-section-height-default\" data-id=\"5b9a32d\" data-element_type=\"section\">\n\t\t\t\t\t\t<div class=\"elementor-container elementor-column-gap-default\">\n\t\t\t\t\t\t\t<div class=\"elementor-row\">\n\t\t\t\t\t<div class=\"elementor-column elementor-col-100 elementor-top-column elementor-element elementor-element-043c79d\" data-id=\"043c79d\" data-element_type=\"column\">\n\t\t\t<div class=\"elementor-column-wrap elementor-element-populated\">\n\t\t\t\t\t\t\t<div class=\"elementor-widget-wrap\">\n\t\t\t\t\t\t<div class=\"elementor-element elementor-element-2d3423a elementor-widget elementor-widget-m5c\" data-id=\"2d3423a\" data-element_type=\"widget\" data-widget_type=\"m5c.default\">\n\t\t\t\t<div class=\"elementor-widget-container\">\n\t\t\t<section class=\"mn-m5-c mn-m5-d2 mn-bg-white\">\n\t<div class=\"mn-grid\">\n\t\t\t\t<div class=\"mn-content mn-grid-9\">\n\t\t\t                <div class=\"mn-content-block active\">\n\t                                                        <div class=\"block-text\">\n\t                                        <p style=\"text-align: center;\"><strong>Uniwersytet Przyrodniczy w&nbsp;Lublinie <\/strong><br \/><strong>og\u0142asza <br \/><\/strong><strong>przetarg nieograniczony na sprzeda\u017c \u015brodk\u00f3w trwa\u0142ych stanowi\u0105cych w\u0142asno\u015b\u0107<\/strong><br \/><strong>Uniwersytetu Przyrodniczego w&nbsp;Lublinie, na kt\u00f3re sk\u0142adaj\u0105 si\u0119:<\/strong><br \/><strong>jeden kuc i&nbsp;jeden ko\u0144<\/strong><\/p>\n<p>\u015arodki rzeczowe stanowi\u0105ce przedmiot przetargu znajduj\u0105 si\u0119 na terenie Uczelni:<\/p>\n<p>O\u015brodek Je\u017adziecki Uniwersytetu Przyrodniczego w&nbsp;Lublinie ul. Do\u015bwiadczalna 50, 20-280 Lublin<\/p>\n<p>O\u015brodek Je\u017adziecki Uniwersytetu Przyrodniczego w&nbsp;Lublinie umo\u017cliwia obejrzenie i&nbsp;zapoznanie si\u0119 ze stanem koni w&nbsp;dniu: 25.03.2024 w&nbsp;godz. 10-14.<\/p>\n<p>Kontakt: dr hab. Izabela Wilk, prof. uczelni, tel. 661-723-999<\/p>\n<p>Oferty mo\u017cna sk\u0142ada\u0107 do dnia 28.03.2024 do godz.10.00 w&nbsp;budynku Rektoratu, Lublin, ul. Akademicka 13, Sekretariat Uczelni pok.261.<\/p>\n<p>Otwarcie ofert nast\u0105pi w&nbsp;dniu 28.03.2024 godz.10.30 w&nbsp;budynku Rektoratu Uniwersytetu Przyrodniczego w&nbsp;Lublinie, ul. Akademicka 13, pok. 501a.<\/p>\n<p>Warunkiem przyst\u0105pienia do przetargu jest z\u0142o\u017cenie oferty z\u00a0podaniem nazwy konia oraz oferowan\u0105 cen\u0105 brutto zakupu.<\/p>\n<p>Informacje o\u00a0przetargu mo\u017cna uzyska\u0107 w\u00a0Katedrze Hodowli i&nbsp;U\u017cytkowania Koni, pok.7, Lublin, ul. Do\u015bwiadczalna 50, tel. 81\u00a0710 24 55 w\u00a0godz. 8 \u2013 14.<\/p>\n<p>Uniwersytet Przyrodniczy w\u00a0Lublinie zastrzega sobie prawo odwo\u0142ania przetargu bez podania przyczyny.<\/p>\n<table style=\"border-collapse: collapse; width: 100%;\">\n<tbody>\n<tr>\n<th style=\"width: 1.91205%;\">Lp.<\/th>\n<th style=\"width: 16.4703%;\">Nazwa konia<\/th>\n<th style=\"width: 12.3163%;\">Rasa konia<\/th>\n<th style=\"width: 14.522%;\">P\u0142e\u0107<\/th>\n<th style=\"width: 10.4779%;\">Numer inwentarzowy<\/th>\n<th style=\"width: 12.7369%;\">Rok urodzenia<\/th>\n<th style=\"width: 3.43966%;\">Warto\u015b\u0107 rynkowa (brutto)<\/th>\n<th style=\"width: 28.125%;\">Uwagi<\/th>\n<\/tr>\n<tr>\n<td style=\"width: 1.91205%; text-align: center; vertical-align: middle;\">1.<\/td>\n<td style=\"width: 16.4703%; text-align: center; vertical-align: middle;\">IRLANDIA<\/td>\n<td style=\"width: 12.3163%; vertical-align: middle;\">ma\u0142opolska<\/td>\n<td style=\"width: 14.522%; vertical-align: middle;\">klacz<\/td>\n<td style=\"width: 10.4779%; vertical-align: middle;\">W0514\/7\/238<\/td>\n<td style=\"width: 12.7369%; vertical-align: middle;\">2015<\/td>\n<td style=\"width: 3.43966%; vertical-align: middle;\">22000,00<\/td>\n<td style=\"width: 28.125%; text-align: right;\">ko\u0144 chodzi pod siod\u0142em, skacze niewielkie przeszkody, nie mo\u017ce wychodzi\u0107 w&nbsp;stadzie z&nbsp;innymi ko\u0144mi<\/td>\n<\/tr>\n<tr>\n<td style=\"width: 1.91205%; text-align: center; vertical-align: middle;\">2.<\/td>\n<td style=\"width: 16.4703%; vertical-align: middle; text-align: center;\">SANNAH 20.22.FN<\/td>\n<td style=\"width: 12.3163%; vertical-align: middle;\">kuc<\/td>\n<td style=\"width: 14.522%; vertical-align: middle;\">klacz<\/td>\n<td style=\"width: 10.4779%; vertical-align: middle;\">PZ-1\/2022<\/td>\n<td style=\"width: 12.7369%; vertical-align: middle;\">2022<\/td>\n<td style=\"width: 3.43966%; vertical-align: middle;\">2000,00<\/td>\n<td style=\"width: 28.125%; text-align: right;\">ko\u0144 m\u0142ody, nie przygotowany do pracy pod siod\u0142em i&nbsp;w zaprz\u0119gu, chodzi na uwi\u0105zie, podaje nogi<\/td>\n<\/tr>\n<\/tbody>\n<\/table>\n                                        <\/div>\n\t\t\t\t\t\t                                                        <div class=\"mn-cards-list\">\n                                            <div class=\"mn-card-container\">\n                                                <div>\n                                                    <img src=\"https:\/\/up.lublin.pl\/bip\/wp-content\/themes\/up-lublin\/assets\/images\/doc-ico.svg\" alt=\"\" \/>\n                                                    <h5>REGULAMIN PRZETARGU (.pdf)<\/h5>\n                                                <\/div>\n                                                <a href=\"https:\/\/up.lublin.pl\/bip\/wp-content\/uploads\/sites\/9\/2024\/03\/Regulamin-Przetargu-Koni.pdf\" class=\"mn-more\" target=\"_blank\">Zobacz<\/a>\n                                            <\/div>\n                                        <\/div>\n\t\t\t\t\t\t                                <\/div>\n\t\t\t\t                <div class=\"mn-content-block\">\n\t                                <\/div>\n\t\t\t\t                <div class=\"mn-content-block\">\n\t                                <\/div>\n\t\t\t\t                <div class=\"mn-content-block\">\n\t                                <\/div>\n\t\t\t\t                <div class=\"mn-content-block\">\n\t                                <\/div>\n\t\t\t\t                <div class=\"mn-content-block\">\n\t                                <\/div>\n\t\t\t\t                <div class=\"mn-content-block\">\n\t                                <\/div>\n\t\t\t\t                <div class=\"mn-content-block\">\n\t                                <\/div>\n\t\t\t\t                <div class=\"mn-content-block\">\n\t                                <\/div>\n\t\t\t\t                <div class=\"mn-content-block\">\n\t                                <\/div>\n\t\t\t\t                <div class=\"mn-content-block\">\n\t                                <\/div>\n\t\t\t\t                <div class=\"mn-content-block\">\n\t                                <\/div>\n\t\t\t\t                <div class=\"mn-content-block\">\n\t                                <\/div>\n\t\t\t\t                <div class=\"mn-content-block\">\n\t                                <\/div>\n\t\t\t\t                <div class=\"mn-content-block\">\n\t                                <\/div>\n\t\t\t\t                <div class=\"mn-content-block\">\n\t                                <\/div>\n\t\t\t\t                <div class=\"mn-content-block\">\n\t                                <\/div>\n\t\t\t\t                <div class=\"mn-content-block\">\n\t                                <\/div>\n\t\t\t\t                <div class=\"mn-content-block\">\n\t                                <\/div>\n\t\t\t\t                <div class=\"mn-content-block\">\n\t                                <\/div>\n\t\t\t\t\t\t<\/div>\n\t<\/div>\n<\/section>\n\t\t<\/div>\n\t\t\t\t<\/div>\n\t\t\t\t\t\t<\/div>\n\t\t\t\t\t<\/div>\n\t\t<\/div>\n\t\t\t\t\t\t\t\t<\/div>\n\t\t\t\t\t<\/div>\n\t\t<\/section>\n\t\t\t\t\t\t<\/div>\n\t\t\t\t\t\t<\/div>\n\t\t\t\t\t<\/div>\n\t\t","protected":false},"excerpt":{"rendered":"<p>Uniwersytet Przyrodniczy w\u00a0Lublinie og\u0142asza przetarg nieograniczony na sprzeda\u017c \u015brodk\u00f3w trwa\u0142ych stanowi\u0105cych w\u0142asno\u015b\u0107 Uniwersytetu Przyrodniczego w\u00a0Lublinie, na kt\u00f3re sk\u0142adaj\u0105 si\u0119: jeden kuc i\u00a0jeden ko\u0144 \u015arodki rzeczowe stanowi\u0105ce przedmiot przetargu znajduj\u0105 si\u0119 na terenie Uczelni: O\u015brodek Je\u017adziecki Uniwersytetu Przyrodniczego w\u00a0Lublinie ul. Do\u015bwiadczalna 50, 20-280 Lublin O\u015brodek Je\u017adziecki Uniwersytetu Przyrodniczego w\u00a0Lublinie umo\u017cliwia obejrzenie i\u00a0zapoznanie si\u0119 ze stanem koni [&hellip;]<\/p>\n","protected":false},"author":2,"featured_media":86305,"comment_status":"closed","ping_status":"closed","sticky":false,"template":"elementor_header_footer","format":"standard","meta":{"_monsterinsights_skip_tracking":false,"_monsterinsights_sitenote_active":false,"_monsterinsights_sitenote_note":"","_monsterinsights_sitenote_category":0},"categories":[95],"tags":[],"_links":{"self":[{"href":"https:\/\/up.lublin.pl\/bip\/wp-json\/wp\/v2\/posts\/88909"}],"collection":[{"href":"https:\/\/up.lublin.pl\/bip\/wp-json\/wp\/v2\/posts"}],"about":[{"href":"https:\/\/up.lublin.pl\/bip\/wp-json\/wp\/v2\/types\/post"}],"author":[{"embeddable":true,"href":"https:\/\/up.lublin.pl\/bip\/wp-json\/wp\/v2\/users\/2"}],"replies":[{"embeddable":true,"href":"https:\/\/up.lublin.pl\/bip\/wp-json\/wp\/v2\/comments?post=88909"}],"version-history":[{"count":5,"href":"https:\/\/up.lublin.pl\/bip\/wp-json\/wp\/v2\/posts\/88909\/revisions"}],"predecessor-version":[{"id":88915,"href":"https:\/\/up.lublin.pl\/bip\/wp-json\/wp\/v2\/posts\/88909\/revisions\/88915"}],"wp:featuredmedia":[{"embeddable":true,"href":"https:\/\/up.lublin.pl\/bip\/wp-json\/wp\/v2\/media\/86305"}],"wp:attachment":[{"href":"https:\/\/up.lublin.pl\/bip\/wp-json\/wp\/v2\/media?parent=88909"}],"wp:term":[{"taxonomy":"category","embeddable":true,"href":"https:\/\/up.lublin.pl\/bip\/wp-json\/wp\/v2\/categories?post=88909"},{"taxonomy":"post_tag","embeddable":true,"href":"https:\/\/up.lublin.pl\/bip\/wp-json\/wp\/v2\/tags?post=88909"}],"curies":[{"name":"wp","href":"https:\/\/api.w.org\/{rel}","templated":true}]}}