{"id":88508,"date":"2024-01-22T11:40:24","date_gmt":"2024-01-22T10:40:24","guid":{"rendered":"https:\/\/up.lublin.pl\/bip\/?p=88508"},"modified":"2024-02-29T14:19:50","modified_gmt":"2024-02-29T13:19:50","slug":"pierwszy-pisemny-przetarg-nieograniczony-na-sprzedaz-dzialki-gruntu-nr-1-172-zlokalizowanej-w-lublinie-w-dzielnicy-felin-stanowiacej-wlasnosc-uniwersytetu-przyrodniczego-w-lublinie","status":"publish","type":"post","link":"https:\/\/up.lublin.pl\/bip\/pierwszy-pisemny-przetarg-nieograniczony-na-sprzedaz-dzialki-gruntu-nr-1-172-zlokalizowanej-w-lublinie-w-dzielnicy-felin-stanowiacej-wlasnosc-uniwersytetu-przyrodniczego-w-lublinie\/","title":{"rendered":"Pierwszy pisemny przetarg nieograniczony na sprzeda\u017c dzia\u0142ki gruntu nr 1\/172 zlokalizowanej w Lublinie w dzielnicy Felin, stanowi\u0105cej w\u0142asno\u015b\u0107 Uniwersytetu Przyrodniczego w Lublinie"},"content":{"rendered":"\t\t<div data-elementor-type=\"wp-post\" data-elementor-id=\"88508\" class=\"elementor elementor-88508\" data-elementor-settings=\"[]\">\n\t\t\t\t\t\t<div class=\"elementor-inner\">\n\t\t\t\t\t\t\t<div class=\"elementor-section-wrap\">\n\t\t\t\t\t\t\t<section class=\"elementor-section elementor-top-section elementor-element elementor-element-1baa6a0 elementor-section-boxed elementor-section-height-default elementor-section-height-default\" data-id=\"1baa6a0\" data-element_type=\"section\">\n\t\t\t\t\t\t<div class=\"elementor-container elementor-column-gap-default\">\n\t\t\t\t\t\t\t<div class=\"elementor-row\">\n\t\t\t\t\t<div class=\"elementor-column elementor-col-100 elementor-top-column elementor-element elementor-element-184e44a\" data-id=\"184e44a\" data-element_type=\"column\">\n\t\t\t<div class=\"elementor-column-wrap elementor-element-populated\">\n\t\t\t\t\t\t\t<div class=\"elementor-widget-wrap\">\n\t\t\t\t\t\t<div class=\"elementor-element elementor-element-e31a6a9 elementor-widget elementor-widget-m5c\" data-id=\"e31a6a9\" data-element_type=\"widget\" data-widget_type=\"m5c.default\">\n\t\t\t\t<div class=\"elementor-widget-container\">\n\t\t\t<section class=\"mn-m5-c mn-m5-d2 mn-bg-white\">\n\t<div class=\"mn-grid\">\n\t\t\t\t<div class=\"mn-content mn-grid-9\">\n\t\t\t                <div class=\"mn-content-block active\">\n\t                                                        <div class=\"block-text\">\n\t                                        <p style=\"text-align: center;\"><strong>Uniwersytet Przyrodniczy w&nbsp;Lublinie <br \/><\/strong><strong>og\u0142asza<br \/><\/strong><strong>pierwszy pisemny przetarg nieograniczony<br \/><\/strong><strong>na sprzeda\u017c dzia\u0142ki gruntu nr 1\/172 zlokalizowanej w&nbsp;Lublinie w&nbsp;dzielnicy Felin, stanowi\u0105cej w\u0142asno\u015b\u0107 Uniwersytetu Przyrodniczego w&nbsp;Lublinie<\/strong><\/p>\n<p><strong>Przedmiotem przetargu<\/strong> jest sprzeda\u017c niezabudowanej dzia\u0142ki gruntu o&nbsp;numerze ewidencyjnym 1\/172 po\u0142o\u017conej w&nbsp;Lublinie przy ul. Braci Krausse w&nbsp;obr\u0119bie ewidencyjnym 12- Felin , ark. 3.<\/p>\n<p><strong>Charakterystyka przedmiotu przetargu: <\/strong>Dzia\u0142ka 1\/172 o&nbsp;powierzchni 1,4581 ha po\u0142o\u017cona jest bezpo\u015brednio przy ul. Braci Krausse pomi\u0119dzy rondami i&nbsp;dochodz\u0105cymi do nich ulicami Ludwika Spiessa i&nbsp;Vetter\u00f3w w&nbsp;pobli\u017cu Specjalnej Strefy Ekonomicznej Euro Park Mielec-Podstrefa Lublin. Specjalna Strefa Ekonomiczna nie obejmuje oferowanego terenu. Obecnie dzia\u0142ka \u00a0u\u017cytkowana jest rolniczo jako pole uprawne. Posiada regularny kszta\u0142t prostok\u0105ta. Teren p\u0142aski z&nbsp;minimalnym spadkiem w&nbsp;kierunku p\u00f3\u0142nocno-zachodnim. Dzia\u0142ka nie jest ogrodzona, nie posiada przy\u0142\u0105czy medi\u00f3w. Wzd\u0142u\u017c ulicy Braci Krausse przebiegaj\u0105 nast\u0119puj\u0105ce sieci: wodoci\u0105gowa, gazowa, elektroenergetyczna, kanalizacji, telekomunikacyjna.<\/p>\n<p>Prawo w\u0142asno\u015bci Uniwersytetu Przyrodniczego w&nbsp;Lublinie do oferowanego gruntu uregulowane jest w&nbsp;ksi\u0119dze wieczystej nr KW LU1I\/00115491\/5 prowadzonej przez S\u0105d Rejonowy Lublin-Wsch\u00f3d w&nbsp;Lublinie z&nbsp;siedzib\u0105 w&nbsp;\u015awidniku, V&nbsp;Wydzia\u0142 Ksi\u0105g Wieczystych.<\/p>\n<p>Przedmiotowa dzia\u0142ka gruntu jest obj\u0119ta dzia\u0142aniem miejscowego planu zagospodarowania przestrzennego,na podstawie Uchwa\u0142y nr 954\/XXX\/2021 Rady Miasta Lublin z&nbsp;dnia 25 czerwca 2021 r. w&nbsp;sprawie uchwalenia zmiany miejscowego planu zagospodarowania przestrzennego miasta Lublin \u2013 cz\u0119\u015b\u0107 IVA w&nbsp;rejonie Specjalnej Strefy Ekonomicznej , dzia\u0142ka 1\/172 posiada oznaczenie 9U\/P- Tereny Zabudowy Us\u0142ugowej\/Tereny Obiekt\u00f3w Produkcyjnych, Sk\u0142ad\u00f3w i&nbsp;Magazyn\u00f3w, pod lokalizacje funkcji o&nbsp;uci\u0105\u017cliwo\u015bci niestwarzaj\u0105cej zagro\u017ce\u0144 dla istniej\u0105cej w&nbsp;s\u0105siedztwie zabudowy mieszkaniowej.<\/p>\n<p><strong>Cena wywo\u0142awcza netto wynosi<\/strong> 7 000 000 z\u0142. (s\u0142ownie siedem milion\u00f3w PLN).<\/p>\n<p><strong>Wymagane wadium<\/strong>\u00a0 w&nbsp;wysoko\u015bci 700\u00a0000 z\u0142 (s\u0142ownie siedemset tysi\u0119cy PLN).<\/p>\n<p>Warunkiem przyst\u0105pienia do przetargu jest:<\/p>\n<ul>\n<li>z\u0142o\u017cenie w&nbsp;wyznaczonym terminie oferty wraz z&nbsp;koniecznymi dokumentami i&nbsp;dowodem wp\u0142aty wadium,<\/li>\n<li>wniesienie wadium na konto Uniwersytetu Przyrodniczego w&nbsp;Lublinie prowadzone przez Bank PEKAO SA nr 69 1240 5497 1111 0000 5007 1353. W&nbsp;tytule wp\u0142aty nale\u017cy dopisa\u0107, czego dotyczy wadium.<\/li>\n<\/ul>\n<p>Warunek wniesienia wadium b\u0119dzie spe\u0142niony w\u00f3wczas, gdy \u015brodki pieni\u0119\u017cne znajd\u0105 si\u0119 na rachunku jak wy\u017cej do ko\u0144ca dnia poprzedzaj\u0105cego termin otwarcia ofert.<\/p>\n<p>Wadium wp\u0142acone przez oferenta, kt\u00f3ry przetarg wygra\u0142 zalicza si\u0119 na poczet ceny nabycia. Pozosta\u0142ym uczestnikom przetargu wadium zwraca si\u0119 niezw\u0142ocznie po rozstrzygni\u0119ciu przetargu. Wadium ulega przepadkowi na rzecz uczelni w&nbsp;razie cofni\u0119cia oferty lub jej zmiany po up\u0142ywie terminu do sk\u0142adania ofert lub po rozpocz\u0119ciu przetargu, a&nbsp;tak\u017ce je\u017celi osoba, kt\u00f3ra wygra\u0142a przetarg uchyla si\u0119 od zawarcia umowy w&nbsp;wyznaczonym terminie lub gdy zawarcie umowy stanie si\u0119 niemo\u017cliwe <br \/>z przyczyn le\u017c\u0105cych po stronie wybranego oferenta.<\/p>\n<p><strong>Zastrze\u017cenia:<\/strong><\/p>\n<ol>\n<li>Sprzeda\u017c mo\u017ce nast\u0105pi\u0107 po wcze\u015bniejszym uzyskaniu przez uczelni\u0119 zgody Prokuratorii Generalnej Rzeczypospolitej Polskiej.<\/li>\n<li>Gminie Lublin przys\u0142uguje prawo pierwokupu do przedmiotowych grunt\u00f3w, na podst. Art. 109 ust.1, Ustawy o&nbsp;gospodarce nieruchomo\u015bciami z&nbsp;dnia 21 sierpnia 1997 r., t. j. Dz.U. z&nbsp;2021 r. poz.1899).<\/li>\n<\/ol>\n<p><strong>Pozosta\u0142e warunki:<\/strong><\/p>\n<p><strong>Ofert\u0119 w&nbsp;zamkni\u0119tej kopercie z&nbsp;napisem \u201ePrzetarg \u2013 dz. 1\/<\/strong><strong>172 Lublin, ul. Braci Krausse\u201d <\/strong>z podanym terminem przetargu oraz w&nbsp;wewn\u0119trznej kopercie nale\u017cy sk\u0142ada\u0107 w&nbsp;nieprzekraczalnym terminie <strong>do dnia 26.02.2024 r. do godz. 14:00 <\/strong>w sekretariacie Uczelni ul. Akademicka 13 w&nbsp;Lublinie (budynek Rektoratu) I&nbsp;p. pok.261 lub przes\u0142a\u0107 na adres: Uniwersytet Przyrodniczy w&nbsp;Lublinie ul. Akademicka 13, 20-950 Lublin.<\/p>\n<p>Tre\u015b\u0107 i&nbsp;warunki formalne, jakie powinna spe\u0142nia\u0107 oferta oraz spos\u00f3b sk\u0142adania ofert zawarte s\u0105 w&nbsp;regulaminie przetargu umieszczonym wraz z&nbsp;og\u0142oszeniem o&nbsp;przetargu na stronie Uniwersytetu <a href=\"http:\/\/www.up.lublin.pl\">www.up.lublin.pl<\/a>.<\/p>\n<p>Cz\u0119\u015b\u0107 jawna przetargu odb\u0119dzie si\u0119 w&nbsp;budynku Rektoratu Uniwersytetu Przyrodniczego w&nbsp;Lublinie przy ul. Akademickiej 13, Sala kolegialna, I&nbsp;pi\u0119tro <strong>w dniu 27.02.2024<\/strong><strong> r., godz. 10.00.<\/strong><\/p>\n<p>Osoby bior\u0105ce udzia\u0142 w&nbsp;cz\u0119\u015bci jawnej przetargu powinny posiada\u0107 dokumenty potwierdzaj\u0105ce ich to\u017csamo\u015b\u0107. O&nbsp;wynikach przetargu Uniwersytet powiadomi oferent\u00f3w na pi\u015bmie w&nbsp;terminie <strong>nie d\u0142u\u017cszym ni\u017c 7 dni <\/strong>od daty zamkni\u0119cia przetargu.<\/p>\n<p>Z nieruchomo\u015bci\u0105 b\u0119d\u0105c\u0105 przedmiotem przetargu mo\u017cna si\u0119 zapozna\u0107 po uprzednim telefonicznym uzgodnieniu z&nbsp;kierownikiem Dzia\u0142u Administracyjno-Gospodarczego UP w&nbsp;Lublinie. Szczeg\u00f3\u0142owy opis nieruchomo\u015bci zawiera operat szacunkowy do wgl\u0105du w&nbsp;Dziale Administracyjno-Gospodarczym UP <br \/>w Lublinie.<\/p>\n<p>Informacji o&nbsp;przetargu i&nbsp;jego warunkach udziela kierownik Dzia\u0142u Administracyjno-Gospodarczego UP w&nbsp;Lublinie tel. (81) 445 60 60, lub kom.608\u00a0315 926 w&nbsp;godz. 8-14.00.<\/p>\n<p>Uniwersytet zastrzega sobie prawo zmiany warunk\u00f3w przetargu oraz tre\u015bci og\u0142oszenia, swobodnego wyboru ofert, przeprowadzenia dodatkowych negocjacji z&nbsp;wybranym oferentem, odwo\u0142ania przetargu, zamkni\u0119cia przetargu bez wybrania kt\u00f3rejkolwiek z&nbsp;ofert, odst\u0105pienia od przetargu lub jego uniewa\u017cnienia bez podania przyczyn na ka\u017cdym etapie post\u0119powania przetargowego.<\/p>\n                                        <\/div>\n\t\t\t\t\t\t                                                        <div class=\"mn-cards-list\">\n                                            <div class=\"mn-card-container\">\n                                                <div>\n                                                    <img src=\"https:\/\/up.lublin.pl\/bip\/wp-content\/themes\/up-lublin\/assets\/images\/doc-ico.svg\" alt=\"\" \/>\n                                                    <h5>Regulamin sprzeda\u017cy (.pdf)<\/h5>\n                                                <\/div>\n                                                <a href=\"https:\/\/up.lublin.pl\/bip\/wp-content\/uploads\/sites\/9\/2024\/01\/Regulamin-sprzedazy-dzialka-1-172-Braci-Krausse-Lublin.pdf\" class=\"mn-more\" target=\"_blank\">Zobacz<\/a>\n                                            <\/div>\n                                        <\/div>\n\t\t\t\t\t\t                                                        <div class=\"mn-cards-list\">\n                                            <div class=\"mn-card-container\">\n                                                <div>\n                                                    <img src=\"https:\/\/up.lublin.pl\/bip\/wp-content\/themes\/up-lublin\/assets\/images\/doc-ico.svg\" alt=\"\" \/>\n                                                    <h5>Informacja o&nbsp;rozstrzygni\u0119ciu przetargu<\/h5>\n                                                <\/div>\n                                                <a href=\"https:\/\/up.lublin.pl\/bip\/wp-content\/uploads\/sites\/9\/2024\/02\/Informacja-o-rozstrzygnieciu-przetargu-28.02.2024.pdf\" class=\"mn-more\" target=\"_blank\">Zobacz<\/a>\n                                            <\/div>\n                                        <\/div>\n\t\t\t\t\t\t                                <\/div>\n\t\t\t\t                <div class=\"mn-content-block\">\n\t                                <\/div>\n\t\t\t\t                <div class=\"mn-content-block\">\n\t                                <\/div>\n\t\t\t\t                <div class=\"mn-content-block\">\n\t                                <\/div>\n\t\t\t\t                <div class=\"mn-content-block\">\n\t                                <\/div>\n\t\t\t\t                <div class=\"mn-content-block\">\n\t                                <\/div>\n\t\t\t\t                <div class=\"mn-content-block\">\n\t                                <\/div>\n\t\t\t\t                <div class=\"mn-content-block\">\n\t                                <\/div>\n\t\t\t\t                <div class=\"mn-content-block\">\n\t                                <\/div>\n\t\t\t\t                <div class=\"mn-content-block\">\n\t                                <\/div>\n\t\t\t\t                <div class=\"mn-content-block\">\n\t                                <\/div>\n\t\t\t\t                <div class=\"mn-content-block\">\n\t                                <\/div>\n\t\t\t\t                <div class=\"mn-content-block\">\n\t                                <\/div>\n\t\t\t\t                <div class=\"mn-content-block\">\n\t                                <\/div>\n\t\t\t\t                <div class=\"mn-content-block\">\n\t                                <\/div>\n\t\t\t\t                <div class=\"mn-content-block\">\n\t                                <\/div>\n\t\t\t\t                <div class=\"mn-content-block\">\n\t                                <\/div>\n\t\t\t\t                <div class=\"mn-content-block\">\n\t                                <\/div>\n\t\t\t\t                <div class=\"mn-content-block\">\n\t                                <\/div>\n\t\t\t\t                <div class=\"mn-content-block\">\n\t                                <\/div>\n\t\t\t\t\t\t<\/div>\n\t<\/div>\n<\/section>\n\t\t<\/div>\n\t\t\t\t<\/div>\n\t\t\t\t\t\t<\/div>\n\t\t\t\t\t<\/div>\n\t\t<\/div>\n\t\t\t\t\t\t\t\t<\/div>\n\t\t\t\t\t<\/div>\n\t\t<\/section>\n\t\t\t\t\t\t<\/div>\n\t\t\t\t\t\t<\/div>\n\t\t\t\t\t<\/div>\n\t\t","protected":false},"excerpt":{"rendered":"<p>Uniwersytet Przyrodniczy w&nbsp;Lublinie og\u0142aszapierwszy pisemny przetarg nieograniczonyna sprzeda\u017c dzia\u0142ki gruntu nr 1\/172 zlokalizowanej w&nbsp;Lublinie w&nbsp;dzielnicy Felin, stanowi\u0105cej w\u0142asno\u015b\u0107 Uniwersytetu Przyrodniczego w&nbsp;Lublinie Przedmiotem przetargu jest sprzeda\u017c niezabudowanej dzia\u0142ki gruntu o&nbsp;numerze ewidencyjnym 1\/172 po\u0142o\u017conej w&nbsp;Lublinie przy ul. Braci Krausse w&nbsp;obr\u0119bie ewidencyjnym 12- Felin , ark. 3. Charakterystyka przedmiotu przetargu: Dzia\u0142ka 1\/172 o&nbsp;powierzchni 1,4581 ha po\u0142o\u017cona jest bezpo\u015brednio [&hellip;]<\/p>\n","protected":false},"author":2,"featured_media":86305,"comment_status":"closed","ping_status":"closed","sticky":false,"template":"elementor_header_footer","format":"standard","meta":{"_monsterinsights_skip_tracking":false,"_monsterinsights_sitenote_active":false,"_monsterinsights_sitenote_note":"","_monsterinsights_sitenote_category":0},"categories":[95],"tags":[],"_links":{"self":[{"href":"https:\/\/up.lublin.pl\/bip\/wp-json\/wp\/v2\/posts\/88508"}],"collection":[{"href":"https:\/\/up.lublin.pl\/bip\/wp-json\/wp\/v2\/posts"}],"about":[{"href":"https:\/\/up.lublin.pl\/bip\/wp-json\/wp\/v2\/types\/post"}],"author":[{"embeddable":true,"href":"https:\/\/up.lublin.pl\/bip\/wp-json\/wp\/v2\/users\/2"}],"replies":[{"embeddable":true,"href":"https:\/\/up.lublin.pl\/bip\/wp-json\/wp\/v2\/comments?post=88508"}],"version-history":[{"count":13,"href":"https:\/\/up.lublin.pl\/bip\/wp-json\/wp\/v2\/posts\/88508\/revisions"}],"predecessor-version":[{"id":88744,"href":"https:\/\/up.lublin.pl\/bip\/wp-json\/wp\/v2\/posts\/88508\/revisions\/88744"}],"wp:featuredmedia":[{"embeddable":true,"href":"https:\/\/up.lublin.pl\/bip\/wp-json\/wp\/v2\/media\/86305"}],"wp:attachment":[{"href":"https:\/\/up.lublin.pl\/bip\/wp-json\/wp\/v2\/media?parent=88508"}],"wp:term":[{"taxonomy":"category","embeddable":true,"href":"https:\/\/up.lublin.pl\/bip\/wp-json\/wp\/v2\/categories?post=88508"},{"taxonomy":"post_tag","embeddable":true,"href":"https:\/\/up.lublin.pl\/bip\/wp-json\/wp\/v2\/tags?post=88508"}],"curies":[{"name":"wp","href":"https:\/\/api.w.org\/{rel}","templated":true}]}}