{"id":87477,"date":"2023-06-06T14:02:05","date_gmt":"2023-06-06T12:02:05","guid":{"rendered":"https:\/\/up.lublin.pl\/bip\/?p=87477"},"modified":"2024-09-05T09:04:00","modified_gmt":"2024-09-05T07:04:00","slug":"ogloszenie-o-otwartym-naborze-partnera-do-projektu-fers","status":"publish","type":"post","link":"https:\/\/up.lublin.pl\/bip\/ogloszenie-o-otwartym-naborze-partnera-do-projektu-fers\/","title":{"rendered":"Og\u0142oszenie o otwartym naborze partnera do projektu FERS"},"content":{"rendered":"\t\t<div data-elementor-type=\"wp-post\" data-elementor-id=\"87477\" class=\"elementor elementor-87477\" data-elementor-settings=\"[]\">\n\t\t\t\t\t\t<div class=\"elementor-inner\">\n\t\t\t\t\t\t\t<div class=\"elementor-section-wrap\">\n\t\t\t\t\t\t\t<section class=\"elementor-section elementor-top-section elementor-element elementor-element-b53f748 elementor-section-boxed elementor-section-height-default elementor-section-height-default\" data-id=\"b53f748\" data-element_type=\"section\">\n\t\t\t\t\t\t<div class=\"elementor-container elementor-column-gap-default\">\n\t\t\t\t\t\t\t<div class=\"elementor-row\">\n\t\t\t\t\t<div class=\"elementor-column elementor-col-100 elementor-top-column elementor-element elementor-element-02e245b\" data-id=\"02e245b\" data-element_type=\"column\">\n\t\t\t<div class=\"elementor-column-wrap elementor-element-populated\">\n\t\t\t\t\t\t\t<div class=\"elementor-widget-wrap\">\n\t\t\t\t\t\t<div class=\"elementor-element elementor-element-05ada89 elementor-widget elementor-widget-m5c\" data-id=\"05ada89\" data-element_type=\"widget\" data-widget_type=\"m5c.default\">\n\t\t\t\t<div class=\"elementor-widget-container\">\n\t\t\t<section class=\"mn-m5-c mn-m5-d2 mn-bg-white\">\n\t<div class=\"mn-grid\">\n\t\t\t\t<div class=\"mn-content mn-grid-9\">\n\t\t\t                <div class=\"mn-content-block active\">\n\t                                                        <div class=\"block-text\">\n\t                                        <p>Uniwersytet Przyrodniczy w&nbsp;Lublinie, jako wnioskodawca projektu zaplanowanego do realizacji w&nbsp;ramach Programu Fundusze Europejskie dla Rozwoju Spo\u0142ecznego 2021-2027,\u00a0 Priorytet FERS.01 Umiej\u0119tno\u015bci, Dzia\u0142anie 01.05 Umiej\u0119tno\u015bci w&nbsp;szkolnictwie wy\u017cszym, zgodnie\u00a0 z&nbsp;art. 39 ustawy z&nbsp;dnia 28 kwietnia 2022 r. o&nbsp;zasadach realizacji zada\u0144 finansowanych ze \u015brodk\u00f3w europejskich w&nbsp;perspektywie finansowej 2021\u2013 2027 (Dz. U. z&nbsp;2022 roku poz.1079), og\u0142asza otwarty nab\u00f3r na Partnera w&nbsp;celu wsp\u00f3lnej realizacji projektu z&nbsp;zakresu \u201eKszta\u0142cenie na potrzeby bran\u017c kluczowych- energetyka odnawialna\u201d.<\/p>\n                                        <\/div>\n\t\t\t\t\t\t                                                        <div class=\"mn-cards-list\">\n                                            <div class=\"mn-card-container\">\n                                                <div>\n                                                    <img src=\"https:\/\/up.lublin.pl\/bip\/wp-content\/themes\/up-lublin\/assets\/images\/doc-ico.svg\" alt=\"\" \/>\n                                                    <h5>ZA\u0141\u0104CZNIK NR 1- FORMULARZ ZG\u0141OSZENIA PARTNERA (.docx \/ 13 kB)<\/h5>\n                                                <\/div>\n                                                <a href=\"https:\/\/up.lublin.pl\/bip\/wp-content\/uploads\/sites\/9\/2023\/06\/Zal_1_formularz_zgloszeniowy-UPL.docx\" class=\"mn-more\" target=\"_blank\">Zobacz<\/a>\n                                            <\/div>\n                                        <\/div>\n\t\t\t\t\t\t                                                        <div class=\"mn-cards-list\">\n                                            <div class=\"mn-card-container\">\n                                                <div>\n                                                    <img src=\"https:\/\/up.lublin.pl\/bip\/wp-content\/themes\/up-lublin\/assets\/images\/doc-ico.svg\" alt=\"\" \/>\n                                                    <h5>ZA\u0141\u0104CZNIK NR 2 - PE\u0141NA TRE\u015a\u0106 OG\u0141OSZENIA (.pdf \/ 2 MB)<\/h5>\n                                                <\/div>\n                                                <a href=\"https:\/\/up.lublin.pl\/bip\/wp-content\/uploads\/sites\/9\/2023\/06\/SCAN0216.pdf\" class=\"mn-more\" target=\"_blank\">Zobacz<\/a>\n                                            <\/div>\n                                        <\/div>\n\t\t\t\t\t\t                                                        <div class=\"mn-cards-list\">\n                                            <div class=\"mn-card-container\">\n                                                <div>\n                                                    <img src=\"https:\/\/up.lublin.pl\/bip\/wp-content\/themes\/up-lublin\/assets\/images\/doc-ico.svg\" alt=\"\" \/>\n                                                    <h5>07.07.2023    Zawiadomienie o&nbsp;wyborze partnera (.PDF \/ 87 KB)<\/h5>\n                                                <\/div>\n                                                <a href=\"https:\/\/up.lublin.pl\/bip\/wp-content\/uploads\/sites\/9\/2023\/07\/zawiadomienie-o-wyborze-oferenta.pdf\" class=\"mn-more\" target=\"_blank\">Zobacz<\/a>\n                                            <\/div>\n                                        <\/div>\n\t\t\t\t\t\t                                <\/div>\n\t\t\t\t                <div class=\"mn-content-block\">\n\t                                <\/div>\n\t\t\t\t                <div class=\"mn-content-block\">\n\t                                <\/div>\n\t\t\t\t                <div class=\"mn-content-block\">\n\t                                <\/div>\n\t\t\t\t                <div class=\"mn-content-block\">\n\t                                <\/div>\n\t\t\t\t                <div class=\"mn-content-block\">\n\t                                <\/div>\n\t\t\t\t                <div class=\"mn-content-block\">\n\t                                <\/div>\n\t\t\t\t                <div class=\"mn-content-block\">\n\t                                <\/div>\n\t\t\t\t                <div class=\"mn-content-block\">\n\t                                <\/div>\n\t\t\t\t                <div class=\"mn-content-block\">\n\t                                <\/div>\n\t\t\t\t                <div class=\"mn-content-block\">\n\t                                <\/div>\n\t\t\t\t                <div class=\"mn-content-block\">\n\t                                <\/div>\n\t\t\t\t                <div class=\"mn-content-block\">\n\t                                <\/div>\n\t\t\t\t                <div class=\"mn-content-block\">\n\t                                <\/div>\n\t\t\t\t                <div class=\"mn-content-block\">\n\t                                <\/div>\n\t\t\t\t                <div class=\"mn-content-block\">\n\t                                <\/div>\n\t\t\t\t                <div class=\"mn-content-block\">\n\t                                <\/div>\n\t\t\t\t                <div class=\"mn-content-block\">\n\t                                <\/div>\n\t\t\t\t                <div class=\"mn-content-block\">\n\t                                <\/div>\n\t\t\t\t                <div class=\"mn-content-block\">\n\t                                <\/div>\n\t\t\t\t\t\t<\/div>\n\t<\/div>\n<\/section>\n\t\t<\/div>\n\t\t\t\t<\/div>\n\t\t\t\t\t\t<\/div>\n\t\t\t\t\t<\/div>\n\t\t<\/div>\n\t\t\t\t\t\t\t\t<\/div>\n\t\t\t\t\t<\/div>\n\t\t<\/section>\n\t\t\t\t\t\t<\/div>\n\t\t\t\t\t\t<\/div>\n\t\t\t\t\t<\/div>\n\t\t","protected":false},"excerpt":{"rendered":"<p>Uniwersytet Przyrodniczy w\u00a0Lublinie, jako wnioskodawca projektu zaplanowanego do realizacji w\u00a0ramach Programu Fundusze Europejskie dla Rozwoju Spo\u0142ecznego 2021-2027,\u00a0 Priorytet FERS.01 Umiej\u0119tno\u015bci, Dzia\u0142anie 01.05 Umiej\u0119tno\u015bci w\u00a0szkolnictwie wy\u017cszym, zgodnie\u00a0 z\u00a0art. 39 ustawy z\u00a0dnia 28 kwietnia 2022 r. o\u00a0zasadach realizacji zada\u0144 finansowanych ze \u015brodk\u00f3w europejskich w\u00a0perspektywie finansowej 2021\u2013 2027 (Dz. U. z\u00a02022 roku poz.1079), og\u0142asza otwarty nab\u00f3r na Partnera [&hellip;]<\/p>\n","protected":false},"author":2,"featured_media":86426,"comment_status":"closed","ping_status":"closed","sticky":false,"template":"elementor_header_footer","format":"standard","meta":{"_monsterinsights_skip_tracking":false,"_monsterinsights_sitenote_active":false,"_monsterinsights_sitenote_note":"","_monsterinsights_sitenote_category":0},"categories":[95],"tags":[],"_links":{"self":[{"href":"https:\/\/up.lublin.pl\/bip\/wp-json\/wp\/v2\/posts\/87477"}],"collection":[{"href":"https:\/\/up.lublin.pl\/bip\/wp-json\/wp\/v2\/posts"}],"about":[{"href":"https:\/\/up.lublin.pl\/bip\/wp-json\/wp\/v2\/types\/post"}],"author":[{"embeddable":true,"href":"https:\/\/up.lublin.pl\/bip\/wp-json\/wp\/v2\/users\/2"}],"replies":[{"embeddable":true,"href":"https:\/\/up.lublin.pl\/bip\/wp-json\/wp\/v2\/comments?post=87477"}],"version-history":[{"count":14,"href":"https:\/\/up.lublin.pl\/bip\/wp-json\/wp\/v2\/posts\/87477\/revisions"}],"predecessor-version":[{"id":89706,"href":"https:\/\/up.lublin.pl\/bip\/wp-json\/wp\/v2\/posts\/87477\/revisions\/89706"}],"wp:featuredmedia":[{"embeddable":true,"href":"https:\/\/up.lublin.pl\/bip\/wp-json\/wp\/v2\/media\/86426"}],"wp:attachment":[{"href":"https:\/\/up.lublin.pl\/bip\/wp-json\/wp\/v2\/media?parent=87477"}],"wp:term":[{"taxonomy":"category","embeddable":true,"href":"https:\/\/up.lublin.pl\/bip\/wp-json\/wp\/v2\/categories?post=87477"},{"taxonomy":"post_tag","embeddable":true,"href":"https:\/\/up.lublin.pl\/bip\/wp-json\/wp\/v2\/tags?post=87477"}],"curies":[{"name":"wp","href":"https:\/\/api.w.org\/{rel}","templated":true}]}}