{"id":86707,"date":"2023-02-20T13:02:48","date_gmt":"2023-02-20T12:02:48","guid":{"rendered":"https:\/\/up.lublin.pl\/bip\/?p=86707"},"modified":"2023-02-28T10:14:45","modified_gmt":"2023-02-28T09:14:45","slug":"przetarg-ofertowy-na-wynajem-powierzchni-uzytkowej-zlokalizowanej-w-lublinie-przy-ul-glebokiej-31","status":"publish","type":"post","link":"https:\/\/up.lublin.pl\/bip\/przetarg-ofertowy-na-wynajem-powierzchni-uzytkowej-zlokalizowanej-w-lublinie-przy-ul-glebokiej-31\/","title":{"rendered":"Przetarg ofertowy na wynajem powierzchni u\u017cytkowej zlokalizowanej w Lublinie przy ul. G\u0142\u0119bokiej 31"},"content":{"rendered":"\t\t<div data-elementor-type=\"wp-post\" data-elementor-id=\"86707\" class=\"elementor elementor-86707\" data-elementor-settings=\"[]\">\n\t\t\t\t\t\t<div class=\"elementor-inner\">\n\t\t\t\t\t\t\t<div class=\"elementor-section-wrap\">\n\t\t\t\t\t\t\t<section class=\"elementor-section elementor-top-section elementor-element elementor-element-49ee533 elementor-section-boxed elementor-section-height-default elementor-section-height-default\" data-id=\"49ee533\" data-element_type=\"section\">\n\t\t\t\t\t\t<div class=\"elementor-container elementor-column-gap-default\">\n\t\t\t\t\t\t\t<div class=\"elementor-row\">\n\t\t\t\t\t<div class=\"elementor-column elementor-col-100 elementor-top-column elementor-element elementor-element-3fc67b0\" data-id=\"3fc67b0\" data-element_type=\"column\">\n\t\t\t<div class=\"elementor-column-wrap elementor-element-populated\">\n\t\t\t\t\t\t\t<div class=\"elementor-widget-wrap\">\n\t\t\t\t\t\t<div class=\"elementor-element elementor-element-5c2148f elementor-widget elementor-widget-m5c\" data-id=\"5c2148f\" data-element_type=\"widget\" data-widget_type=\"m5c.default\">\n\t\t\t\t<div class=\"elementor-widget-container\">\n\t\t\t<section class=\"mn-m5-c mn-m5-d2 mn-bg-white\">\n\t<div class=\"mn-grid\">\n\t\t\t\t<div class=\"mn-content mn-grid-9\">\n\t\t\t                <div class=\"mn-content-block active\">\n\t                                                        <div class=\"block-text\">\n\t                                        <p style=\"text-align: center;\"><strong>Uniwersytet Przyrodniczy w&nbsp;Lublinie <\/strong><br \/><strong>og\u0142asza przetarg ofertowy na wynajem powierzchni u\u017cytkowej <\/strong><br \/><strong>zlokalizowanej w&nbsp;Lublinie przy ul. G\u0142\u0119bokiej 31<\/strong><\/p>\n<p>Przedmiotem post\u0119powania jest najem pomieszcze\u0144 biurowych o&nbsp;powierzchni 75 m\u00b2 zlokalizowanych na I\u00a0pi\u0119trze budynku b\u0119d\u0105cego w\u0142asno\u015bci\u0105 Uniwersytetu Przyrodniczego w&nbsp;Lublinie. Budynek, w&nbsp;kt\u00f3rym zlokalizowany jest przedmiot najmu, nie s\u0142u\u017cy celom dydaktycznym.<\/p>\n<p>Wysoko\u015b\u0107 minimalnego miesi\u0119cznego czynszu wynosi <strong>netto 2\u00a0200,00 z\u0142<\/strong> (s\u0142ownie z\u0142otych: dwa tysi\u0105ce dwie\u015bcie), kwota czynszu powi\u0119kszona b\u0119dzie o&nbsp;\u00a0podatek VAT w&nbsp;obowi\u0105zuj\u0105cej stawce<\/p>\n<p>Do czynszu zostanie doliczona op\u0142ata z&nbsp;tytu\u0142u podatku od nieruchomo\u015bci. Dodatkowo Wynajmuj\u0105cy b\u0119dzie pobiera\u0142 op\u0142aty za zu\u017cyt\u0105 energi\u0119 elektryczn\u0105 i&nbsp;ciepln\u0105.<\/p>\n<p>W ramach umowy Wynajmuj\u0105cy otrzymuje trzy miejsca parkingowe na zamkni\u0119tym parkingu przy ul. G\u0142\u0119bokiej 31.<\/p>\n<p>Przewidywany okres najmu: od dnia 1 marca 2023 r. do dnia 29 lutego 2024 r. tj. 12 miesi\u0119cy.<\/p>\n<p>Oferta powinna zawiera\u0107 oferowan\u0105 kwot\u0119 czynszu netto i&nbsp;brutto wraz z&nbsp;kopi\u0105 dokument\u00f3w rejestrowych firmy (NIP, Regon, wydruk z&nbsp;rejestru przedsi\u0119biorc\u00f3w).<\/p>\n<p>Informacj\u0119 na temat post\u0119powania mo\u017cna uzyska\u0107 w&nbsp;Dziale Administracyjno-Gospodarczym pod nurem tel. 81\u00a0445 66 37, 81\u00a0445 60 60.<\/p>\n<p><strong>Termin i&nbsp;miejsce sk\u0142adania ofert:<br \/><\/strong>Pisemne oferty zawieraj\u0105ce cen\u0119 oraz dane identyfikacyjne oferenta (Nazwa, adres siedziby, NIP, REGON) nale\u017cy sk\u0142ada\u0107 w&nbsp;zamkni\u0119tych kopertach z&nbsp;dopiskiem <strong>\u201eWynajem powierzchni biurowej przy ul. G\u0142\u0119bokiej 31\u201d<\/strong>\u00a0 <strong>do dnia 24 lutego 2023 r. do godz. 10<sup>00<\/sup><\/strong> osobi\u015bcie w&nbsp;sekretariacie Uczelni pok. 261 w&nbsp;budynku Rektoratu przy ul. Akademicka 13 w&nbsp;Lublinie lub przesy\u0142k\u0105 pocztow\u0105 na adres: Uniwersytet Przyrodniczy w&nbsp;Lublinie 20-950 Lublin ul. Akademicka 13 lub drog\u0105 elektroniczn\u0105 na adres: <a href=\"mailto:sekretariat.uczelni@up.lublin.pl\">sekretariat.uczelni@up.lublin.pl<\/a>. (w miar\u0119 mo\u017cliwo\u015bci prosimy o&nbsp;sk\u0142adanie ofert drog\u0105 elektroniczn\u0105).<\/p>\n<p>Otwarcie ofert nast\u0105pi dnia <strong>24 lutego 2023 r. o&nbsp;godzinie 10.15.<\/strong><\/p>\n<p><strong>Zastrze\u017cenia:<br \/><\/strong>Uniwersytet Przyrodniczy w&nbsp;Lublinie zastrzega sobie prawo odst\u0105pienia od post\u0119powania w&nbsp;ka\u017cdym czasie przed zawarciem umowy.<\/p>\n                                        <\/div>\n\t\t\t\t\t\t                                                        <div class=\"mn-cards-list\">\n                                            <div class=\"mn-card-container\">\n                                                <div>\n                                                    <img src=\"https:\/\/up.lublin.pl\/bip\/wp-content\/themes\/up-lublin\/assets\/images\/doc-ico.svg\" alt=\"\" \/>\n                                                    <h5>Umowa najmu - projekt (.doc \/ 57kB)<\/h5>\n                                                <\/div>\n                                                <a href=\"https:\/\/up.lublin.pl\/bip\/wp-content\/uploads\/sites\/9\/2023\/02\/umowa-najmu-Gleboka-31-projekt.doc\" class=\"mn-more\" target=\"_blank\">Zobacz<\/a>\n                                            <\/div>\n                                        <\/div>\n\t\t\t\t\t\t                                                        <div class=\"mn-cards-list\">\n                                            <div class=\"mn-card-container\">\n                                                <div>\n                                                    <img src=\"https:\/\/up.lublin.pl\/bip\/wp-content\/themes\/up-lublin\/assets\/images\/doc-ico.svg\" alt=\"\" \/>\n                                                    <h5>Informacja - rozstrzygni\u0119cie postpowania na wyb\u00f3r najemcy powierzchni w&nbsp;budynku przy ul. G\u0142ebokiej 31 (.pdf \/ 118 kB)<\/h5>\n                                                <\/div>\n                                                <a href=\"https:\/\/up.lublin.pl\/bip\/wp-content\/uploads\/sites\/9\/2023\/02\/IMG_0001.pdf\" class=\"mn-more\" target=\"_blank\">Zobacz<\/a>\n                                            <\/div>\n                                        <\/div>\n\t\t\t\t\t\t                                <\/div>\n\t\t\t\t                <div class=\"mn-content-block\">\n\t                                <\/div>\n\t\t\t\t                <div class=\"mn-content-block\">\n\t                                <\/div>\n\t\t\t\t                <div class=\"mn-content-block\">\n\t                                <\/div>\n\t\t\t\t                <div class=\"mn-content-block\">\n\t                                <\/div>\n\t\t\t\t                <div class=\"mn-content-block\">\n\t                                <\/div>\n\t\t\t\t                <div class=\"mn-content-block\">\n\t                                <\/div>\n\t\t\t\t                <div class=\"mn-content-block\">\n\t                                <\/div>\n\t\t\t\t                <div class=\"mn-content-block\">\n\t                                <\/div>\n\t\t\t\t                <div class=\"mn-content-block\">\n\t                                <\/div>\n\t\t\t\t                <div class=\"mn-content-block\">\n\t                                <\/div>\n\t\t\t\t                <div class=\"mn-content-block\">\n\t                                <\/div>\n\t\t\t\t                <div class=\"mn-content-block\">\n\t                                <\/div>\n\t\t\t\t                <div class=\"mn-content-block\">\n\t                                <\/div>\n\t\t\t\t                <div class=\"mn-content-block\">\n\t                                <\/div>\n\t\t\t\t                <div class=\"mn-content-block\">\n\t                                <\/div>\n\t\t\t\t                <div class=\"mn-content-block\">\n\t                                <\/div>\n\t\t\t\t                <div class=\"mn-content-block\">\n\t                                <\/div>\n\t\t\t\t                <div class=\"mn-content-block\">\n\t                                <\/div>\n\t\t\t\t                <div class=\"mn-content-block\">\n\t                                <\/div>\n\t\t\t\t\t\t<\/div>\n\t<\/div>\n<\/section>\n\t\t<\/div>\n\t\t\t\t<\/div>\n\t\t\t\t\t\t<\/div>\n\t\t\t\t\t<\/div>\n\t\t<\/div>\n\t\t\t\t\t\t\t\t<\/div>\n\t\t\t\t\t<\/div>\n\t\t<\/section>\n\t\t\t\t\t\t<\/div>\n\t\t\t\t\t\t<\/div>\n\t\t\t\t\t<\/div>\n\t\t","protected":false},"excerpt":{"rendered":"<p>Uniwersytet Przyrodniczy w&nbsp;Lublinie og\u0142asza przetarg ofertowy na wynajem powierzchni u\u017cytkowej zlokalizowanej w&nbsp;Lublinie przy ul. G\u0142\u0119bokiej 31 Przedmiotem post\u0119powania jest najem pomieszcze\u0144 biurowych o&nbsp;powierzchni 75 m\u00b2 zlokalizowanych na I\u00a0pi\u0119trze budynku b\u0119d\u0105cego w\u0142asno\u015bci\u0105 Uniwersytetu Przyrodniczego w&nbsp;Lublinie. Budynek, w&nbsp;kt\u00f3rym zlokalizowany jest przedmiot najmu, nie s\u0142u\u017cy celom dydaktycznym. Wysoko\u015b\u0107 minimalnego miesi\u0119cznego czynszu wynosi netto 2\u00a0200,00 z\u0142 (s\u0142ownie z\u0142otych: dwa [&hellip;]<\/p>\n","protected":false},"author":2,"featured_media":86305,"comment_status":"closed","ping_status":"closed","sticky":false,"template":"elementor_header_footer","format":"standard","meta":{"_monsterinsights_skip_tracking":false,"_monsterinsights_sitenote_active":false,"_monsterinsights_sitenote_note":"","_monsterinsights_sitenote_category":0},"categories":[95],"tags":[],"_links":{"self":[{"href":"https:\/\/up.lublin.pl\/bip\/wp-json\/wp\/v2\/posts\/86707"}],"collection":[{"href":"https:\/\/up.lublin.pl\/bip\/wp-json\/wp\/v2\/posts"}],"about":[{"href":"https:\/\/up.lublin.pl\/bip\/wp-json\/wp\/v2\/types\/post"}],"author":[{"embeddable":true,"href":"https:\/\/up.lublin.pl\/bip\/wp-json\/wp\/v2\/users\/2"}],"replies":[{"embeddable":true,"href":"https:\/\/up.lublin.pl\/bip\/wp-json\/wp\/v2\/comments?post=86707"}],"version-history":[{"count":7,"href":"https:\/\/up.lublin.pl\/bip\/wp-json\/wp\/v2\/posts\/86707\/revisions"}],"predecessor-version":[{"id":86752,"href":"https:\/\/up.lublin.pl\/bip\/wp-json\/wp\/v2\/posts\/86707\/revisions\/86752"}],"wp:featuredmedia":[{"embeddable":true,"href":"https:\/\/up.lublin.pl\/bip\/wp-json\/wp\/v2\/media\/86305"}],"wp:attachment":[{"href":"https:\/\/up.lublin.pl\/bip\/wp-json\/wp\/v2\/media?parent=86707"}],"wp:term":[{"taxonomy":"category","embeddable":true,"href":"https:\/\/up.lublin.pl\/bip\/wp-json\/wp\/v2\/categories?post=86707"},{"taxonomy":"post_tag","embeddable":true,"href":"https:\/\/up.lublin.pl\/bip\/wp-json\/wp\/v2\/tags?post=86707"}],"curies":[{"name":"wp","href":"https:\/\/api.w.org\/{rel}","templated":true}]}}