{"id":86361,"date":"2022-11-25T10:35:07","date_gmt":"2022-11-25T09:35:07","guid":{"rendered":"https:\/\/up.lublin.pl\/bip\/?p=86361"},"modified":"2023-01-17T12:00:24","modified_gmt":"2023-01-17T11:00:24","slug":"przetarg-szczebrzeska102-zamosc","status":"publish","type":"post","link":"https:\/\/up.lublin.pl\/bip\/przetarg-szczebrzeska102-zamosc\/","title":{"rendered":"I pisemny przetarg nieograniczony na sprzeda\u017c \u0142\u0105czn\u0105 prawa w\u0142asno\u015bci i prawa wieczystego u\u017cytkowania nieruchomo\u015bci UP w Lublinie po\u0142o\u017conych w Zamo\u015bciu przy ul. Szczebrzeskiej 102"},"content":{"rendered":"\t\t<div data-elementor-type=\"wp-post\" data-elementor-id=\"86361\" class=\"elementor elementor-86361\" data-elementor-settings=\"[]\">\n\t\t\t\t\t\t<div class=\"elementor-inner\">\n\t\t\t\t\t\t\t<div class=\"elementor-section-wrap\">\n\t\t\t\t\t\t\t<section class=\"elementor-section elementor-top-section elementor-element elementor-element-dcc241d elementor-section-boxed elementor-section-height-default elementor-section-height-default\" data-id=\"dcc241d\" data-element_type=\"section\">\n\t\t\t\t\t\t<div class=\"elementor-container elementor-column-gap-default\">\n\t\t\t\t\t\t\t<div class=\"elementor-row\">\n\t\t\t\t\t<div class=\"elementor-column elementor-col-100 elementor-top-column elementor-element elementor-element-1c30f95\" data-id=\"1c30f95\" data-element_type=\"column\">\n\t\t\t<div class=\"elementor-column-wrap elementor-element-populated\">\n\t\t\t\t\t\t\t<div class=\"elementor-widget-wrap\">\n\t\t\t\t\t\t<div class=\"elementor-element elementor-element-a6de613 elementor-widget elementor-widget-m5c\" data-id=\"a6de613\" data-element_type=\"widget\" data-widget_type=\"m5c.default\">\n\t\t\t\t<div class=\"elementor-widget-container\">\n\t\t\t<section class=\"mn-m5-c mn-m5-d2 mn-bg-white\">\n\t<div class=\"mn-grid\">\n\t\t\t\t<div class=\"mn-content mn-grid-9\">\n\t\t\t                <div class=\"mn-content-block active\">\n\t                                                        <div class=\"block-text\">\n\t                                        <p style=\"text-align: center;\">Uniwersytet Przyrodniczy w&nbsp;Lublinie<br \/><strong>og\u0142asza I&nbsp;pisemny przetarg nieograniczony<br \/><\/strong>na sprzeda\u017c \u0142\u0105czn\u0105 prawa w\u0142asno\u015bci i&nbsp;prawa wieczystego u\u017cytkowania nieruchomo\u015bci<br \/>Uniwersytetu Przyrodniczego w&nbsp;Lublinie po\u0142o\u017conych w&nbsp;Zamo\u015bciu przy ul. Szczebrzeskiej 102, obr.1 Miasto Zamo\u015b\u0107, gm. Miasto Zamo\u015b\u0107, woj. Lubelskie.<\/p>\n<p><strong>Przedmiot przetargu stanowi\u0105:<\/strong><\/p>\n<p><strong>I Prawo w\u0142asno\u015bci nieruchomo\u015bci gruntowej, w&nbsp;sk\u0142ad kt\u00f3rej wchodz\u0105 dzia\u0142ki gruntu o&nbsp;numerach: <\/strong><\/p>\n<ul>\n<li><strong>Dzia\u0142ka nr 14\/16<\/strong> o&nbsp;powierzchni 2973 m\u00b2, zabudowana budynkiem naukowo-dydaktycznym o&nbsp;powierzchni u\u017cytkowej 3115,08 m\u00b2 i&nbsp;kubaturze 13239 m\u00b3, budynek w&nbsp;zabudowie przyleg\u0142ej o&nbsp;zr\u00f3\u017cnicowanej ilo\u015bci kondygnacji, od 2 do 3 z&nbsp;poddaszem, cz\u0119\u015bciowo podpiwniczony,<\/li>\n<li><strong>Dzia\u0142ka nr 14\/14<\/strong> o&nbsp;powierzchni 541 m\u00b2 stanowi\u0105ca parking,<\/li>\n<li>Prawo w\u0142asno\u015bci ujawnione w&nbsp;ksi\u0119dze wieczystej KW NR ZA1Z\/00103418\/1.<\/li>\n<\/ul>\n<p><strong>II \u00bd Prawa wieczystego u\u017cytkowania gruntu \u2014 dzia\u0142ka<\/strong> <strong>nr 14\/15, <\/strong>o powierzchni 618m\u00b2, niezabudowana, aktualnie u\u017cytkowana jako droga. Grunt b\u0119d\u0105cy w&nbsp;udziale 1\/2 w&nbsp;u\u017cytkowaniu wieczystym Uniwersytetu Przyrodniczego w&nbsp;Lublinie do dn. 26.01.2092.<\/p>\n<ul>\n<li>Prawo ujawnione w&nbsp;KW NR ZA1Z\/00086966\/1.<\/li>\n<li>Ksi\u0119gi Wieczyste dla powy\u017cszych nieruchomo\u015bci prowadzi VI Wydzia\u0142 Ksi\u0105g Wieczystych w&nbsp;Zamo\u015bciu.<\/li>\n<li>Zgodne z&nbsp;Uchwa\u0142\u0105 Rady Miasta Zamo\u015b\u0107 VIII\/104\/2019 z&nbsp;dnia 25.04.2019 dot. Miasta Zamo\u015b\u0107 (w obr\u0119bie jednostki strukturalnej nr 15 \u2013 Zachodnia Karol\u00f3wka \u2013 cz\u0119\u015b\u0107 po\u0142udniowa w&nbsp;rejonie ulicy Szczebrzeskiej) przedmiotowe dzia\u0142ki nr 14\/14, 14\/15 i&nbsp;14\/16\u00a0 ark.7, obr. Miasto Zamo\u015b\u0107, po\u0142o\u017cone s\u0105 na terenie oznaczonym symbolem 15.2cU \u2013 tereny zabudowy us\u0142ugowej. Obszar uj\u0119ty w&nbsp;Rejestrze zabytk\u00f3w woj. lubelskiego.<\/li>\n<\/ul>\n<p><strong>Cena wywo\u0142awcza wynosi: <\/strong><\/p>\n<p><strong>4\u00a0447\u00a0300 z\u0142<\/strong> netto (s\u0142ownie: cztery miliony czterysta czterdzie\u015bci siedem tysi\u0119cy trzysta z\u0142otych) dla dzia\u0142ki nr\u00a014\/16<\/p>\n<p><strong>52\u00a0700 z\u0142<\/strong> netto (s\u0142ownie: pi\u0119\u0107dziesi\u0105t dwa tysi\u0105ce siedemset z\u0142otych) dla dzia\u0142ki nr 14\/14.<\/p>\n<p><strong>16\u00a0000 z\u0142<\/strong> netto (s\u0142ownie: szesna\u015bcie tysi\u0119cy z\u0142otych) dla udzia\u0142u w&nbsp;wieczystym u\u017cytkowaniu dzia\u0142ki 14\/15.<\/p>\n<p>Wymagane wadium wynosi 10% ceny wywo\u0142awczej tj. og\u00f3\u0142em: 451 600 z\u0142 (s\u0142ownie: czterysta pi\u0119\u0107dziesi\u0105t jeden tysi\u0119cy sze\u015b\u0107set z\u0142otych).<\/p>\n<p>Warunkiem przyst\u0105pienia do przetargu jest:<\/p>\n<ul>\n<li>z\u0142o\u017cenie oferty wraz z&nbsp;koniecznymi dokumentami i&nbsp;dowodem wp\u0142aty wadium,<\/li>\n<li>wniesienie wadium na konto Uniwersytetu Przyrodniczego w&nbsp;Lublinie prowadzone przez Bank PEKAO SA nr 69 1240 5497 1111 0000 5007 1353. W&nbsp;tytule wp\u0142aty nale\u017cy dopisa\u0107, czego dotyczy wadium.<\/li>\n<\/ul>\n<p>Warunek wniesienia wadium b\u0119dzie spe\u0142niony w\u00f3wczas, gdy \u015brodki pieni\u0119\u017cne znajd\u0105 si\u0119 na rachunku jak wy\u017cej do ko\u0144ca dnia poprzedzaj\u0105cego termin otwarcia ofert.<\/p>\n<p>Wadium wp\u0142acone przez oferenta, kt\u00f3ry przetarg wygra\u0142, zalicza si\u0119 na poczet ceny nabycia. Pozosta\u0142ym uczestnikom przetargu wadium zwraca si\u0119 niezw\u0142ocznie po rozstrzygni\u0119ciu przetargu. Wadium ulega przepadkowi na rzecz uczelni w&nbsp;razie cofni\u0119cia oferty lub jej zmiany po up\u0142ywie terminu do sk\u0142adania ofert, lub po rozpocz\u0119ciu przetargu, a&nbsp;tak\u017ce je\u017celi osoba, kt\u00f3ra wygra\u0142a przetarg, uchyla si\u0119 od zawarcia umowy w&nbsp;wyznaczonym terminie lub gdy zawarcie umowy stanie si\u0119 niemo\u017cliwe z&nbsp;przyczyn le\u017c\u0105cych po stronie wybranego oferenta.<\/p>\n<p><strong>Pozosta\u0142e warunki:<\/strong><\/p>\n<p><strong>Ofert\u0119 w&nbsp;zamkni\u0119tej kopercie z&nbsp;napisem \u201ePrzetarg \u2013 Zamo\u015b\u0107, ul. Szczebrzeska\u201d <\/strong>z podanym terminem przetargu oraz w&nbsp;wewn\u0119trznej kopercie nale\u017cy sk\u0142ada\u0107 w&nbsp;nieprzekraczalnym terminie <strong>do dnia 09.01. 2023 r. do godz. 14:00 <\/strong>w sekretariacie Uczelni ul. Akademicka 13 w&nbsp;Lublinie (budynek Rektoratu) I&nbsp;p. pok.261 lub przes\u0142a\u0107 na adres: Uniwersytet Przyrodniczy w&nbsp;Lublinie ul. Akademicka 13, 20-950 Lublin.<\/p>\n<p>Tre\u015b\u0107 i&nbsp;warunki formalne, jakie powinna spe\u0142nia\u0107 oferta oraz spos\u00f3b sk\u0142adania ofert zawarte s\u0105 w&nbsp;regulaminie przetargu umieszczonym wraz z&nbsp;og\u0142oszeniem o&nbsp;przetargu na stronie Uniwersytetu <a href=\"http:\/\/www.up.lublin.pl\">www.up.lublin.pl<\/a>.<\/p>\n<p><strong>Zastrze\u017cenie:<\/strong><\/p>\n<p><strong>Sprzeda\u017c mo\u017ce nast\u0105pi\u0107 po wcze\u015bniejszym uzyskaniu przez Uczelni\u0119 zgody Prokuratorii Generalnej Rzeczypospolitej Polskiej oraz w&nbsp;przypadku nieskorzystania z&nbsp;prawa pierwokupu Krajowego Zasobu Nieruchomo\u015bci.<\/strong><\/p>\n<p>Cz\u0119\u015b\u0107 jawna przetargu odb\u0119dzie si\u0119 w&nbsp;budynku Rektoratu Uniwersytetu Przyrodniczego w&nbsp;Lublinie przy <br \/>ul. Akademickiej 13, Sala kolegialna, I&nbsp;pi\u0119tro <strong>w dniu 10.01.<\/strong><strong>2023 r. godz. 10.00.<\/strong><\/p>\n<p>Osoby bior\u0105ce udzia\u0142 w&nbsp;cz\u0119\u015bci jawnej przetargu powinny posiada\u0107 dokumenty potwierdzaj\u0105ce ich to\u017csamo\u015b\u0107. <br \/>O wynikach przetargu Uniwersytet powiadomi oferent\u00f3w na pi\u015bmie w&nbsp;terminie <strong>nie d\u0142u\u017cszym ni\u017c 7 dni <\/strong>od daty zamkni\u0119cia przetargu.<\/p>\n<p>Z nieruchomo\u015bci\u0105 b\u0119d\u0105c\u0105 przedmiotem przetargu mo\u017cna si\u0119 zapozna\u0107 po uprzednim telefonicznym uzgodnieniu z&nbsp;kierownikiem Dzia\u0142u Administracyjno-Gospodarczego UP w&nbsp;Lublinie. Szczeg\u00f3\u0142owy opis nieruchomo\u015bci zawiera operat szacunkowy do wgl\u0105du w&nbsp;Dziale Administracyjno-Gospodarczym UP w&nbsp;Lublinie.<\/p>\n<p>Informacji o&nbsp;przetargu i&nbsp;jego warunkach udziela kierownik Dzia\u0142u Administracyjno-Gospodarczego UP w&nbsp;Lublinie tel. (81) 445 60 60 lub kom.608 315 926 w&nbsp;godz. 8-14.00.<\/p>\n<p>Uniwersytet zastrzega sobie prawo zmiany warunk\u00f3w przetargu oraz tre\u015bci og\u0142oszenia, swobodnego wyboru ofert, przeprowadzenia dodatkowych negocjacji z&nbsp;wybranym oferentem, odwo\u0142ania przetargu, zamkni\u0119cia przetargu bez wybrania kt\u00f3rejkolwiek z&nbsp;ofert, odst\u0105pienia od przetargu lub jego uniewa\u017cnienia bez podania przyczyn na ka\u017cdym etapie post\u0119powania.<\/p>\n                                        <\/div>\n\t\t\t\t\t\t                                                        <div class=\"mn-cards-list\">\n                                            <div class=\"mn-card-container\">\n                                                <div>\n                                                    <img src=\"https:\/\/up.lublin.pl\/bip\/wp-content\/themes\/up-lublin\/assets\/images\/doc-ico.svg\" alt=\"\" \/>\n                                                    <h5>Regulamin przetargu (.pdf \/ 150 kB)<\/h5>\n                                                <\/div>\n                                                <a href=\"https:\/\/up.lublin.pl\/bip\/wp-content\/uploads\/sites\/9\/2022\/11\/Regulamin-Szczebrzeska.pdf\" class=\"mn-more\" target=\"_blank\">Zobacz<\/a>\n                                            <\/div>\n                                        <\/div>\n\t\t\t\t\t\t                                                        <div class=\"mn-cards-list\">\n                                            <div class=\"mn-card-container\">\n                                                <div>\n                                                    <img src=\"https:\/\/up.lublin.pl\/bip\/wp-content\/themes\/up-lublin\/assets\/images\/doc-ico.svg\" alt=\"\" \/>\n                                                    <h5>16.01.03: Informacja o&nbsp;roztrzygni\u0119ciu przetargu (.pdf)<\/h5>\n                                                <\/div>\n                                                <a href=\"https:\/\/up.lublin.pl\/bip\/wp-content\/uploads\/sites\/9\/2023\/01\/Informacja-o-roztrzygnieciu-przetargu-Szczebrzeska-102.pdf\" class=\"mn-more\" target=\"_blank\">Zobacz<\/a>\n                                            <\/div>\n                                        <\/div>\n\t\t\t\t\t\t                                <\/div>\n\t\t\t\t                <div class=\"mn-content-block\">\n\t                                <\/div>\n\t\t\t\t                <div class=\"mn-content-block\">\n\t                                <\/div>\n\t\t\t\t                <div class=\"mn-content-block\">\n\t                                <\/div>\n\t\t\t\t                <div class=\"mn-content-block\">\n\t                                <\/div>\n\t\t\t\t                <div class=\"mn-content-block\">\n\t                                <\/div>\n\t\t\t\t                <div class=\"mn-content-block\">\n\t                                <\/div>\n\t\t\t\t                <div class=\"mn-content-block\">\n\t                                <\/div>\n\t\t\t\t                <div class=\"mn-content-block\">\n\t                                <\/div>\n\t\t\t\t                <div class=\"mn-content-block\">\n\t                                <\/div>\n\t\t\t\t                <div class=\"mn-content-block\">\n\t                                <\/div>\n\t\t\t\t                <div class=\"mn-content-block\">\n\t                                <\/div>\n\t\t\t\t                <div class=\"mn-content-block\">\n\t                                <\/div>\n\t\t\t\t                <div class=\"mn-content-block\">\n\t                                <\/div>\n\t\t\t\t                <div class=\"mn-content-block\">\n\t                                <\/div>\n\t\t\t\t                <div class=\"mn-content-block\">\n\t                                <\/div>\n\t\t\t\t                <div class=\"mn-content-block\">\n\t                                <\/div>\n\t\t\t\t                <div class=\"mn-content-block\">\n\t                                <\/div>\n\t\t\t\t                <div class=\"mn-content-block\">\n\t                                <\/div>\n\t\t\t\t                <div class=\"mn-content-block\">\n\t                                <\/div>\n\t\t\t\t\t\t<\/div>\n\t<\/div>\n<\/section>\n\t\t<\/div>\n\t\t\t\t<\/div>\n\t\t\t\t\t\t<\/div>\n\t\t\t\t\t<\/div>\n\t\t<\/div>\n\t\t\t\t\t\t\t\t<\/div>\n\t\t\t\t\t<\/div>\n\t\t<\/section>\n\t\t\t\t\t\t<\/div>\n\t\t\t\t\t\t<\/div>\n\t\t\t\t\t<\/div>\n\t\t","protected":false},"excerpt":{"rendered":"<p>Uniwersytet Przyrodniczy w&nbsp;Lublinieog\u0142asza I&nbsp;pisemny przetarg nieograniczonyna sprzeda\u017c \u0142\u0105czn\u0105 prawa w\u0142asno\u015bci i&nbsp;prawa wieczystego u\u017cytkowania nieruchomo\u015bciUniwersytetu Przyrodniczego w&nbsp;Lublinie po\u0142o\u017conych w&nbsp;Zamo\u015bciu przy ul. Szczebrzeskiej 102, obr.1 Miasto Zamo\u015b\u0107, gm. Miasto Zamo\u015b\u0107, woj. Lubelskie. Przedmiot przetargu stanowi\u0105: I Prawo w\u0142asno\u015bci nieruchomo\u015bci gruntowej, w&nbsp;sk\u0142ad kt\u00f3rej wchodz\u0105 dzia\u0142ki gruntu o&nbsp;numerach: Dzia\u0142ka nr 14\/16 o&nbsp;powierzchni 2973 m\u00b2, zabudowana budynkiem naukowo-dydaktycznym o&nbsp;powierzchni u\u017cytkowej [&hellip;]<\/p>\n","protected":false},"author":2,"featured_media":86305,"comment_status":"closed","ping_status":"closed","sticky":false,"template":"elementor_header_footer","format":"standard","meta":{"_monsterinsights_skip_tracking":false,"_monsterinsights_sitenote_active":false,"_monsterinsights_sitenote_note":"","_monsterinsights_sitenote_category":0},"categories":[95],"tags":[],"_links":{"self":[{"href":"https:\/\/up.lublin.pl\/bip\/wp-json\/wp\/v2\/posts\/86361"}],"collection":[{"href":"https:\/\/up.lublin.pl\/bip\/wp-json\/wp\/v2\/posts"}],"about":[{"href":"https:\/\/up.lublin.pl\/bip\/wp-json\/wp\/v2\/types\/post"}],"author":[{"embeddable":true,"href":"https:\/\/up.lublin.pl\/bip\/wp-json\/wp\/v2\/users\/2"}],"replies":[{"embeddable":true,"href":"https:\/\/up.lublin.pl\/bip\/wp-json\/wp\/v2\/comments?post=86361"}],"version-history":[{"count":10,"href":"https:\/\/up.lublin.pl\/bip\/wp-json\/wp\/v2\/posts\/86361\/revisions"}],"predecessor-version":[{"id":86535,"href":"https:\/\/up.lublin.pl\/bip\/wp-json\/wp\/v2\/posts\/86361\/revisions\/86535"}],"wp:featuredmedia":[{"embeddable":true,"href":"https:\/\/up.lublin.pl\/bip\/wp-json\/wp\/v2\/media\/86305"}],"wp:attachment":[{"href":"https:\/\/up.lublin.pl\/bip\/wp-json\/wp\/v2\/media?parent=86361"}],"wp:term":[{"taxonomy":"category","embeddable":true,"href":"https:\/\/up.lublin.pl\/bip\/wp-json\/wp\/v2\/categories?post=86361"},{"taxonomy":"post_tag","embeddable":true,"href":"https:\/\/up.lublin.pl\/bip\/wp-json\/wp\/v2\/tags?post=86361"}],"curies":[{"name":"wp","href":"https:\/\/api.w.org\/{rel}","templated":true}]}}