{"id":86303,"date":"2022-11-02T14:08:50","date_gmt":"2022-11-02T13:08:50","guid":{"rendered":"https:\/\/up.lublin.pl\/bip\/?p=86303"},"modified":"2022-11-03T07:47:57","modified_gmt":"2022-11-03T06:47:57","slug":"przetarg-nieograniczony-na-sprzedaz-srodkow-trwalych-stanowiacych-wlasnosc-uniwersytetu-przyrodniczego-w-lublinie-na-ktore-skladaja-sie-6-ciagnikow-i-1-przyczepa","status":"publish","type":"post","link":"https:\/\/up.lublin.pl\/bip\/przetarg-nieograniczony-na-sprzedaz-srodkow-trwalych-stanowiacych-wlasnosc-uniwersytetu-przyrodniczego-w-lublinie-na-ktore-skladaja-sie-6-ciagnikow-i-1-przyczepa\/","title":{"rendered":"Przetarg nieograniczony na sprzeda\u017c \u015brodk\u00f3w trwa\u0142ych stanowi\u0105cych w\u0142asno\u015b\u0107 Uniwersytetu Przyrodniczego w Lublinie, na kt\u00f3re sk\u0142adaj\u0105 si\u0119:  6 ci\u0105gnik\u00f3w i 1 przyczepa"},"content":{"rendered":"\t\t<div data-elementor-type=\"wp-post\" data-elementor-id=\"86303\" class=\"elementor elementor-86303\" data-elementor-settings=\"[]\">\n\t\t\t\t\t\t<div class=\"elementor-inner\">\n\t\t\t\t\t\t\t<div class=\"elementor-section-wrap\">\n\t\t\t\t\t\t\t<section class=\"elementor-section elementor-top-section elementor-element elementor-element-5a79e4c elementor-section-boxed elementor-section-height-default elementor-section-height-default\" data-id=\"5a79e4c\" data-element_type=\"section\">\n\t\t\t\t\t\t<div class=\"elementor-container elementor-column-gap-default\">\n\t\t\t\t\t\t\t<div class=\"elementor-row\">\n\t\t\t\t\t<div class=\"elementor-column elementor-col-100 elementor-top-column elementor-element elementor-element-248f946\" data-id=\"248f946\" data-element_type=\"column\">\n\t\t\t<div class=\"elementor-column-wrap elementor-element-populated\">\n\t\t\t\t\t\t\t<div class=\"elementor-widget-wrap\">\n\t\t\t\t\t\t<div class=\"elementor-element elementor-element-b2a9259 elementor-widget elementor-widget-m5c\" data-id=\"b2a9259\" data-element_type=\"widget\" data-widget_type=\"m5c.default\">\n\t\t\t\t<div class=\"elementor-widget-container\">\n\t\t\t<section class=\"mn-m5-c mn-m5-d2 mn-bg-white\">\n\t<div class=\"mn-grid\">\n\t\t\t\t<div class=\"mn-content mn-grid-9\">\n\t\t\t                <div class=\"mn-content-block active\">\n\t                                                        <div class=\"block-text\">\n\t                                        <p style=\"text-align: center;\"><strong>Uniwersytet Przyrodniczy w&nbsp;Lublinie og<\/strong><strong>\u0142asza<\/strong><\/p>\n<p style=\"text-align: center;\"><strong>przetarg nieograniczony na sprzeda\u017c \u015brodk\u00f3w trwa\u0142ych stanowi\u0105cych w\u0142asno\u015b\u0107 Uniwersytetu Przyrodniczego w&nbsp;Lublinie, na kt\u00f3re sk\u0142adaj\u0105 si\u0119: <br \/>6 ci\u0105gnik\u00f3w i&nbsp;1 przyczepa<\/strong><\/p>\n<p><strong>\u00a0<\/strong><\/p>\n<p>\u015arodki rzeczowe stanowi\u0105ce przedmiot przetargu znajduj\u0105 si\u0119 na terenie Uczelni:<\/p>\n<p>Czes\u0142awice 4, 24-150 Na\u0142\u0119cz\u00f3w, Gospodarstwo Do\u015bwiadczalne w&nbsp;Czes\u0142awicach oraz Gospodarstwo Do\u015bwiadczalne w&nbsp;Felinie ul. Do\u015bwiadczalna 50, 20-280 Lublin<\/p>\n<p>Gospodarstwo Do\u015bwiadczalne w&nbsp;Czes\u0142awicach oraz Felinie umo\u017cliwia obejrzenie i&nbsp;zapoznanie si\u0119 ze stanem technicznym sprz\u0119tu rolniczego w&nbsp;dniach:\u00a0 \u00a0 07.11.2022 -09.11.2022\u00a0\u00a0 w&nbsp;godz. 10-14.<\/p>\n<p>Kontakt: mgr in\u017c. Grzegorz Siemi\u0144ski, tel. 512\u00a0303\u00a0842<\/p>\n<p>Cena ofertowa brutto nabycia \u015brodka rzeczowego podana w&nbsp;ofercie nie mo\u017ce by\u0107 ni\u017csza od jego warto\u015bci ustalonej przez rzeczoznawc\u0119.<\/p>\n<p>Oferty mo\u017cna sk\u0142ada\u0107 do dnia 18.11.2022 do godz.10.00 w&nbsp;budynku Rektoratu, Lublin, ul. Akademicka 13, Sekretariat Uczelni pok.261.<\/p>\n<p>Otwarcie ofert nast\u0105pi w&nbsp;dniu 18.11.2022 godz.10.30 w&nbsp;budynku Rektoratu Uniwersytetu Przyrodniczego w&nbsp;Lublinie, ul. Akademicka 13, pok. 501a.<\/p>\n<p>Warunkiem przyst\u0105pienia do przetargu jest z\u0142o\u017cenie oferty z&nbsp;podaniem nazwy sprz\u0119tu oraz oferowan\u0105 cen\u0105 brutto zakupu.<\/p>\n<p>Do oferty nale\u017cy do\u0142\u0105czy\u0107 dow\u00f3d wp\u0142aty wadium. Wadium w&nbsp;wysoko\u015bci 10% warto\u015bci sprzedawanego sprz\u0119tu nale\u017cy wp\u0142aci\u0107 do dnia 16.11.2022\u00a0 na rachunek bankowy sprzedaj\u0105cego Bank Pekao S.A. nr: 69 1240 5497 1111 0000 5007 1353 z&nbsp;dopiskiem:\u00a0 wadium przetarg na sprzeda\u017c \u015brodka trwa\u0142ego.<\/p>\n<p>Wadium wp\u0142acone przez oferenta, kt\u00f3ry wygra\u0142 przetarg, zalicza si\u0119 na poczet ceny nabycia \u015brodka. Pozosta\u0142ym oferentom, kt\u00f3rzy oferowali ni\u017csze ceny, wadium zostanie zwr\u00f3cone. Wadium nie podlega zwrotowi w&nbsp;przypadku, gdy oferent wygra przetarg, lecz nie wp\u0142aci pozosta\u0142ej kwoty stanowi\u0105cej r\u00f3wnowarto\u015b\u0107 oferowanej ceny w&nbsp;terminie 14 dni od daty wystawienia faktury na konto:<\/p>\n<p>Bank Pekao S.A. nr 55124054971111000050116807<\/p>\n<p>Informacje o&nbsp;przetargu mo\u017cna uzyska\u0107 w&nbsp;Dziale Inwentaryzacji i&nbsp;Ewidencji Maj\u0105tku, pok.501a, Lublin, ul. Akademicka 13, tel. 81\u00a0445 65 35 w&nbsp;godz. 8 \u2013 14.<\/p>\n<p>Uniwersytet Przyrodniczy w&nbsp;Lublinie zastrzega sobie prawo odwo\u0142ania przetargu bez podania przyczyny.<\/p>\n<table style=\"border-collapse: collapse; width: 100%;\">\n<tbody>\n<tr>\n<td style=\"width: 3.82409%;\">\n<p><strong>Lp<\/strong><\/p>\n<\/td>\n<td style=\"width: 14.1491%;\">\n<p><strong>Nazwa maszyny<\/strong><\/p>\n<\/td>\n<td style=\"width: 19.5029%;\">\n<p><strong>Numer inwentarzowy<\/strong><\/p>\n<\/td>\n<td style=\"width: 13.0019%;\">\n<p><strong>Rok produkcji<\/strong><\/p>\n<\/td>\n<td style=\"width: 17.9732%;\">\n<p><strong>Numer rejestracyjny<\/strong><\/p>\n<\/td>\n<td style=\"width: 14.5315%;\">\n<p><strong>Warto\u015b\u0107 rynkowa obiektu (brutto)<\/strong><\/p>\n<\/td>\n<td style=\"width: 16.6348%;\">\n<p><strong>Uwagi<\/strong><\/p>\n<\/td>\n<\/tr>\n<tr>\n<td style=\"width: 3.82409%;\">\n<p>1<\/p>\n<\/td>\n<td style=\"width: 14.1491%;\">\n<p>Ci\u0105gnik Ursus 1002<\/p>\n<\/td>\n<td style=\"width: 19.5029%;\">\n<p>T088\/746\/10844<\/p>\n<\/td>\n<td style=\"width: 13.0019%;\">\n<p>1984<\/p>\n<\/td>\n<td style=\"width: 17.9732%;\">\n<p>LU 0312<\/p>\n<\/td>\n<td style=\"width: 14.5315%;\">\n<p>20\u00a0986,88<\/p>\n<\/td>\n<td style=\"width: 16.6348%;\">\n<p>Brak pneumatyki, 3 lata po remoncie kapitalnym<\/p>\n<\/td>\n<\/tr>\n<tr>\n<td style=\"width: 3.82409%;\">\n<p>2<\/p>\n<\/td>\n<td style=\"width: 14.1491%;\">\n<p>Ci\u0105gnik Ursus 385<\/p>\n<\/td>\n<td style=\"width: 19.5029%;\">\n<p>T088\/746\/10841<\/p>\n<\/td>\n<td style=\"width: 13.0019%;\">\n<p>1980<\/p>\n<\/td>\n<td style=\"width: 17.9732%;\">\n<p>LUP 751H<\/p>\n<\/td>\n<td style=\"width: 14.5315%;\">\n<p>19\u00a0372,50<\/p>\n<\/td>\n<td style=\"width: 16.6348%;\">\n<p>Brak pneumatyki, 3 lata po remoncie kapitalnym<\/p>\n<\/td>\n<\/tr>\n<tr>\n<td style=\"width: 3.82409%;\">\n<p>3<\/p>\n<\/td>\n<td style=\"width: 14.1491%;\">\n<p>Zetor 7211<\/p>\n<\/td>\n<td style=\"width: 19.5029%;\">\n<p>T087\/746\/10770<\/p>\n<\/td>\n<td style=\"width: 13.0019%;\">\n<p>1989<\/p>\n<\/td>\n<td style=\"width: 17.9732%;\">\n<p>LUA 914S<\/p>\n<\/td>\n<td style=\"width: 14.5315%;\">\n<p>25\u00a0830,00<\/p>\n<\/td>\n<td style=\"width: 16.6348%;\">\n<p>Niewielkie przecieki hydrauliki<\/p>\n<\/td>\n<\/tr>\n<tr>\n<td style=\"width: 3.82409%;\">\n<p>4<\/p>\n<\/td>\n<td style=\"width: 14.1491%;\">\n<p>Ci\u0105gnik Ursus C-360<\/p>\n<\/td>\n<td style=\"width: 19.5029%;\">\n<p>T088\/746\/10842<\/p>\n<\/td>\n<td style=\"width: 13.0019%;\">\n<p>1980<\/p>\n<\/td>\n<td style=\"width: 17.9732%;\">\n<p>LUP 752H<\/p>\n<\/td>\n<td style=\"width: 14.5315%;\">\n<p>10\u00a0378,13<\/p>\n<\/td>\n<td style=\"width: 16.6348%;\">\n<p>Brak pneumatyki, 3 lata po remoncie kapitalnym<\/p>\n<\/td>\n<\/tr>\n<tr>\n<td style=\"width: 3.82409%;\">\n<p>5<\/p>\n<\/td>\n<td style=\"width: 14.1491%;\">\n<p>Ci\u0105gnik Ursus C-360<\/p>\n<\/td>\n<td style=\"width: 19.5029%;\">\n<p>T0514\/746\/10843<\/p>\n<\/td>\n<td style=\"width: 13.0019%;\">\n<p>1982<\/p>\n<\/td>\n<td style=\"width: 17.9732%;\">\n<p>LUP 442B<\/p>\n<\/td>\n<td style=\"width: 14.5315%;\">\n<p>10\u00a0378,13<\/p>\n<\/td>\n<td style=\"width: 16.6348%;\">\n<p>Brak pneumatyki, 3 lata po remoncie kapitalnym<\/p>\n<\/td>\n<\/tr>\n<tr>\n<td style=\"width: 3.82409%;\">\n<p>6<\/p>\n<\/td>\n<td style=\"width: 14.1491%;\">\n<p>Ci\u0105gnik Ursus C-360<\/p>\n<\/td>\n<td style=\"width: 19.5029%;\">\n<p>T088\/746\/03813<\/p>\n<\/td>\n<td style=\"width: 13.0019%;\">\n<p>1984<\/p>\n<\/td>\n<td style=\"width: 17.9732%;\">\n<p>LUA 519S<\/p>\n<\/td>\n<td style=\"width: 14.5315%;\">\n<p>8\u00a0648,44<\/p>\n<\/td>\n<td style=\"width: 16.6348%;\">\n<p>Brak lampy przedniej, instalacja elektryczna niesprawna<\/p>\n<\/td>\n<\/tr>\n<tr>\n<td style=\"width: 3.82409%;\">\n<p>7<\/p>\n<\/td>\n<td style=\"width: 14.1491%;\">\n<p>Przyczepa D&nbsp;35<\/p>\n<\/td>\n<td style=\"width: 19.5029%;\">\u00a0<\/td>\n<td style=\"width: 13.0019%;\">\n<p>1966<\/p>\n<\/td>\n<td style=\"width: 17.9732%;\">\n<p>LLN 2606<\/p>\n<\/td>\n<td style=\"width: 14.5315%;\">\n<p>5\u00a0535,00<\/p>\n<\/td>\n<td style=\"width: 16.6348%;\">\u00a0<\/td>\n<\/tr>\n<\/tbody>\n<\/table>\n                                        <\/div>\n\t\t\t\t\t\t                                                        <div class=\"mn-cards-list\">\n                                            <div class=\"mn-card-container\">\n                                                <div>\n                                                    <img src=\"https:\/\/up.lublin.pl\/bip\/wp-content\/themes\/up-lublin\/assets\/images\/doc-ico.svg\" alt=\"\" \/>\n                                                    <h5>Og\u0142oszenie o&nbsp;przetargu<\/h5>\n                                                <\/div>\n                                                <a href=\"https:\/\/up.lublin.pl\/bip\/wp-content\/uploads\/sites\/9\/2022\/11\/ogloszenie-o-przetargu-02-11-22.pdf\" class=\"mn-more\" target=\"_blank\">Zobacz<\/a>\n                                            <\/div>\n                                        <\/div>\n\t\t\t\t\t\t                                <\/div>\n\t\t\t\t                <div class=\"mn-content-block\">\n\t                                <\/div>\n\t\t\t\t                <div class=\"mn-content-block\">\n\t                                <\/div>\n\t\t\t\t                <div class=\"mn-content-block\">\n\t                                <\/div>\n\t\t\t\t                <div class=\"mn-content-block\">\n\t                                <\/div>\n\t\t\t\t                <div class=\"mn-content-block\">\n\t                                <\/div>\n\t\t\t\t                <div class=\"mn-content-block\">\n\t                                <\/div>\n\t\t\t\t                <div class=\"mn-content-block\">\n\t                                <\/div>\n\t\t\t\t                <div class=\"mn-content-block\">\n\t                                <\/div>\n\t\t\t\t                <div class=\"mn-content-block\">\n\t                                <\/div>\n\t\t\t\t                <div class=\"mn-content-block\">\n\t                                <\/div>\n\t\t\t\t                <div class=\"mn-content-block\">\n\t                                <\/div>\n\t\t\t\t                <div class=\"mn-content-block\">\n\t                                <\/div>\n\t\t\t\t                <div class=\"mn-content-block\">\n\t                                <\/div>\n\t\t\t\t                <div class=\"mn-content-block\">\n\t                                <\/div>\n\t\t\t\t                <div class=\"mn-content-block\">\n\t                                <\/div>\n\t\t\t\t                <div class=\"mn-content-block\">\n\t                                <\/div>\n\t\t\t\t                <div class=\"mn-content-block\">\n\t                                <\/div>\n\t\t\t\t                <div class=\"mn-content-block\">\n\t                                <\/div>\n\t\t\t\t                <div class=\"mn-content-block\">\n\t                                <\/div>\n\t\t\t\t\t\t<\/div>\n\t<\/div>\n<\/section>\n\t\t<\/div>\n\t\t\t\t<\/div>\n\t\t\t\t\t\t<\/div>\n\t\t\t\t\t<\/div>\n\t\t<\/div>\n\t\t\t\t\t\t\t\t<\/div>\n\t\t\t\t\t<\/div>\n\t\t<\/section>\n\t\t\t\t\t\t<\/div>\n\t\t\t\t\t\t<\/div>\n\t\t\t\t\t<\/div>\n\t\t","protected":false},"excerpt":{"rendered":"<p>Uniwersytet Przyrodniczy w&nbsp;Lublinie og\u0142asza przetarg nieograniczony na sprzeda\u017c \u015brodk\u00f3w trwa\u0142ych stanowi\u0105cych w\u0142asno\u015b\u0107 Uniwersytetu Przyrodniczego w&nbsp;Lublinie, na kt\u00f3re sk\u0142adaj\u0105 si\u0119: 6 ci\u0105gnik\u00f3w i&nbsp;1 przyczepa \u00a0 \u015arodki rzeczowe stanowi\u0105ce przedmiot przetargu znajduj\u0105 si\u0119 na terenie Uczelni: Czes\u0142awice 4, 24-150 Na\u0142\u0119cz\u00f3w, Gospodarstwo Do\u015bwiadczalne w&nbsp;Czes\u0142awicach oraz Gospodarstwo Do\u015bwiadczalne w&nbsp;Felinie ul. Do\u015bwiadczalna 50, 20-280 Lublin Gospodarstwo Do\u015bwiadczalne w&nbsp;Czes\u0142awicach oraz Felinie [&hellip;]<\/p>\n","protected":false},"author":228,"featured_media":86305,"comment_status":"closed","ping_status":"closed","sticky":false,"template":"elementor_header_footer","format":"standard","meta":{"_monsterinsights_skip_tracking":false,"_monsterinsights_sitenote_active":false,"_monsterinsights_sitenote_note":"","_monsterinsights_sitenote_category":0},"categories":[95],"tags":[],"_links":{"self":[{"href":"https:\/\/up.lublin.pl\/bip\/wp-json\/wp\/v2\/posts\/86303"}],"collection":[{"href":"https:\/\/up.lublin.pl\/bip\/wp-json\/wp\/v2\/posts"}],"about":[{"href":"https:\/\/up.lublin.pl\/bip\/wp-json\/wp\/v2\/types\/post"}],"author":[{"embeddable":true,"href":"https:\/\/up.lublin.pl\/bip\/wp-json\/wp\/v2\/users\/228"}],"replies":[{"embeddable":true,"href":"https:\/\/up.lublin.pl\/bip\/wp-json\/wp\/v2\/comments?post=86303"}],"version-history":[{"count":19,"href":"https:\/\/up.lublin.pl\/bip\/wp-json\/wp\/v2\/posts\/86303\/revisions"}],"predecessor-version":[{"id":86328,"href":"https:\/\/up.lublin.pl\/bip\/wp-json\/wp\/v2\/posts\/86303\/revisions\/86328"}],"wp:featuredmedia":[{"embeddable":true,"href":"https:\/\/up.lublin.pl\/bip\/wp-json\/wp\/v2\/media\/86305"}],"wp:attachment":[{"href":"https:\/\/up.lublin.pl\/bip\/wp-json\/wp\/v2\/media?parent=86303"}],"wp:term":[{"taxonomy":"category","embeddable":true,"href":"https:\/\/up.lublin.pl\/bip\/wp-json\/wp\/v2\/categories?post=86303"},{"taxonomy":"post_tag","embeddable":true,"href":"https:\/\/up.lublin.pl\/bip\/wp-json\/wp\/v2\/tags?post=86303"}],"curies":[{"name":"wp","href":"https:\/\/api.w.org\/{rel}","templated":true}]}}