{"id":85899,"date":"2022-08-03T08:45:17","date_gmt":"2022-08-03T06:45:17","guid":{"rendered":"https:\/\/up.lublin.pl\/bip\/?p=85899"},"modified":"2022-11-02T14:12:29","modified_gmt":"2022-11-02T13:12:29","slug":"przetarg-pisemny-nieograniczony-na-dzierzawe-gruntow-rolnych-wraz-zabudowaniami-polowa-stacja-doswiadczalna-parczew","status":"publish","type":"post","link":"https:\/\/up.lublin.pl\/bip\/przetarg-pisemny-nieograniczony-na-dzierzawe-gruntow-rolnych-wraz-zabudowaniami-polowa-stacja-doswiadczalna-parczew\/","title":{"rendered":"Przetarg pisemny nieograniczony na dzier\u017caw\u0119 grunt\u00f3w rolnych wraz zabudowaniami &#8211; polowa stacja do\u015bwiadczalna Parczew"},"content":{"rendered":"\t\t<div data-elementor-type=\"wp-post\" data-elementor-id=\"85899\" class=\"elementor elementor-85899\" data-elementor-settings=\"[]\">\n\t\t\t\t\t\t<div class=\"elementor-inner\">\n\t\t\t\t\t\t\t<div class=\"elementor-section-wrap\">\n\t\t\t\t\t\t\t<section class=\"elementor-section elementor-top-section elementor-element elementor-element-dbaa855 elementor-section-boxed elementor-section-height-default elementor-section-height-default\" data-id=\"dbaa855\" data-element_type=\"section\">\n\t\t\t\t\t\t<div class=\"elementor-container elementor-column-gap-default\">\n\t\t\t\t\t\t\t<div class=\"elementor-row\">\n\t\t\t\t\t<div class=\"elementor-column elementor-col-100 elementor-top-column elementor-element elementor-element-f020e3d\" data-id=\"f020e3d\" data-element_type=\"column\">\n\t\t\t<div class=\"elementor-column-wrap elementor-element-populated\">\n\t\t\t\t\t\t\t<div class=\"elementor-widget-wrap\">\n\t\t\t\t\t\t<div class=\"elementor-element elementor-element-ade8650 elementor-widget elementor-widget-m5c\" data-id=\"ade8650\" data-element_type=\"widget\" data-widget_type=\"m5c.default\">\n\t\t\t\t<div class=\"elementor-widget-container\">\n\t\t\t<section class=\"mn-m5-c mn-m5-d2 mn-bg-white\">\n\t<div class=\"mn-grid\">\n\t\t\t\t<div class=\"mn-content mn-grid-9\">\n\t\t\t                <div class=\"mn-content-block active\">\n\t                                                        <div class=\"block-text\">\n\t                                        <p>Uniwersytet Przyrodniczy w&nbsp;Lublinie og\u0142asza przetarg pisemny nieograniczony:<\/p>\n<p><strong>NA DZIER\u017bAW\u0118 GRUNT\u00d3W ROLNYCH WRAZ Z\u00a0ZABUDOWANIAMI NA OKRES 5 LAT STANOWI\u0104CYCH W\u0141ASNO\u015a\u0106 UNIWERSYTETU PRZYRODNICZEGO W\u00a0LUBLINIE, PO\u0141O\u017bONYCH W&nbsp;POLOWEJ STACJI DO\u015aWIADCZALNEJ W\u00a0PARCZEWIE.<\/strong><\/p>\n<p>W sk\u0142ad nieruchomo\u015bci rolnej wchodz\u0105 dzia\u0142ki o&nbsp;<em>nr:152,153,154,155,156,157, <\/em>213 i&nbsp;214, stanowi\u0105ce u\u017cytki rolne kI. IV b, V&nbsp;i VI o&nbsp;\u0142\u0105cznej powierzchni 25,8918 ha oraz zabudowania gospodarcze wraz z&nbsp;zapleczem socjalnym.<\/p>\n<p><strong>CENA WYWO\u0141AWCZA ROCZNEGO CZYNSZU DZIER\u017bAWNEGO NETTO WYNOSI R\u00d3WNOWARTO\u015a\u0106: <\/strong><\/p>\n<p><strong>16,16 dt (kwintali) <\/strong><em><strong>pszenicy <\/strong><\/em><strong>za 1,00 ha grunt\u00f3w.<\/strong><\/p>\n<p><strong>Warunkiem udzia\u0142u w&nbsp;przetargu jest z\u0142o\u017cenie oferty wraz z&nbsp;wymaganymi dokumentami oraz dowodem wp\u0142aty wadium w&nbsp;zamkni\u0119tej kopercie z&nbsp;napisem: <\/strong>\u201e<strong>PRZETARG\u00a0 &#8211; PARCZEW 25 sierpnia 2022\u201d<\/strong><\/p>\n<p><u>Oferent jest zobowi\u0105zany do wp\u0142acenia wadium w&nbsp;wysoko\u015bci 3 000 z\u0142<\/u> (s\u0142ownie: trzy tysi\u0105ce z\u0142otych ) na konto bankowe UP w&nbsp;Lublinie<\/p>\n<p>nr <strong>69 1240 5497 1111 0000 5007 1353<\/strong><\/p>\n<p>Oferty mo\u017cna sk\u0142ada\u0107 osobi\u015bcie w&nbsp;pokoju 261 (Sekretariat Uczelni, budynek Rektoratu) lub poczt\u0105 na adres:<\/p>\n<p>Uniwersytet Przyrodniczy w&nbsp;Lublinie<\/p>\n<ol>\n<li>Akademicka 13, 20- 950 Lublin, z&nbsp;dopiskiem:<\/li>\n<\/ol>\n<p>&#8220;<strong>PRZETARG\u00a0 -PARCZEW \u00a025 sierpnia 2022\u201d<\/strong><\/p>\n<p><strong>do dnia 25 sierpnia 2022 r. do godziny 10.00.<a name=\"_ftnref1\"><\/a><a href=\"#_ftn1\">[1]<\/a><\/strong><\/p>\n<p>Oferta winna zawiera\u0107 stawk\u0119 czynszu netto wyra\u017con\u0105 w&nbsp;decytonach pszenicy za 1,00 ha gruntu ilo\u015bciowo oraz s\u0142ownie i&nbsp;o\u015bwiadczenie o&nbsp;przyj\u0119ciu warunk\u00f3w regulaminu przetargu.<\/p>\n<p>Otwarcie ofert nast\u0105pi w&nbsp;dniu 25 sierpnia 2022 roku o&nbsp;godzinie 10<sup>30<\/sup>, w&nbsp;budynku Rektoratu Uniwersytetu Przyrodniczego w&nbsp;Lublinie (Sala Kolegialna).<\/p>\n<p>O wynikach przetargu Wydzier\u017cawiaj\u0105cy powiadomi oferent\u00f3w na pi\u015bmie.<\/p>\n<p>W razie ustalenia, \u017ce kilku oferent\u00f3w zaoferowa\u0142o te sam\u0105 stawk\u0119 czynszu, prowadz\u0105cy przetarg b\u0119dzie kontynuowa\u0142 przetarg w&nbsp;formie licytacji, a&nbsp;minimalna kwota przebicia b\u0119dzie wynosi\u0142a 0,5 dt pszenicy za 1 ha.<\/p>\n<p>Wybranemu oferentowi wadium zostanie zarachowane na poczet czynszu dzier\u017cawnego, a&nbsp;pozosta\u0142ym oferentom wadium zostanie zwr\u00f3cone w&nbsp;ci\u0105gu<\/p>\n<p>7 dni na wskazane konto.<\/p>\n<p>Wadium ulega przepadkowi na rzecz Wydzier\u017cawiaj\u0105cego w&nbsp;razie cofni\u0119cia lub zmiany oferty po up\u0142ywie terminu sk\u0142adania ofert, lub po rozpocz\u0119ciu przetargu, a&nbsp;tak\u017ce je\u017celi wybrany oferent kt\u00f3ry wygra\u0142 przetarg uchyli si\u0119 od podpisania umowy dzier\u017cawy.<\/p>\n<p><strong>Stawka czynszu nie mo\u017ce by\u0107 ni\u017csza ni\u017c cena wywo\u0142awcza. <\/strong><\/p>\n<p>Wadium przepada na rzecz Wydzier\u017cawiaj\u0105cego, je\u017celi \u017caden z&nbsp;uczestnik\u00f3w nie zaoferuje stawki r\u00f3wnej co najmniej cenie wywo\u0142awczej.<\/p>\n<p><strong>Regulamin przetargu oraz projekt umowy umieszczono na stronie Uczelni <\/strong><a href=\"https:\/\/up.lublin.pl\/bip\/ogloszenia\/\"><strong>https:\/\/up.lublin.pl\/bip\/ogloszenia\/<\/strong><\/a><\/p>\n<p><strong>\u00a0<\/strong><\/p>\n<p><strong>W przypadku zaj\u015bcia okoliczno\u015bci przewidzianych w&nbsp;art. 423 ust. 2 ustawy z&nbsp;dnia 20 lipca 2018 r.\u00a0 prawo o&nbsp;szkolnictwie wy\u017cszym i&nbsp;nauce (tj. Dz.U. z&nbsp;2022 r. poz. 574 z&nbsp;p\u00f3\u017an. zm.), do zawarcia umowy b\u0119d\u0105cej przedmiotem przetargu, konieczne jest uprzednie uzyskanie przez Wydzier\u017cawiaj\u0105cego, zgody Prezesa Prokuratorii Generalnej Rzeczypospolitej Polskiej na jej zawarcie.<\/strong><\/p>\n<p><strong>\u00a0<\/strong><\/p>\n<p><strong>Zastrzega si\u0119 prawo zmiany warunk\u00f3w przetargu oraz tre\u015bci og\u0142oszenia, prawo swobodnego wyboru ofert, przeprowadzenia negocjacji, prawo swobodnego wyboru ofert, przeprowadzenia dodatkowych negocjacji z&nbsp;wybranym oferentem, odst\u0105pienia lub uniewa\u017cnienia przetargu bez podania przyczyn, zamkni\u0119cia przetargu bez dokonania wyboru. <\/strong><\/p>\n<p><a name=\"_ftn1\"><\/a><a href=\"#_ftnref1\">[1]<\/a> Decyduje data wp\u0142ywu do Uniwersytetu Przyrodniczego w&nbsp;Lublinie.<\/p>\n<p>\u00a0<\/p>\n                                        <\/div>\n\t\t\t\t\t\t                                                        <div class=\"mn-cards-list\">\n                                            <div class=\"mn-card-container\">\n                                                <div>\n                                                    <img src=\"https:\/\/up.lublin.pl\/bip\/wp-content\/themes\/up-lublin\/assets\/images\/doc-ico.svg\" alt=\"\" \/>\n                                                    <h5>Projekt umowy<\/h5>\n                                                <\/div>\n                                                <a href=\"https:\/\/up.lublin.pl\/bip\/wp-content\/uploads\/sites\/9\/2022\/08\/Parczew-2022-projekt-umowy.doc\" class=\"mn-more\" target=\"_blank\">Zobacz<\/a>\n                                            <\/div>\n                                        <\/div>\n\t\t\t\t\t\t                                                        <div class=\"mn-cards-list\">\n                                            <div class=\"mn-card-container\">\n                                                <div>\n                                                    <img src=\"https:\/\/up.lublin.pl\/bip\/wp-content\/themes\/up-lublin\/assets\/images\/doc-ico.svg\" alt=\"\" \/>\n                                                    <h5>Regulamin przetargu<\/h5>\n                                                <\/div>\n                                                <a href=\"https:\/\/up.lublin.pl\/bip\/wp-content\/uploads\/sites\/9\/2022\/08\/Parczew-2022-regulamin-przetargu.docx\" class=\"mn-more\" target=\"_blank\">Zobacz<\/a>\n                                            <\/div>\n                                        <\/div>\n\t\t\t\t\t\t                                <\/div>\n\t\t\t\t                <div class=\"mn-content-block\">\n\t                                <\/div>\n\t\t\t\t                <div class=\"mn-content-block\">\n\t                                <\/div>\n\t\t\t\t                <div class=\"mn-content-block\">\n\t                                <\/div>\n\t\t\t\t                <div class=\"mn-content-block\">\n\t                                <\/div>\n\t\t\t\t                <div class=\"mn-content-block\">\n\t                                <\/div>\n\t\t\t\t                <div class=\"mn-content-block\">\n\t                                <\/div>\n\t\t\t\t                <div class=\"mn-content-block\">\n\t                                <\/div>\n\t\t\t\t                <div class=\"mn-content-block\">\n\t                                <\/div>\n\t\t\t\t                <div class=\"mn-content-block\">\n\t                                <\/div>\n\t\t\t\t                <div class=\"mn-content-block\">\n\t                                <\/div>\n\t\t\t\t                <div class=\"mn-content-block\">\n\t                                <\/div>\n\t\t\t\t                <div class=\"mn-content-block\">\n\t                                <\/div>\n\t\t\t\t                <div class=\"mn-content-block\">\n\t                                <\/div>\n\t\t\t\t                <div class=\"mn-content-block\">\n\t                                <\/div>\n\t\t\t\t                <div class=\"mn-content-block\">\n\t                                <\/div>\n\t\t\t\t                <div class=\"mn-content-block\">\n\t                                <\/div>\n\t\t\t\t                <div class=\"mn-content-block\">\n\t                                <\/div>\n\t\t\t\t                <div class=\"mn-content-block\">\n\t                                <\/div>\n\t\t\t\t                <div class=\"mn-content-block\">\n\t                                <\/div>\n\t\t\t\t\t\t<\/div>\n\t<\/div>\n<\/section>\n\t\t<\/div>\n\t\t\t\t<\/div>\n\t\t\t\t\t\t<\/div>\n\t\t\t\t\t<\/div>\n\t\t<\/div>\n\t\t\t\t\t\t\t\t<\/div>\n\t\t\t\t\t<\/div>\n\t\t<\/section>\n\t\t\t\t\t\t<\/div>\n\t\t\t\t\t\t<\/div>\n\t\t\t\t\t<\/div>\n\t\t","protected":false},"excerpt":{"rendered":"<p>Uniwersytet Przyrodniczy w\u00a0Lublinie og\u0142asza przetarg pisemny nieograniczony:NA DZIER\u017bAW\u0118 GRUNT\u00d3W ROLNYCH WRAZ Z\u00a0ZABUDOWANIAMI NA OKRES 5 LAT STANOWI\u0104CYCH W\u0141ASNO\u015a\u0106 UNIWERSYTETU PRZYRODNICZEGO W\u00a0LUBLINIE, PO\u0141O\u017bONYCH W\u00a0POLOWEJ STACJI DO\u015aWIADCZALNEJ W\u00a0PARCZEWIE. W sk\u0142ad nieruchomo\u015bci rolnej wchodz\u0105 dzia\u0142ki o\u00a0nr:152,153,154,155,156,157, 213 i\u00a0214, stanowi\u0105ce u\u017cytki rolne kI. IV b, V\u00a0i VI o\u00a0\u0142\u0105cznej powierzchni 25,8918 ha oraz zabudowania gospodarcze wraz z\u00a0zapleczem socjalnym. CENA WYWO\u0141AWCZA [&hellip;]<\/p>\n","protected":false},"author":228,"featured_media":86305,"comment_status":"closed","ping_status":"closed","sticky":false,"template":"elementor_header_footer","format":"standard","meta":{"_monsterinsights_skip_tracking":false,"_monsterinsights_sitenote_active":false,"_monsterinsights_sitenote_note":"","_monsterinsights_sitenote_category":0},"categories":[95],"tags":[],"_links":{"self":[{"href":"https:\/\/up.lublin.pl\/bip\/wp-json\/wp\/v2\/posts\/85899"}],"collection":[{"href":"https:\/\/up.lublin.pl\/bip\/wp-json\/wp\/v2\/posts"}],"about":[{"href":"https:\/\/up.lublin.pl\/bip\/wp-json\/wp\/v2\/types\/post"}],"author":[{"embeddable":true,"href":"https:\/\/up.lublin.pl\/bip\/wp-json\/wp\/v2\/users\/228"}],"replies":[{"embeddable":true,"href":"https:\/\/up.lublin.pl\/bip\/wp-json\/wp\/v2\/comments?post=85899"}],"version-history":[{"count":12,"href":"https:\/\/up.lublin.pl\/bip\/wp-json\/wp\/v2\/posts\/85899\/revisions"}],"predecessor-version":[{"id":86312,"href":"https:\/\/up.lublin.pl\/bip\/wp-json\/wp\/v2\/posts\/85899\/revisions\/86312"}],"wp:featuredmedia":[{"embeddable":true,"href":"https:\/\/up.lublin.pl\/bip\/wp-json\/wp\/v2\/media\/86305"}],"wp:attachment":[{"href":"https:\/\/up.lublin.pl\/bip\/wp-json\/wp\/v2\/media?parent=85899"}],"wp:term":[{"taxonomy":"category","embeddable":true,"href":"https:\/\/up.lublin.pl\/bip\/wp-json\/wp\/v2\/categories?post=85899"},{"taxonomy":"post_tag","embeddable":true,"href":"https:\/\/up.lublin.pl\/bip\/wp-json\/wp\/v2\/tags?post=85899"}],"curies":[{"name":"wp","href":"https:\/\/api.w.org\/{rel}","templated":true}]}}