{"id":85483,"date":"2022-06-06T14:34:40","date_gmt":"2022-06-06T12:34:40","guid":{"rendered":"https:\/\/up.lublin.pl\/bip\/?p=85483"},"modified":"2022-06-14T12:22:06","modified_gmt":"2022-06-14T10:22:06","slug":"pierwszy-pisemny-przetarg-nieograniczony-na-sprzedaz-nieruchomosci-gruntowych-polozonych-w-plonskim-gm-zamosc","status":"publish","type":"post","link":"https:\/\/up.lublin.pl\/bip\/pierwszy-pisemny-przetarg-nieograniczony-na-sprzedaz-nieruchomosci-gruntowych-polozonych-w-plonskim-gm-zamosc\/","title":{"rendered":"Pierwszy pisemny przetarg nieograniczony na sprzeda\u017c nieruchomo\u015bci gruntowych po\u0142o\u017conych w P\u0142o\u0144skim, gm. Zamo\u015b\u0107"},"content":{"rendered":"<p><a href=\"https:\/\/up.lublin.pl\/bip\/wp-content\/uploads\/sites\/9\/2022\/06\/pierwszy-przetarg-nieruchomosc.pdf\">Og\u0142oszenie o przetargu (.pdf \/ 6MB)<\/a><\/p>\n<p><a href=\"https:\/\/up.lublin.pl\/bip\/wp-content\/uploads\/sites\/9\/2022\/06\/regulamin-przetargu-nieruchomosc.pdf\">Regulamin przetargu (.pdf \/ 12MB)<\/a><\/p>\n","protected":false},"excerpt":{"rendered":"<p>Og\u0142oszenie o przetargu (.pdf \/ 6MB) Regulamin przetargu (.pdf \/ 12MB)<\/p>\n","protected":false},"author":2,"featured_media":83799,"comment_status":"closed","ping_status":"closed","sticky":false,"template":"","format":"standard","meta":{"_monsterinsights_skip_tracking":false,"_monsterinsights_sitenote_active":false,"_monsterinsights_sitenote_note":"","_monsterinsights_sitenote_category":0},"categories":[95],"tags":[],"_links":{"self":[{"href":"https:\/\/up.lublin.pl\/bip\/wp-json\/wp\/v2\/posts\/85483"}],"collection":[{"href":"https:\/\/up.lublin.pl\/bip\/wp-json\/wp\/v2\/posts"}],"about":[{"href":"https:\/\/up.lublin.pl\/bip\/wp-json\/wp\/v2\/types\/post"}],"author":[{"embeddable":true,"href":"https:\/\/up.lublin.pl\/bip\/wp-json\/wp\/v2\/users\/2"}],"replies":[{"embeddable":true,"href":"https:\/\/up.lublin.pl\/bip\/wp-json\/wp\/v2\/comments?post=85483"}],"version-history":[{"count":2,"href":"https:\/\/up.lublin.pl\/bip\/wp-json\/wp\/v2\/posts\/85483\/revisions"}],"predecessor-version":[{"id":85505,"href":"https:\/\/up.lublin.pl\/bip\/wp-json\/wp\/v2\/posts\/85483\/revisions\/85505"}],"wp:featuredmedia":[{"embeddable":true,"href":"https:\/\/up.lublin.pl\/bip\/wp-json\/wp\/v2\/media\/83799"}],"wp:attachment":[{"href":"https:\/\/up.lublin.pl\/bip\/wp-json\/wp\/v2\/media?parent=85483"}],"wp:term":[{"taxonomy":"category","embeddable":true,"href":"https:\/\/up.lublin.pl\/bip\/wp-json\/wp\/v2\/categories?post=85483"},{"taxonomy":"post_tag","embeddable":true,"href":"https:\/\/up.lublin.pl\/bip\/wp-json\/wp\/v2\/tags?post=85483"}],"curies":[{"name":"wp","href":"https:\/\/api.w.org\/{rel}","templated":true}]}}