{"id":85283,"date":"2022-05-13T12:07:02","date_gmt":"2022-05-13T10:07:02","guid":{"rendered":"https:\/\/up.lublin.pl\/bip\/?p=85283"},"modified":"2022-05-20T11:56:51","modified_gmt":"2022-05-20T09:56:51","slug":"przetarg-ofertowy-na-wynajem-powierzchni-uzytkowej-zlokalizowanej-w-centrum-kultury-fizycznej-i-sportu-up-w-lublinie-przy-ul-glebokiej-31","status":"publish","type":"post","link":"https:\/\/up.lublin.pl\/bip\/przetarg-ofertowy-na-wynajem-powierzchni-uzytkowej-zlokalizowanej-w-centrum-kultury-fizycznej-i-sportu-up-w-lublinie-przy-ul-glebokiej-31\/","title":{"rendered":"Przetarg ofertowy na wynajem powierzchni u\u017cytkowej zlokalizowanej w Centrum Kultury Fizycznej i Sportu UP w Lublinie przy ul. G\u0142\u0119bokiej 31 &#8211; uniewa\u017cniony"},"content":{"rendered":"\t\t<div data-elementor-type=\"wp-post\" data-elementor-id=\"85283\" class=\"elementor elementor-85283\" data-elementor-settings=\"[]\">\n\t\t\t\t\t\t<div class=\"elementor-inner\">\n\t\t\t\t\t\t\t<div class=\"elementor-section-wrap\">\n\t\t\t\t\t\t\t<section class=\"elementor-section elementor-top-section elementor-element elementor-element-7c9bce3 elementor-section-boxed elementor-section-height-default elementor-section-height-default\" data-id=\"7c9bce3\" data-element_type=\"section\">\n\t\t\t\t\t\t<div class=\"elementor-container elementor-column-gap-default\">\n\t\t\t\t\t\t\t<div class=\"elementor-row\">\n\t\t\t\t\t<div class=\"elementor-column elementor-col-100 elementor-top-column elementor-element elementor-element-47488a9\" data-id=\"47488a9\" data-element_type=\"column\">\n\t\t\t<div class=\"elementor-column-wrap elementor-element-populated\">\n\t\t\t\t\t\t\t<div class=\"elementor-widget-wrap\">\n\t\t\t\t\t\t<div class=\"elementor-element elementor-element-27c65fc elementor-widget elementor-widget-m5c\" data-id=\"27c65fc\" data-element_type=\"widget\" data-widget_type=\"m5c.default\">\n\t\t\t\t<div class=\"elementor-widget-container\">\n\t\t\t<section class=\"mn-m5-c mn-m5-d2 mn-bg-white\">\n\t<div class=\"mn-grid\">\n\t\t\t\t<div class=\"mn-content mn-grid-9\">\n\t\t\t                <div class=\"mn-content-block active\">\n\t                                                        <div class=\"block-text\">\n\t                                        <p style=\"text-align: center;\"><strong>Uniwersytet Przyrodniczy w&nbsp;Lublinie <br \/>og\u0142asza przetarg ofertowy na wynajem powierzchni u\u017cytkowej zlokalizowanej<br \/>w Centrum Kultury Fizycznej i&nbsp;Sportu UP w&nbsp;Lublinie przy ul. G\u0142\u0119bokiej 31<\/strong><\/p>\n<p><strong>Przedmiot post\u0119powania:<\/strong><\/p>\n<p>Przedmiotem post\u0119powania jest najem 92,55 m<sup>2<\/sup> powierzchni u\u017cytkowej usytuowanej w&nbsp;przyziemiu budynku CKFiS UP w\u00a0Lublinie przy ul. G\u0142\u0119bokiej 31 lok.25, z&nbsp;przeznaczeniem na cele zwi\u0105zane z&nbsp;prowadzeniem lub propagowaniem dzia\u0142alno\u015bci sportowej.<\/p>\n<p>Wysoko\u015b\u0107 minimalnego miesi\u0119cznego czynszu dzier\u017cawnego <strong>netto wynosi 2500 z\u0142.<\/strong> (s\u0142ownie dwa\u00a0tysi\u0105ce pi\u0119\u0107set z\u0142otych), powi\u0119kszony o\u00a0obowi\u0105zuj\u0105cy podatek VAT. Czynsz b\u0119dzie podlega\u0142 corocznej waloryzacji wg. wska\u017anika inflacji z&nbsp;roku poprzedniego og\u0142aszanego przez GUS.<\/p>\n<p>Do czynszu b\u0119dzie doliczona op\u0142ata za zu\u017cyt\u0105 energi\u0119 elektryczn\u0105 wg. wskaza\u0144 podlicznika.<\/p>\n<p>Okres dzier\u017cawy wynosi 5 lat liczone od dnia podpisania umowy.<\/p>\n<p>Oferta powinna zawiera\u0107 oferowan\u0105 kwot\u0119 czynszu netto i\u00a0brutto oraz informacje na temat zakresu dzia\u0142alno\u015bci jaka ma by\u0107 prowadzona na wynajmowanej powierzchni (zwi\u0105zana z&nbsp;prowadzeniem lub propagowaniem dzia\u0142alno\u015bci sportowej) wraz z\u00a0kopi\u0105 dokument\u00f3w rejestrowych firmy (NIP, Regon, wydruk z\u00a0rejestru przedsi\u0119biorc\u00f3w).<\/p>\n<p>Informacj\u0119 na temat oferowanej powierzchni mo\u017cna uzyska\u0107 u\u00a0Koordynatora ds. dzia\u0142alno\u015bci administracyjno-gospodarczej CKFiS UP pod numerem tel. 81 445-67-21 lub kom. 600 035 131.<\/p>\n<p><strong>Termin i\u00a0miejsce sk\u0142adania ofert:<\/strong><\/p>\n<p>Pisemne oferty \u00a0zawieraj\u0105ce cen\u0119 oraz dane identyfikacyjne oferenta ( adres siedziby, NIP, REGON) nale\u017cy sk\u0142ada\u0107 w\u00a0zamkni\u0119tych kopertach\u00a0 z\u00a0dopiskiem <strong>\u201eWynajem powierzchni u\u017cytkowej w&nbsp;CKFiS UP ul.G\u0142\u0119boka 31\u201d<\/strong>\u00a0 <strong>do dnia 20 maja 2022r. do godz. 10.00<\/strong><sup>\u00a0\u00a0 <\/sup>osobi\u015bcie\u00a0 w\u00a0sekretariacie Uczelni pok. 261, w\u00a0budynku Rektoratu przy ul. Akademicka 13 w\u00a0Lublinie lub przesy\u0142k\u0105 pocztow\u0105 na adres: Uniwersytet Przyrodniczy w\u00a0Lublinie 20-950 Lublin ul. Akademicka 13 lub drog\u0105 elektroniczn\u0105 \u00a0na adres: <a href=\"mailto:sekretariat.uczelni@up.lublin.pl\">sekretariat.uczelni@up.lublin.pl<\/a>. (w miar\u0119 mo\u017cliwo\u015bci prosimy o\u00a0sk\u0142adanie ofert drog\u0105 elektroniczn\u0105).<\/p>\n<p>Otwarcie ofert nast\u0105pi dnia <strong>20 maja 2022r. o\u00a0godzinie 10:30.<\/strong><\/p>\n<p><strong>Zastrze\u017cenia:<\/strong><\/p>\n<p>Uniwersytet Przyrodniczy w\u00a0Lublinie zastrzega sobie prawo odst\u0105pienia od post\u0119powania w\u00a0ka\u017cdym czasie przed zawarciem umowy.<\/p>\n<h2>Uwaga:<\/h2>\n<p><strong>informujemy o\u00a0uniewa\u017cnieniu post\u0119powania o&nbsp;przetargu na lokal u\u017cytkowy w&nbsp;CKFiS UP przy G\u0142\u0119bokiej 31.<\/strong><\/p>\n                                        <\/div>\n\t\t\t\t\t\t                                                        <div class=\"mn-cards-list\">\n                                            <div class=\"mn-card-container\">\n                                                <div>\n                                                    <img src=\"https:\/\/up.lublin.pl\/bip\/wp-content\/themes\/up-lublin\/assets\/images\/doc-ico.svg\" alt=\"\" \/>\n                                                    <h5>Wz\u00f3r umowy (.docx \/ 18 kB)<\/h5>\n                                                <\/div>\n                                                <a href=\"https:\/\/up.lublin.pl\/bip\/wp-content\/uploads\/sites\/9\/2022\/05\/Projekt-Umowa-najmu-lokalu-uzytkowego-2022.docx\" class=\"mn-more\" target=\"_blank\">Zobacz<\/a>\n                                            <\/div>\n                                        <\/div>\n\t\t\t\t\t\t                                <\/div>\n\t\t\t\t                <div class=\"mn-content-block\">\n\t                                <\/div>\n\t\t\t\t                <div class=\"mn-content-block\">\n\t                                <\/div>\n\t\t\t\t                <div class=\"mn-content-block\">\n\t                                <\/div>\n\t\t\t\t                <div class=\"mn-content-block\">\n\t                                <\/div>\n\t\t\t\t                <div class=\"mn-content-block\">\n\t                                <\/div>\n\t\t\t\t                <div class=\"mn-content-block\">\n\t                                <\/div>\n\t\t\t\t                <div class=\"mn-content-block\">\n\t                                <\/div>\n\t\t\t\t                <div class=\"mn-content-block\">\n\t                                <\/div>\n\t\t\t\t                <div class=\"mn-content-block\">\n\t                                <\/div>\n\t\t\t\t                <div class=\"mn-content-block\">\n\t                                <\/div>\n\t\t\t\t                <div class=\"mn-content-block\">\n\t                                <\/div>\n\t\t\t\t                <div class=\"mn-content-block\">\n\t                                <\/div>\n\t\t\t\t                <div class=\"mn-content-block\">\n\t                                <\/div>\n\t\t\t\t                <div class=\"mn-content-block\">\n\t                                <\/div>\n\t\t\t\t                <div class=\"mn-content-block\">\n\t                                <\/div>\n\t\t\t\t                <div class=\"mn-content-block\">\n\t                                <\/div>\n\t\t\t\t                <div class=\"mn-content-block\">\n\t                                <\/div>\n\t\t\t\t                <div class=\"mn-content-block\">\n\t                                <\/div>\n\t\t\t\t                <div class=\"mn-content-block\">\n\t                                <\/div>\n\t\t\t\t\t\t<\/div>\n\t<\/div>\n<\/section>\n\t\t<\/div>\n\t\t\t\t<\/div>\n\t\t\t\t\t\t<\/div>\n\t\t\t\t\t<\/div>\n\t\t<\/div>\n\t\t\t\t\t\t\t\t<\/div>\n\t\t\t\t\t<\/div>\n\t\t<\/section>\n\t\t\t\t\t\t<\/div>\n\t\t\t\t\t\t<\/div>\n\t\t\t\t\t<\/div>\n\t\t","protected":false},"excerpt":{"rendered":"<p>Uniwersytet Przyrodniczy w&nbsp;Lublinie og\u0142asza przetarg ofertowy na wynajem powierzchni u\u017cytkowej zlokalizowanejw Centrum Kultury Fizycznej i&nbsp;Sportu UP w&nbsp;Lublinie przy ul. G\u0142\u0119bokiej 31 Przedmiot post\u0119powania: Przedmiotem post\u0119powania jest najem 92,55 m2 powierzchni u\u017cytkowej usytuowanej w&nbsp;przyziemiu budynku CKFiS UP w\u00a0Lublinie przy ul. G\u0142\u0119bokiej 31 lok.25, z&nbsp;przeznaczeniem na cele zwi\u0105zane z&nbsp;prowadzeniem lub propagowaniem dzia\u0142alno\u015bci sportowej. Wysoko\u015b\u0107 minimalnego miesi\u0119cznego czynszu [&hellip;]<\/p>\n","protected":false},"author":2,"featured_media":83799,"comment_status":"closed","ping_status":"closed","sticky":false,"template":"elementor_header_footer","format":"standard","meta":{"_monsterinsights_skip_tracking":false,"_monsterinsights_sitenote_active":false,"_monsterinsights_sitenote_note":"","_monsterinsights_sitenote_category":0},"categories":[95],"tags":[],"_links":{"self":[{"href":"https:\/\/up.lublin.pl\/bip\/wp-json\/wp\/v2\/posts\/85283"}],"collection":[{"href":"https:\/\/up.lublin.pl\/bip\/wp-json\/wp\/v2\/posts"}],"about":[{"href":"https:\/\/up.lublin.pl\/bip\/wp-json\/wp\/v2\/types\/post"}],"author":[{"embeddable":true,"href":"https:\/\/up.lublin.pl\/bip\/wp-json\/wp\/v2\/users\/2"}],"replies":[{"embeddable":true,"href":"https:\/\/up.lublin.pl\/bip\/wp-json\/wp\/v2\/comments?post=85283"}],"version-history":[{"count":11,"href":"https:\/\/up.lublin.pl\/bip\/wp-json\/wp\/v2\/posts\/85283\/revisions"}],"predecessor-version":[{"id":85319,"href":"https:\/\/up.lublin.pl\/bip\/wp-json\/wp\/v2\/posts\/85283\/revisions\/85319"}],"wp:featuredmedia":[{"embeddable":true,"href":"https:\/\/up.lublin.pl\/bip\/wp-json\/wp\/v2\/media\/83799"}],"wp:attachment":[{"href":"https:\/\/up.lublin.pl\/bip\/wp-json\/wp\/v2\/media?parent=85283"}],"wp:term":[{"taxonomy":"category","embeddable":true,"href":"https:\/\/up.lublin.pl\/bip\/wp-json\/wp\/v2\/categories?post=85283"},{"taxonomy":"post_tag","embeddable":true,"href":"https:\/\/up.lublin.pl\/bip\/wp-json\/wp\/v2\/tags?post=85283"}],"curies":[{"name":"wp","href":"https:\/\/api.w.org\/{rel}","templated":true}]}}