{"id":84737,"date":"2022-02-25T08:18:44","date_gmt":"2022-02-25T07:18:44","guid":{"rendered":"https:\/\/up.lublin.pl\/bip\/?p=84737"},"modified":"2022-02-25T08:19:31","modified_gmt":"2022-02-25T07:19:31","slug":"budowa-stanowiska-do-badan-energochlonnosci-napedu-elektrycznego-ciagnika-rolniczego","status":"publish","type":"post","link":"https:\/\/up.lublin.pl\/bip\/budowa-stanowiska-do-badan-energochlonnosci-napedu-elektrycznego-ciagnika-rolniczego\/","title":{"rendered":"Budowa stanowiska do bada\u0144 energoch\u0142onno\u015bci nap\u0119du elektrycznego ci\u0105gnika rolniczego"},"content":{"rendered":"<p><a href=\"https:\/\/up.lublin.pl\/bip\/wp-content\/uploads\/sites\/9\/2022\/02\/Regulamin-Wstepne-konsutlacje-rynkowe-02.2022-sig.pdf\">Regulamin wst\u0119pnych konsultacji rynkowych (.pdf)<\/a><\/p>\n<p><a href=\"https:\/\/up.lublin.pl\/bip\/wp-content\/uploads\/sites\/9\/2022\/02\/Ogloszenie-ost.-24.02-Wstepne-konsultacje-rynkowe-sig.pdf\">Og\u0142oszenie o wst\u0119pnych konsultacjach rynkowych (.pdf)<\/a><\/p>\n<p><a href=\"https:\/\/up.lublin.pl\/bip\/wp-content\/uploads\/sites\/9\/2022\/02\/Zalacznik-nr-1-wzor-zgloszenia.docx\">Za\u0142\u0105cznik Nr 1 &#8211; wz\u00f3r Zg\u0142oszenia (.docx)<\/a><\/p>\n","protected":false},"excerpt":{"rendered":"<p>Regulamin wst\u0119pnych konsultacji rynkowych (.pdf) Og\u0142oszenie o wst\u0119pnych konsultacjach rynkowych (.pdf) Za\u0142\u0105cznik Nr 1 &#8211; wz\u00f3r Zg\u0142oszenia (.docx)<\/p>\n","protected":false},"author":2,"featured_media":0,"comment_status":"closed","ping_status":"closed","sticky":false,"template":"","format":"standard","meta":{"_monsterinsights_skip_tracking":false,"_monsterinsights_sitenote_active":false,"_monsterinsights_sitenote_note":"","_monsterinsights_sitenote_category":0},"categories":[102],"tags":[],"_links":{"self":[{"href":"https:\/\/up.lublin.pl\/bip\/wp-json\/wp\/v2\/posts\/84737"}],"collection":[{"href":"https:\/\/up.lublin.pl\/bip\/wp-json\/wp\/v2\/posts"}],"about":[{"href":"https:\/\/up.lublin.pl\/bip\/wp-json\/wp\/v2\/types\/post"}],"author":[{"embeddable":true,"href":"https:\/\/up.lublin.pl\/bip\/wp-json\/wp\/v2\/users\/2"}],"replies":[{"embeddable":true,"href":"https:\/\/up.lublin.pl\/bip\/wp-json\/wp\/v2\/comments?post=84737"}],"version-history":[{"count":2,"href":"https:\/\/up.lublin.pl\/bip\/wp-json\/wp\/v2\/posts\/84737\/revisions"}],"predecessor-version":[{"id":84751,"href":"https:\/\/up.lublin.pl\/bip\/wp-json\/wp\/v2\/posts\/84737\/revisions\/84751"}],"wp:attachment":[{"href":"https:\/\/up.lublin.pl\/bip\/wp-json\/wp\/v2\/media?parent=84737"}],"wp:term":[{"taxonomy":"category","embeddable":true,"href":"https:\/\/up.lublin.pl\/bip\/wp-json\/wp\/v2\/categories?post=84737"},{"taxonomy":"post_tag","embeddable":true,"href":"https:\/\/up.lublin.pl\/bip\/wp-json\/wp\/v2\/tags?post=84737"}],"curies":[{"name":"wp","href":"https:\/\/api.w.org\/{rel}","templated":true}]}}