{"id":83651,"date":"2021-08-19T10:51:05","date_gmt":"2021-08-19T08:51:05","guid":{"rendered":"https:\/\/up.lublin.pl\/bip\/?p=83651"},"modified":"2021-09-08T14:33:50","modified_gmt":"2021-09-08T12:33:50","slug":"przetarg-ofertowy-na-wynajem-powierzchni-uzytkowej-zlokalizowanej-w-domu-studenckim-manhattan-w-lublinie-przy-ul-dobrzanskiego-33","status":"publish","type":"post","link":"https:\/\/up.lublin.pl\/bip\/przetarg-ofertowy-na-wynajem-powierzchni-uzytkowej-zlokalizowanej-w-domu-studenckim-manhattan-w-lublinie-przy-ul-dobrzanskiego-33\/","title":{"rendered":"Przetarg ofertowy na wynajem powierzchni u\u017cytkowej zlokalizowanej w Domu Studenckim \u201eManhattan\u201d w Lublinie przy ul. Dobrza\u0144skiego 33"},"content":{"rendered":"\t\t<div data-elementor-type=\"wp-post\" data-elementor-id=\"83651\" class=\"elementor elementor-83651\" data-elementor-settings=\"[]\">\n\t\t\t\t\t\t<div class=\"elementor-inner\">\n\t\t\t\t\t\t\t<div class=\"elementor-section-wrap\">\n\t\t\t\t\t\t\t<section class=\"elementor-section elementor-top-section elementor-element elementor-element-72a7661 elementor-section-boxed elementor-section-height-default elementor-section-height-default\" data-id=\"72a7661\" data-element_type=\"section\">\n\t\t\t\t\t\t<div class=\"elementor-container elementor-column-gap-default\">\n\t\t\t\t\t\t\t<div class=\"elementor-row\">\n\t\t\t\t\t<div class=\"elementor-column elementor-col-100 elementor-top-column elementor-element elementor-element-acedb11\" data-id=\"acedb11\" data-element_type=\"column\">\n\t\t\t<div class=\"elementor-column-wrap elementor-element-populated\">\n\t\t\t\t\t\t\t<div class=\"elementor-widget-wrap\">\n\t\t\t\t\t\t<div class=\"elementor-element elementor-element-67e14c7 elementor-widget elementor-widget-m5c\" data-id=\"67e14c7\" data-element_type=\"widget\" data-widget_type=\"m5c.default\">\n\t\t\t\t<div class=\"elementor-widget-container\">\n\t\t\t<section class=\"mn-m5-c mn-m5-d2 mn-bg-white\">\n\t<div class=\"mn-grid\">\n\t\t\t\t<div class=\"mn-content mn-grid-9\">\n\t\t\t                <div class=\"mn-content-block active\">\n\t                                                        <div class=\"block-text\">\n\t                                        <p style=\"text-align: center;\"><strong>Uniwersytet Przyrodniczy w&nbsp;Lublinie<br \/><\/strong><strong>og\u0142asza przetarg ofertowy na wynajem powierzchni u\u017cytkowej<br \/>zlokalizowanej w&nbsp;Domu Studenckim \u201eManhattan\u201d w&nbsp;Lublinie przy ul. Dobrza\u0144skiego 33.<\/strong><\/p>\n<h4>Przedmiot post\u0119powania:<\/h4>\n<p>Przedmiotem post\u0119powania jest najem 120 m<sup>2<\/sup> powierzchni u\u017cytkowej zlokalizowanej na parterze w&nbsp;Domu Studenckim \u201eManhattan\u201d w&nbsp;Lublinie w&nbsp;dzielnicy Felin przy ul. Dobrza\u0144skiego 33.<\/p>\n<p>Wysoko\u015b\u0107 minimalnego miesi\u0119cznego czynszu dzier\u017cawnego <strong>netto wynosi 1200 z\u0142.<\/strong> (s\u0142ownie jeden \u00a0tysi\u0105c dwie\u015bcie z\u0142otych), powi\u0119kszony o&nbsp;obowi\u0105zuj\u0105cy podatek VAT. Czynsz b\u0119dzie podlega\u0142 corocznej waloryzacji wg. wska\u017anika inflacji og\u0142aszanego przez GUS.<\/p>\n<p>Do czynszu b\u0119dzie doliczona op\u0142ata z&nbsp;tytu\u0142u podatku od nieruchomo\u015bci oraz za zu\u017cyt\u0105 energi\u0119 elektryczn\u0105 wg. wskaza\u0144 podlicznika.<\/p>\n<p>Okres dzier\u017cawy wynosi 3 lata liczone od dnia podpisania umowy.<\/p>\n<p>Oferta powinna zawiera\u0107 oferowan\u0105 kwot\u0119 czynszu netto i&nbsp;brutto oraz informacje na temat zakresu dzia\u0142alno\u015bci jaka ma by\u0107 prowadzona na wynajmowanej powierzchni wraz z&nbsp;kopi\u0105 dokument\u00f3w rejestrowych firmy (NIP, Regon, wydruk z&nbsp;rejestru przedsi\u0119biorc\u00f3w).<\/p>\n<p>Informacj\u0119 na temat powierzchni mo\u017cna uzyska\u0107 u&nbsp;pracownik\u00f3w Biura dom\u00f3w studenckich Uniwersytetu Przyrodniczego pod nurem tel. 81 461-07-39 lub 81\u00a0461 07 33.<\/p>\n<h4>Termin i&nbsp;miejsce sk\u0142adania ofert:<\/h4>\n<p>Pisemne oferty \u00a0zawieraj\u0105ce cen\u0119 oraz dane identyfikacyjne oferenta ( adres siedziby, NIP, REGON) nale\u017cy sk\u0142ada\u0107 w&nbsp;zamkni\u0119tych kopertach\u00a0 z&nbsp;dopiskiem <strong>\u201eWynajem powierzchni u\u017cytkowej DS\u00a0 \u201eManhattan\u201d<\/strong>\u00a0 <strong>do dnia 10 wrze\u015bnia 2021r. do godz. 10<sup>00<\/sup><\/strong><sup>\u00a0\u00a0 <\/sup>osobi\u015bcie\u00a0 w&nbsp;sekretariacie Uczelni pok. 261, w&nbsp;budynku Rektoratu przy ul. Akademicka 13 w&nbsp;Lublinie lub przesy\u0142k\u0105 pocztow\u0105 na adres: Uniwersytet Przyrodniczy w&nbsp;Lublinie 20-950 Lublin ul. Akademicka 13 lub drog\u0105 elektroniczn\u0105 \u00a0na adres: <a href=\"mailto:sekretariat.uczelni@up.lublin.pl\">sekretariat.uczelni@up.lublin.pl<\/a>. (w miar\u0119 mo\u017cliwo\u015bci prosimy o&nbsp;sk\u0142adanie ofert drog\u0105 elektroniczn\u0105).<\/p>\n<p>Otwarcie ofert nast\u0105pi dnia <strong>10 wrze\u015bnia 2021r. o&nbsp;godzinie 10:15.<\/strong><\/p>\n<h4>Zastrze\u017cenia:<\/h4>\n<p>Uniwersytet Przyrodniczy w&nbsp;Lublinie zastrzega sobie prawo odst\u0105pienia od post\u0119powania w&nbsp;ka\u017cdym czasie przed zawarciem umowy.<\/p>\n                                        <\/div>\n\t\t\t\t\t\t                                                        <div class=\"mn-cards-list\">\n                                            <div class=\"mn-card-container\">\n                                                <div>\n                                                    <img src=\"https:\/\/up.lublin.pl\/bip\/wp-content\/themes\/up-lublin\/assets\/images\/doc-ico.svg\" alt=\"\" \/>\n                                                    <h5>Projekt - Umowa najmu lokalu u\u017cytkowego 2021<\/h5>\n                                                <\/div>\n                                                <a href=\"https:\/\/up.lublin.pl\/bip\/wp-content\/uploads\/sites\/9\/2021\/08\/Projekt-Umowa-najmu-lokalu-uzytkowego-2021.docx\" class=\"mn-more\" target=\"_blank\">Zobacz<\/a>\n                                            <\/div>\n                                        <\/div>\n\t\t\t\t\t\t                                <\/div>\n\t\t\t\t                <div class=\"mn-content-block\">\n\t                                <\/div>\n\t\t\t\t                <div class=\"mn-content-block\">\n\t                                <\/div>\n\t\t\t\t                <div class=\"mn-content-block\">\n\t                                <\/div>\n\t\t\t\t                <div class=\"mn-content-block\">\n\t                                <\/div>\n\t\t\t\t                <div class=\"mn-content-block\">\n\t                                <\/div>\n\t\t\t\t                <div class=\"mn-content-block\">\n\t                                <\/div>\n\t\t\t\t                <div class=\"mn-content-block\">\n\t                                <\/div>\n\t\t\t\t                <div class=\"mn-content-block\">\n\t                                <\/div>\n\t\t\t\t                <div class=\"mn-content-block\">\n\t                                <\/div>\n\t\t\t\t                <div class=\"mn-content-block\">\n\t                                <\/div>\n\t\t\t\t                <div class=\"mn-content-block\">\n\t                                <\/div>\n\t\t\t\t                <div class=\"mn-content-block\">\n\t                                <\/div>\n\t\t\t\t                <div class=\"mn-content-block\">\n\t                                <\/div>\n\t\t\t\t                <div class=\"mn-content-block\">\n\t                                <\/div>\n\t\t\t\t                <div class=\"mn-content-block\">\n\t                                <\/div>\n\t\t\t\t                <div class=\"mn-content-block\">\n\t                                <\/div>\n\t\t\t\t                <div class=\"mn-content-block\">\n\t                                <\/div>\n\t\t\t\t                <div class=\"mn-content-block\">\n\t                                <\/div>\n\t\t\t\t                <div class=\"mn-content-block\">\n\t                                <\/div>\n\t\t\t\t\t\t<\/div>\n\t<\/div>\n<\/section>\n\t\t<\/div>\n\t\t\t\t<\/div>\n\t\t\t\t\t\t<\/div>\n\t\t\t\t\t<\/div>\n\t\t<\/div>\n\t\t\t\t\t\t\t\t<\/div>\n\t\t\t\t\t<\/div>\n\t\t<\/section>\n\t\t\t\t\t\t<\/div>\n\t\t\t\t\t\t<\/div>\n\t\t\t\t\t<\/div>\n\t\t","protected":false},"excerpt":{"rendered":"<p>Uniwersytet Przyrodniczy w\u00a0Lublinie og\u0142asza przetarg ofertowy na wynajem powierzchni u\u017cytkowej zlokalizowanej w\u00a0Domu Studenckim \u201eManhattan\u201d w\u00a0Lublinie przy ul. Dobrza\u0144skiego 33. Przedmiot post\u0119powania: Przedmiotem post\u0119powania jest najem 120 m2 powierzchni u\u017cytkowej zlokalizowanej na parterze w\u00a0Domu Studenckim \u201eManhattan\u201d w\u00a0Lublinie w\u00a0dzielnicy Felin przy ul. Dobrza\u0144skiego 33. Wysoko\u015b\u0107 minimalnego miesi\u0119cznego czynszu dzier\u017cawnego netto wynosi 1200 z\u0142. (s\u0142ownie jeden \u00a0tysi\u0105c dwie\u015bcie [&hellip;]<\/p>\n","protected":false},"author":2,"featured_media":83799,"comment_status":"closed","ping_status":"closed","sticky":false,"template":"elementor_header_footer","format":"standard","meta":{"_monsterinsights_skip_tracking":false,"_monsterinsights_sitenote_active":false,"_monsterinsights_sitenote_note":"","_monsterinsights_sitenote_category":0},"categories":[95],"tags":[],"_links":{"self":[{"href":"https:\/\/up.lublin.pl\/bip\/wp-json\/wp\/v2\/posts\/83651"}],"collection":[{"href":"https:\/\/up.lublin.pl\/bip\/wp-json\/wp\/v2\/posts"}],"about":[{"href":"https:\/\/up.lublin.pl\/bip\/wp-json\/wp\/v2\/types\/post"}],"author":[{"embeddable":true,"href":"https:\/\/up.lublin.pl\/bip\/wp-json\/wp\/v2\/users\/2"}],"replies":[{"embeddable":true,"href":"https:\/\/up.lublin.pl\/bip\/wp-json\/wp\/v2\/comments?post=83651"}],"version-history":[{"count":12,"href":"https:\/\/up.lublin.pl\/bip\/wp-json\/wp\/v2\/posts\/83651\/revisions"}],"predecessor-version":[{"id":83800,"href":"https:\/\/up.lublin.pl\/bip\/wp-json\/wp\/v2\/posts\/83651\/revisions\/83800"}],"wp:featuredmedia":[{"embeddable":true,"href":"https:\/\/up.lublin.pl\/bip\/wp-json\/wp\/v2\/media\/83799"}],"wp:attachment":[{"href":"https:\/\/up.lublin.pl\/bip\/wp-json\/wp\/v2\/media?parent=83651"}],"wp:term":[{"taxonomy":"category","embeddable":true,"href":"https:\/\/up.lublin.pl\/bip\/wp-json\/wp\/v2\/categories?post=83651"},{"taxonomy":"post_tag","embeddable":true,"href":"https:\/\/up.lublin.pl\/bip\/wp-json\/wp\/v2\/tags?post=83651"}],"curies":[{"name":"wp","href":"https:\/\/api.w.org\/{rel}","templated":true}]}}