{"id":188936,"date":"2026-04-29T21:59:37","date_gmt":"2026-04-29T19:59:37","guid":{"rendered":"https:\/\/up.lublin.pl\/biologia\/?p=188936"},"modified":"2026-04-29T22:00:35","modified_gmt":"2026-04-29T20:00:35","slug":"188936","status":"publish","type":"post","link":"https:\/\/up.lublin.pl\/biologia\/188936\/","title":{"rendered":"Nasi pracownicy ekspertami w presti\u017cowym konkursie Good Pet Food 2026!"},"content":{"rendered":"<p>Pracownicy naszego Wydzia\u0142u p\u0142ynnie \u0142\u0105cz\u0105 prac\u0119 dydaktyczn\u0105 i naukow\u0105 z aktywno\u015bci\u0105 w\u00a0przestrzeni praktyki. \u015awietnym na to przyk\u0142adem jest zaproszenie <strong>dra in\u017c. Macieja B\u0105kowskiego, adiunkta w Zak\u0142adzie \u017bywienia Zwierz\u0105t i Paszoznawstwa Instytutu \u017bywienia Zwierz\u0105t i Bromatologii, Wydzia\u0142u Nauk o Zwierz\u0119tach i Biogospodarki Uniwersytetu Przyrodniczego w Lublinie<\/strong> do grona ekspert\u00f3w wchodz\u0105cych w sk\u0142ad <strong>komisji konkursowej<\/strong> presti\u017cowego konkursu <strong>Good Pet Food, kt\u00f3ry odby\u0142 si\u0119<\/strong> w dniach <strong>5\u20136 marca 2026 roku<\/strong> \u2013 corocznego wyr\u00f3\u017cnienia najlepszych produkt\u00f3w \u2013 karm, zg\u0142aszanych przez polskich producent\u00f3w. W konkursie tym cz\u0142onkowie komisji niezale\u017cnie od siebie, w\u00a0spos\u00f3b ca\u0142kowicie anonimowy i bez wzajemnej konsultacji, oceniali wszystkie zg\u0142oszone produkty. Kryteria oceny by\u0142y bardzo szerokie i obejmowa\u0142y:<\/p>\n<ul>\n<li>cechy sensoryczne (wygl\u0105d, zapach, konsystencja w przypadku karm mokrych),<\/li>\n<li>deklarowany i rzeczywisty sk\u0142ad analityczny oraz dob\u00f3r surowc\u00f3w,<\/li>\n<li>jako\u015b\u0107 i funkcjonalno\u015b\u0107 opakowania,<\/li>\n<li>og\u00f3lne wra\u017cenie i zgodno\u015b\u0107 produktu z aktualnymi trendami \u017cywieniowymi i\u00a0oczekiwaniami konsument\u00f3w.<\/li>\n<\/ul>\n<p>&nbsp;<\/p>\n<p>Konkurs by\u0142 cz\u0119\u015bci\u0105 bran\u017cowego wydarzenia, jakim by\u0142 Polski Kongres Pet Food Tech, 2026. Kongres pozostaje <strong>najwa\u017cniejszym i najbardziej presti\u017cowym wydarzeniem<\/strong> w polskiej bran\u017cy producent\u00f3w karmy dla zwierz\u0105t domowych. Cieszy si\u0119 stale rosn\u0105cym uznaniem \u2013 w\u00a0tym roku zgromadzi\u0142 ponad 180 uczestnik\u00f3w, zbiera bardzo pozytywne opinie zar\u00f3wno od producent\u00f3w, jak i ekspert\u00f3w oraz staje si\u0119 kluczowym miejscem wymiany wiedzy, do\u015bwiadcze\u0144 i nawi\u0105zywania biznesowych kontakt\u00f3w w ca\u0142ym sektorze pet food. Jest dedykowany dla:<\/p>\n<ul>\n<li>producent\u00f3w karm suchych, mokrych i p\u00f3\u0142wilgotnych,<\/li>\n<li>przedstawicieli firm handlowych i dystrybucyjnych,<\/li>\n<li>dostawc\u00f3w nowoczesnych technologii, surowc\u00f3w i sk\u0142adnik\u00f3w,<\/li>\n<li>ekspert\u00f3w ds. opakowa\u0144 i etykietowania,<\/li>\n<li>naukowc\u00f3w oraz specjalist\u00f3w z jednostek badawczych i uczelni.<\/li>\n<\/ul>\n<p>&nbsp;<\/p>\n<p>Jednym z <strong>centralnych punkt\u00f3w programu<\/strong> Kongresu by\u0142a sesja otwieraj\u0105ca blok tematyczny <strong>\u201eDieta. Surowce i sk\u0142adniki do produkcji\u201d<\/strong>. Sesj\u0119 t\u0119 zainaugurowa\u0142 swoim wyk\u0142adem <strong>dr in\u017c. Maciej B\u0105kowski<\/strong>, kt\u00f3ry od lat aktywnie uczestniczy w wydarzeniach bran\u017cy pet food, \u0142\u0105cz\u0105c wiedz\u0119 akademick\u0105 z praktycznym rozumieniem potrzeb producent\u00f3w.<\/p>\n<p>Przez dwa intensywne dni uczestnicy brali udzia\u0142 w <strong>wielu merytorycznych prelekcjach<\/strong>, case studies, prezentacjach innowacyjnych rozwi\u0105za\u0144 technologicznych oraz panelach dyskusyjnych po\u015bwi\u0119conych najwa\u017cniejszym wyzwaniom bran\u017cy \u2013 od zmian w prawie i\u00a0wymogach legislacyjnych, przez optymalizacj\u0119 proces\u00f3w produkcyjnych, po najnowsze trendy konsumenckie i \u017cywieniowe.<\/p>\n<p>&nbsp;<\/p>\n<p><a href=\"https:\/\/up.lublin.pl\/biologia\/wp-content\/uploads\/sites\/4\/2026\/04\/biko_PFT_2.jpg\"><img loading=\"lazy\" class=\"aligncenter size-full wp-image-188937\" src=\"https:\/\/up.lublin.pl\/biologia\/wp-content\/uploads\/sites\/4\/2026\/04\/biko_PFT_2.jpg\" alt=\"\" width=\"800\" height=\"533\" \/><\/a><\/p>\n<p>Fot. 1. Dr in\u017c. Maciej Bakowski<\/p>\n<p>&nbsp;<\/p>\n<p><a href=\"https:\/\/up.lublin.pl\/biologia\/wp-content\/uploads\/sites\/4\/2026\/04\/biko_PFT_1.jpg\"><img loading=\"lazy\" class=\"aligncenter size-full wp-image-188941\" src=\"https:\/\/up.lublin.pl\/biologia\/wp-content\/uploads\/sites\/4\/2026\/04\/biko_PFT_1.jpg\" alt=\"\" width=\"800\" height=\"533\" \/><\/a><\/p>\n<p>Fot. 2. Dr in\u017c. Maciej B\u0105kowski z komisj\u0105 konkursow\u0105 oraz przedstawicielami nagrodzonych podmiot\u00f3w bran\u017cy pet food<\/p>\n<p>&nbsp;<\/p>\n","protected":false},"excerpt":{"rendered":"<p>Pracownicy naszego Wydzia\u0142u p\u0142ynnie \u0142\u0105cz\u0105 prac\u0119 dydaktyczn\u0105 i naukow\u0105 z aktywno\u015bci\u0105 w\u00a0przestrzeni praktyki. \u015awietnym na to przyk\u0142adem jest zaproszenie dra in\u017c. Macieja B\u0105kowskiego, adiunkta w Zak\u0142adzie \u017bywienia Zwierz\u0105t i Paszoznawstwa Instytutu \u017bywienia Zwierz\u0105t i Bromatologii, Wydzia\u0142u Nauk o Zwierz\u0119tach i Biogospodarki Uniwersytetu Przyrodniczego w Lublinie do grona ekspert\u00f3w wchodz\u0105cych w sk\u0142ad komisji konkursowej presti\u017cowego konkursu [&hellip;]<\/p>\n","protected":false},"author":204,"featured_media":0,"comment_status":"closed","ping_status":"open","sticky":false,"template":"","format":"standard","meta":{"_monsterinsights_skip_tracking":false,"_monsterinsights_sitenote_active":false,"_monsterinsights_sitenote_note":"","_monsterinsights_sitenote_category":0},"categories":[12],"tags":[],"_links":{"self":[{"href":"https:\/\/up.lublin.pl\/biologia\/wp-json\/wp\/v2\/posts\/188936"}],"collection":[{"href":"https:\/\/up.lublin.pl\/biologia\/wp-json\/wp\/v2\/posts"}],"about":[{"href":"https:\/\/up.lublin.pl\/biologia\/wp-json\/wp\/v2\/types\/post"}],"author":[{"embeddable":true,"href":"https:\/\/up.lublin.pl\/biologia\/wp-json\/wp\/v2\/users\/204"}],"replies":[{"embeddable":true,"href":"https:\/\/up.lublin.pl\/biologia\/wp-json\/wp\/v2\/comments?post=188936"}],"version-history":[{"count":4,"href":"https:\/\/up.lublin.pl\/biologia\/wp-json\/wp\/v2\/posts\/188936\/revisions"}],"predecessor-version":[{"id":188948,"href":"https:\/\/up.lublin.pl\/biologia\/wp-json\/wp\/v2\/posts\/188936\/revisions\/188948"}],"wp:attachment":[{"href":"https:\/\/up.lublin.pl\/biologia\/wp-json\/wp\/v2\/media?parent=188936"}],"wp:term":[{"taxonomy":"category","embeddable":true,"href":"https:\/\/up.lublin.pl\/biologia\/wp-json\/wp\/v2\/categories?post=188936"},{"taxonomy":"post_tag","embeddable":true,"href":"https:\/\/up.lublin.pl\/biologia\/wp-json\/wp\/v2\/tags?post=188936"}],"curies":[{"name":"wp","href":"https:\/\/api.w.org\/{rel}","templated":true}]}}