{"id":188880,"date":"2026-04-29T06:46:25","date_gmt":"2026-04-29T04:46:25","guid":{"rendered":"https:\/\/up.lublin.pl\/biologia\/?p=188880"},"modified":"2026-04-29T06:46:25","modified_gmt":"2026-04-29T04:46:25","slug":"wyniki-konkursu-przypnij-sie-do-kierunku","status":"publish","type":"post","link":"https:\/\/up.lublin.pl\/biologia\/wyniki-konkursu-przypnij-sie-do-kierunku\/","title":{"rendered":"Wyniki konkursu \u201ePrzypnij si\u0119 do kierunku\u201d!"},"content":{"rendered":"<p class=\"mcntmcntisSelectedEnd\">Z rado\u015bci\u0105 og\u0142aszamy rozstrzygni\u0119cie konkursu \u201ePrzypnij si\u0119 do kierunku\u201d!<\/p>\n<p class=\"mcntmcntisSelectedEnd\">Zwyci\u0119\u017cczyniami zosta\u0142y:<br \/>\n\u2022 Eliza Weso\u0142owska \u2013 I rok, studia II stopnia, kierunek\u00a0<b>Zootechnika<\/b><br \/>\n\u2022 Zuzanna Ber\u0142owska \u2013 III rok, studia I stopnia, kierunek\u00a0<b>Kryminalistyka w Biogospodarce<\/b><\/p>\n<p class=\"mcntmcntisSelectedEnd\">Serdecznie gratulujemy!<\/p>\n<p class=\"mcntmcntisSelectedEnd\">Uroczyste wr\u0119czenie nagr\u00f3d i prezentacja nagrodzonych prac odb\u0119dzie si\u0119 podczas zbli\u017caj\u0105cego si\u0119 Dnia Wydzia\u0142u.<\/p>\n<p>Do zobaczenia!<\/p>\n<p><a href=\"https:\/\/up.lublin.pl\/biologia\/wp-content\/uploads\/sites\/4\/2026\/04\/wyniki-konkursu.png\"><img loading=\"lazy\" class=\"aligncenter size-full wp-image-188881\" src=\"https:\/\/up.lublin.pl\/biologia\/wp-content\/uploads\/sites\/4\/2026\/04\/wyniki-konkursu.png\" alt=\"\" width=\"800\" height=\"1000\" \/><\/a><\/p>\n","protected":false},"excerpt":{"rendered":"<p>Z rado\u015bci\u0105 og\u0142aszamy rozstrzygni\u0119cie konkursu \u201ePrzypnij si\u0119 do kierunku\u201d! Zwyci\u0119\u017cczyniami zosta\u0142y: \u2022 Eliza Weso\u0142owska \u2013 I rok, studia II stopnia, kierunek\u00a0Zootechnika \u2022 Zuzanna Ber\u0142owska \u2013 III rok, studia I stopnia, kierunek\u00a0Kryminalistyka w Biogospodarce Serdecznie gratulujemy! Uroczyste wr\u0119czenie nagr\u00f3d i prezentacja nagrodzonych prac odb\u0119dzie si\u0119 podczas zbli\u017caj\u0105cego si\u0119 Dnia Wydzia\u0142u. Do zobaczenia!<\/p>\n","protected":false},"author":204,"featured_media":0,"comment_status":"closed","ping_status":"open","sticky":false,"template":"","format":"standard","meta":{"_monsterinsights_skip_tracking":false,"_monsterinsights_sitenote_active":false,"_monsterinsights_sitenote_note":"","_monsterinsights_sitenote_category":0},"categories":[12],"tags":[],"_links":{"self":[{"href":"https:\/\/up.lublin.pl\/biologia\/wp-json\/wp\/v2\/posts\/188880"}],"collection":[{"href":"https:\/\/up.lublin.pl\/biologia\/wp-json\/wp\/v2\/posts"}],"about":[{"href":"https:\/\/up.lublin.pl\/biologia\/wp-json\/wp\/v2\/types\/post"}],"author":[{"embeddable":true,"href":"https:\/\/up.lublin.pl\/biologia\/wp-json\/wp\/v2\/users\/204"}],"replies":[{"embeddable":true,"href":"https:\/\/up.lublin.pl\/biologia\/wp-json\/wp\/v2\/comments?post=188880"}],"version-history":[{"count":1,"href":"https:\/\/up.lublin.pl\/biologia\/wp-json\/wp\/v2\/posts\/188880\/revisions"}],"predecessor-version":[{"id":188885,"href":"https:\/\/up.lublin.pl\/biologia\/wp-json\/wp\/v2\/posts\/188880\/revisions\/188885"}],"wp:attachment":[{"href":"https:\/\/up.lublin.pl\/biologia\/wp-json\/wp\/v2\/media?parent=188880"}],"wp:term":[{"taxonomy":"category","embeddable":true,"href":"https:\/\/up.lublin.pl\/biologia\/wp-json\/wp\/v2\/categories?post=188880"},{"taxonomy":"post_tag","embeddable":true,"href":"https:\/\/up.lublin.pl\/biologia\/wp-json\/wp\/v2\/tags?post=188880"}],"curies":[{"name":"wp","href":"https:\/\/api.w.org\/{rel}","templated":true}]}}