{"id":186213,"date":"2026-02-13T12:26:23","date_gmt":"2026-02-13T11:26:23","guid":{"rendered":"https:\/\/up.lublin.pl\/biologia\/?p=186213"},"modified":"2026-04-30T14:46:52","modified_gmt":"2026-04-30T12:46:52","slug":"laury-im-profesor-laury-kaufman-przyznane","status":"publish","type":"post","link":"https:\/\/up.lublin.pl\/biologia\/laury-im-profesor-laury-kaufman-przyznane\/","title":{"rendered":"Laury im. Profesor Laury Kaufman przyznane!"},"content":{"rendered":"<p>W czwartek, 12 lutego 2026 roku, podczas uroczystego posiedzenia Kolegium Wydzia\u0142u Nauk o Zwierz\u0119tach i Biogospodarki, po raz pierwszy w historii wr\u0119czono <strong>presti\u017cowe Nagrody Dziekana<\/strong> \u2013 <strong>Laury imienia Profesor Laury Kaufman<\/strong> \u2013 przyznawane najlepszemu absolwentowi spo\u015br\u00f3d wszystkich kierunk\u00f3w pierwszego i drugiego stopnia Wydzia\u0142u Nauk o\u00a0Zwierz\u0119tach i Biogospodarki.<\/p>\n<p>Nagroda zosta\u0142a ustanowiona, aby upami\u0119tni\u0107 wybitn\u0105 posta\u0107 &#8211; Profesor Laur\u0119 Kaufman \u2013 cenion\u0105 badaczk\u0119, autorytet naukowy oraz osob\u0119 szczeg\u00f3lnie zas\u0142u\u017con\u0105 dla rozwoju Wydzia\u0142u i kszta\u0142cenia kolejnych pokole\u0144 student\u00f3w. Wyr\u00f3\u017cnienie to ma honorowa\u0107 nie tylko najwy\u017csze wyniki w nauce, ale r\u00f3wnie\u017c zaanga\u017cowanie, pasj\u0119 badawcz\u0105 oraz postaw\u0119 godn\u0105 na\u015bladowania w \u015brodowisku akademickim.<\/p>\n<p><strong>Z\u0142oty Laur<\/strong>, przyznawany najlepszemu absolwentowi studi\u00f3w drugiego stopnia, otrzyma\u0142a Pani <strong>mgr in\u017c. Marta Wn\u0119k<\/strong>. Obecnie jest ona doktorantk\u0105 Szko\u0142y Doktorskiej, gdzie realizuje rozpraw\u0119 doktorsk\u0105 pod opiek\u0105 naukow\u0105 dr hab. Izabeli Wilk, prof. uczelni, rozwijaj\u0105c swoje zainteresowania badawcze i kontynuuj\u0105c naukow\u0105 drog\u0119 z du\u017cym zaanga\u017cowaniem.<\/p>\n<p><a href=\"https:\/\/up.lublin.pl\/biologia\/wp-content\/uploads\/sites\/4\/2026\/02\/Laury1.jpg\"><img loading=\"lazy\" class=\"aligncenter size-full wp-image-186214\" src=\"https:\/\/up.lublin.pl\/biologia\/wp-content\/uploads\/sites\/4\/2026\/02\/Laury1.jpg\" alt=\"\" width=\"800\" height=\"600\" \/><\/a><\/p>\n<p><strong>Srebrny Laur<\/strong>, dla najlepszego absolwenta studi\u00f3w pierwszego stopnia, otrzyma\u0142a Pani <strong>in\u017c.\u00a0Karolina Wr\u00f3bel<\/strong>, kt\u00f3ra z powodzeniem kontynuuje kszta\u0142cenie na studiach drugiego stopnia na kierunku <em>animaloterapia<\/em>, \u0142\u0105cz\u0105c wiedz\u0119 teoretyczn\u0105 z pasj\u0105 do pracy ze zwierz\u0119tami i\u00a0lud\u017ami.<\/p>\n<p><a href=\"https:\/\/up.lublin.pl\/biologia\/wp-content\/uploads\/sites\/4\/2026\/02\/Laury2.jpg\"><img loading=\"lazy\" class=\"aligncenter size-full wp-image-186218\" src=\"https:\/\/up.lublin.pl\/biologia\/wp-content\/uploads\/sites\/4\/2026\/02\/Laury2.jpg\" alt=\"\" width=\"800\" height=\"600\" \/><\/a><\/p>\n<p>Przyznane Laury s\u0105 wyrazem uznania dla dotychczasowych osi\u0105gni\u0119\u0107 Laureatek, ale tak\u017ce symbolem zaufania i wiary w ich dalszy rozw\u00f3j naukowy oraz zawodowy.<\/p>\n<p><a href=\"https:\/\/up.lublin.pl\/biologia\/wp-content\/uploads\/sites\/4\/2026\/02\/Laury3.jpg\"><img loading=\"lazy\" class=\"aligncenter size-full wp-image-186222\" src=\"https:\/\/up.lublin.pl\/biologia\/wp-content\/uploads\/sites\/4\/2026\/02\/Laury3.jpg\" alt=\"\" width=\"600\" height=\"800\" \/><\/a><\/p>\n<p>Obu Laureatkom sk\u0142adamy serdeczne gratulacje oraz \u017cyczenia kolejnych sukces\u00f3w \u2013 zar\u00f3wno w pracy badawczej, jak i w \u017cyciu osobistym. Niech otrzymane wyr\u00f3\u017cnienie b\u0119dzie inspiracj\u0105 do podejmowania nowych wyzwa\u0144 i realizacji ambitnych cel\u00f3w.<\/p>\n<p><a href=\"https:\/\/up.lublin.pl\/biologia\/wp-content\/uploads\/sites\/4\/2026\/02\/Laury4.jpg\"><img loading=\"lazy\" class=\"aligncenter size-full wp-image-186226\" src=\"https:\/\/up.lublin.pl\/biologia\/wp-content\/uploads\/sites\/4\/2026\/02\/Laury4.jpg\" alt=\"\" width=\"800\" height=\"600\" \/><\/a><\/p>\n<p>&nbsp;<\/p>\n<p><a href=\"https:\/\/up.lublin.pl\/biologia\/wp-content\/uploads\/sites\/4\/2026\/02\/Laury5.jpg\"><img loading=\"lazy\" class=\"aligncenter size-full wp-image-186230\" src=\"https:\/\/up.lublin.pl\/biologia\/wp-content\/uploads\/sites\/4\/2026\/02\/Laury5.jpg\" alt=\"\" width=\"800\" height=\"637\" \/><\/a><\/p>\n<p>Gratulujemy w imieniu spo\u0142eczno\u015bci akademickiej Wydzia\u0142u!<\/p>\n<p style=\"text-align: right;\"><em>Przewodnicz\u0105ca Kapitu\u0142y Konkursowej<\/em><\/p>\n<p style=\"text-align: right;\"><em>Prof. dr hab. Brygida \u015alaska<\/em><\/p>\n<p style=\"text-align: right;\"><em>Sekretarz Kapitu\u0142y<\/em><\/p>\n<p style=\"text-align: right;\"><em>Prof. dr hab. Magdalena Gryzi\u0144ska<\/em><\/p>\n<p style=\"text-align: right;\"><em>Zdj\u0119cia: prof. dr hab. Justyna Batkowska<\/em><\/p>\n<p style=\"text-align: right;\"><em>dr Krzysztof Kowal<\/em><\/p>\n<p><em>Wi\u0119cej informacji:<\/em><\/p>\n<p><a href=\"https:\/\/up.lublin.pl\/biologia\/zapraszamy-do-skladania-wnioskow-o-prestizowa-nagrode-dziekana-lauru-imienia-profesor-laury-kaufman\/\"><em>https:\/\/up.lublin.pl\/biologia\/zapraszamy-do-skladania-wnioskow-o-prestizowa-nagrode-dziekana-lauru-imienia-profesor-laury-kaufman\/<\/em><\/a><\/p>\n<p><a href=\"https:\/\/up.lublin.pl\/biologia\/wp-content\/uploads\/sites\/4\/2025\/07\/Regulamin_nagrody_dziekana-1.pdf\"><em>https:\/\/up.lublin.pl\/biologia\/wp-content\/uploads\/sites\/4\/2025\/07\/Regulamin_nagrody_dziekana-1.pdf<\/em><\/a><\/p>\n<p><a href=\"https:\/\/up.lublin.pl\/biologia\/wp-content\/uploads\/sites\/4\/2025\/07\/Zalacznik_1_do_Regulaminu_Nagrody_Dziekana-1.docx\"><em>https:\/\/up.lublin.pl\/biologia\/wp-content\/uploads\/sites\/4\/2025\/07\/Zalacznik_1_do_Regulaminu_Nagrody_Dziekana-1.docx<\/em><\/a><\/p>\n<p><em>\u00a0<\/em><\/p>\n<p>&nbsp;<\/p>\n<p>&nbsp;<\/p>\n<p>&nbsp;<\/p>\n","protected":false},"excerpt":{"rendered":"<p>W czwartek, 12 lutego 2026 roku, podczas uroczystego posiedzenia Kolegium Wydzia\u0142u Nauk o Zwierz\u0119tach i Biogospodarki, po raz pierwszy w historii wr\u0119czono presti\u017cowe Nagrody Dziekana \u2013 Laury imienia Profesor Laury Kaufman \u2013 przyznawane najlepszemu absolwentowi spo\u015br\u00f3d wszystkich kierunk\u00f3w pierwszego i drugiego stopnia Wydzia\u0142u Nauk o\u00a0Zwierz\u0119tach i Biogospodarki. Nagroda zosta\u0142a ustanowiona, aby upami\u0119tni\u0107 wybitn\u0105 posta\u0107 &#8211; [&hellip;]<\/p>\n","protected":false},"author":204,"featured_media":186222,"comment_status":"closed","ping_status":"open","sticky":false,"template":"","format":"standard","meta":{"_monsterinsights_skip_tracking":false,"_monsterinsights_sitenote_active":false,"_monsterinsights_sitenote_note":"","_monsterinsights_sitenote_category":0},"categories":[12],"tags":[],"_links":{"self":[{"href":"https:\/\/up.lublin.pl\/biologia\/wp-json\/wp\/v2\/posts\/186213"}],"collection":[{"href":"https:\/\/up.lublin.pl\/biologia\/wp-json\/wp\/v2\/posts"}],"about":[{"href":"https:\/\/up.lublin.pl\/biologia\/wp-json\/wp\/v2\/types\/post"}],"author":[{"embeddable":true,"href":"https:\/\/up.lublin.pl\/biologia\/wp-json\/wp\/v2\/users\/204"}],"replies":[{"embeddable":true,"href":"https:\/\/up.lublin.pl\/biologia\/wp-json\/wp\/v2\/comments?post=186213"}],"version-history":[{"count":4,"href":"https:\/\/up.lublin.pl\/biologia\/wp-json\/wp\/v2\/posts\/186213\/revisions"}],"predecessor-version":[{"id":188963,"href":"https:\/\/up.lublin.pl\/biologia\/wp-json\/wp\/v2\/posts\/186213\/revisions\/188963"}],"wp:featuredmedia":[{"embeddable":true,"href":"https:\/\/up.lublin.pl\/biologia\/wp-json\/wp\/v2\/media\/186222"}],"wp:attachment":[{"href":"https:\/\/up.lublin.pl\/biologia\/wp-json\/wp\/v2\/media?parent=186213"}],"wp:term":[{"taxonomy":"category","embeddable":true,"href":"https:\/\/up.lublin.pl\/biologia\/wp-json\/wp\/v2\/categories?post=186213"},{"taxonomy":"post_tag","embeddable":true,"href":"https:\/\/up.lublin.pl\/biologia\/wp-json\/wp\/v2\/tags?post=186213"}],"curies":[{"name":"wp","href":"https:\/\/api.w.org\/{rel}","templated":true}]}}