{"id":185791,"date":"2026-01-21T22:29:40","date_gmt":"2026-01-21T21:29:40","guid":{"rendered":"https:\/\/up.lublin.pl\/biologia\/?p=185791"},"modified":"2026-01-28T10:34:52","modified_gmt":"2026-01-28T09:34:52","slug":"relacja-z-nocy-biologow-2026-na-wydziale-nauk-o-zwierzetach-i-biogospodarki","status":"publish","type":"post","link":"https:\/\/up.lublin.pl\/biologia\/relacja-z-nocy-biologow-2026-na-wydziale-nauk-o-zwierzetach-i-biogospodarki\/","title":{"rendered":"Relacja z Nocy Biolog\u00f3w 2026 na Wydziale Nauk o Zwierz\u0119tach i Biogospodarki"},"content":{"rendered":"<p>Dnia 16 stycznia 2026 r. studenci MSKN Genetyki Zwierz\u0105t pod opiek\u0105 dr. Krzysztofa Kowala i mgr in\u017c. Paw\u0142a Grychnika z Zak\u0142adu Genetyki Og\u00f3lnej i Molekularnej\u2019, Instytutu Biologicznych Podstaw Produkcji Zwierz\u0119cej zorganizowali warsztaty pt: \u201eIzolacja DNA z krwi &#8211; odkryj kod \u017cycia\u201d oraz \u201eElektroforeza agarozowa &#8211; Zobacz DNA w ruchu.\u201d dla uczni\u00f3w lubelskich szk\u00f3\u0142.<\/p>\n<p>&nbsp;<\/p>\n<p><a href=\"https:\/\/up.lublin.pl\/biologia\/wp-content\/uploads\/sites\/4\/2026\/01\/Noc-Biologow-1.jpg\"><img loading=\"lazy\" class=\"aligncenter size-full wp-image-185672\" src=\"https:\/\/up.lublin.pl\/biologia\/wp-content\/uploads\/sites\/4\/2026\/01\/Noc-Biologow-1.jpg\" alt=\"\" width=\"800\" height=\"450\" \/><\/a><\/p>\n<p>Zaj\u0119cia laboratoryjne zosta\u0142y przeprowadzone przez Ann\u0119 P\u0119dziwiatr (biologia 3 rok), Blank\u0119 J\u00f3\u017ak\u00f3w (bioin\u017cynieria 2 rok), Lidi\u0119 Gozdeck\u0105 (bioinformatyka w biogospodarce 2 rok), \u0141ukasza Szarg\u0119 (biotechnologia 4 rok) oraz Juli\u0119 Oracz (piel\u0119gnacja zwierz\u0105t i animaloterapi\u0119 2 rok). W warsztatach asystowali im cz\u0142onkowie ko\u0142a: Malwina Machnio i Filip Gaca (kryminalistyka w biogospodarce 2 rok), Jagoda Rado\u0144 i Zuzanna Pawlikowska (behawiorystyka zwierz\u0105t 4 rok) oraz Izabela Sulowska (biotechnologia 3 rok).<\/p>\n<p>&nbsp;<\/p>\n<p><a href=\"https:\/\/up.lublin.pl\/biologia\/wp-content\/uploads\/sites\/4\/2026\/01\/nc3.jpg\"><img loading=\"lazy\" class=\"aligncenter size-full wp-image-185792\" src=\"https:\/\/up.lublin.pl\/biologia\/wp-content\/uploads\/sites\/4\/2026\/01\/nc3.jpg\" alt=\"\" width=\"452\" height=\"907\" \/><\/a> <a href=\"https:\/\/up.lublin.pl\/biologia\/wp-content\/uploads\/sites\/4\/2026\/01\/nc4.jpg\"><img loading=\"lazy\" class=\"aligncenter size-medium wp-image-185796\" src=\"https:\/\/up.lublin.pl\/biologia\/wp-content\/uploads\/sites\/4\/2026\/01\/nc4.jpg\" alt=\"\" width=\"682\" height=\"868\" \/><\/a><\/p>\n<p>&nbsp;<\/p>\n<p><a href=\"https:\/\/up.lublin.pl\/biologia\/wp-content\/uploads\/sites\/4\/2026\/01\/Noc-Biologow-23.jpg\"><img loading=\"lazy\" class=\"aligncenter size-full wp-image-185760\" src=\"https:\/\/up.lublin.pl\/biologia\/wp-content\/uploads\/sites\/4\/2026\/01\/Noc-Biologow-23.jpg\" alt=\"\" width=\"800\" height=\"327\" \/><\/a><\/p>\n<p>&nbsp;<\/p>\n<p>&nbsp;<\/p>\n<p>&nbsp;<\/p>\n<p>&nbsp;<\/p>\n<p><a href=\"https:\/\/up.lublin.pl\/biologia\/wp-content\/uploads\/sites\/4\/2026\/01\/Noc-Biologow-9.jpg\"><img loading=\"lazy\" class=\"aligncenter size-full wp-image-185704\" src=\"https:\/\/up.lublin.pl\/biologia\/wp-content\/uploads\/sites\/4\/2026\/01\/Noc-Biologow-9.jpg\" alt=\"\" width=\"800\" height=\"450\" \/><\/a><\/p>\n<p>Warsztaty laboratoryjne cieszy\u0142y si\u0119 du\u017cym zainteresowaniem zar\u00f3wno w\u015br\u00f3d grup zorganizowanych m.in. z Collegium Gostynianum, Gosty\u0144skiego, XXIV Liceum Og\u00f3lnokszta\u0142c\u0105cego w Lublinie pod opiek\u0105 dr. Micha\u0142a Pa\u0142ysa czy Szko\u0142y w Chmurze, jak r\u00f3wnie\u017c w\u015br\u00f3d os\u00f3b prywatnych i pasjonat\u00f3w.<\/p>\n<p><a href=\"https:\/\/up.lublin.pl\/biologia\/wp-content\/uploads\/sites\/4\/2026\/01\/Noc-Biologow-5.jpg\"><img loading=\"lazy\" class=\"aligncenter size-full wp-image-185688\" src=\"https:\/\/up.lublin.pl\/biologia\/wp-content\/uploads\/sites\/4\/2026\/01\/Noc-Biologow-5.jpg\" alt=\"\" width=\"800\" height=\"450\" \/><\/a><\/p>\n<p>&nbsp;<\/p>\n<p>Uczniowie ostatnich klas szko\u0142y podstawowej oraz liceum wprawnie pos\u0142ugiwali si\u0119 pipetami, poznali techniki molekularne szeroko stosowane w laboratoriach badawczych i diagnostycznych oraz obejrzeli wynik rozdzia\u0142u elektroforetycznego w komorze do wizualizacji \u017celi agarozowych. Mogli r\u00f3wnie\u017c sprawdzi\u0107 swoj\u0105 wiedz\u0119 z zakresu genetyki molekularnej w praktyce, co z pewno\u015bci\u0105 b\u0119dzie cennym do\u015bwiadczeniem.<\/p>\n<p><a href=\"https:\/\/up.lublin.pl\/biologia\/wp-content\/uploads\/sites\/4\/2026\/01\/Noc-Biologow-11.jpg\"><img loading=\"lazy\" class=\"aligncenter size-full wp-image-185712\" src=\"https:\/\/up.lublin.pl\/biologia\/wp-content\/uploads\/sites\/4\/2026\/01\/Noc-Biologow-11.jpg\" alt=\"\" width=\"800\" height=\"450\" \/><\/a><\/p>\n<p>Serdecznie dzi\u0119kujemy wszystkim zainteresowanym i zapraszamy za rok!<\/p>\n<p>Tekst: Krzysztof Kowal<\/p>\n<p>Zdj\u0119cia: Micha\u0142 Pa\u0142ys, Pawe\u0142 Grychnik<\/p>\n","protected":false},"excerpt":{"rendered":"<p>Dnia 16 stycznia 2026 r. studenci MSKN Genetyki Zwierz\u0105t pod opiek\u0105 dr. Krzysztofa Kowala i mgr in\u017c. Paw\u0142a Grychnika z Zak\u0142adu Genetyki Og\u00f3lnej i Molekularnej\u2019, Instytutu Biologicznych Podstaw Produkcji Zwierz\u0119cej zorganizowali warsztaty pt: \u201eIzolacja DNA z krwi &#8211; odkryj kod \u017cycia\u201d oraz \u201eElektroforeza agarozowa &#8211; Zobacz DNA w ruchu.\u201d dla uczni\u00f3w lubelskich szk\u00f3\u0142. &nbsp; Zaj\u0119cia [&hellip;]<\/p>\n","protected":false},"author":204,"featured_media":185784,"comment_status":"closed","ping_status":"open","sticky":false,"template":"","format":"standard","meta":{"_monsterinsights_skip_tracking":false,"_monsterinsights_sitenote_active":false,"_monsterinsights_sitenote_note":"","_monsterinsights_sitenote_category":0},"categories":[12],"tags":[],"_links":{"self":[{"href":"https:\/\/up.lublin.pl\/biologia\/wp-json\/wp\/v2\/posts\/185791"}],"collection":[{"href":"https:\/\/up.lublin.pl\/biologia\/wp-json\/wp\/v2\/posts"}],"about":[{"href":"https:\/\/up.lublin.pl\/biologia\/wp-json\/wp\/v2\/types\/post"}],"author":[{"embeddable":true,"href":"https:\/\/up.lublin.pl\/biologia\/wp-json\/wp\/v2\/users\/204"}],"replies":[{"embeddable":true,"href":"https:\/\/up.lublin.pl\/biologia\/wp-json\/wp\/v2\/comments?post=185791"}],"version-history":[{"count":1,"href":"https:\/\/up.lublin.pl\/biologia\/wp-json\/wp\/v2\/posts\/185791\/revisions"}],"predecessor-version":[{"id":185800,"href":"https:\/\/up.lublin.pl\/biologia\/wp-json\/wp\/v2\/posts\/185791\/revisions\/185800"}],"wp:featuredmedia":[{"embeddable":true,"href":"https:\/\/up.lublin.pl\/biologia\/wp-json\/wp\/v2\/media\/185784"}],"wp:attachment":[{"href":"https:\/\/up.lublin.pl\/biologia\/wp-json\/wp\/v2\/media?parent=185791"}],"wp:term":[{"taxonomy":"category","embeddable":true,"href":"https:\/\/up.lublin.pl\/biologia\/wp-json\/wp\/v2\/categories?post=185791"},{"taxonomy":"post_tag","embeddable":true,"href":"https:\/\/up.lublin.pl\/biologia\/wp-json\/wp\/v2\/tags?post=185791"}],"curies":[{"name":"wp","href":"https:\/\/api.w.org\/{rel}","templated":true}]}}