{"id":185665,"date":"2026-01-21T14:12:52","date_gmt":"2026-01-21T13:12:52","guid":{"rendered":"https:\/\/up.lublin.pl\/biologia\/?p=185665"},"modified":"2026-01-28T10:34:41","modified_gmt":"2026-01-28T09:34:41","slug":"ukazala-sie-ksiazka-pt-kon-w-terapii-i-edukacji-wybor-przygotowanie-uzytkowanie","status":"publish","type":"post","link":"https:\/\/up.lublin.pl\/biologia\/ukazala-sie-ksiazka-pt-kon-w-terapii-i-edukacji-wybor-przygotowanie-uzytkowanie\/","title":{"rendered":"Ukaza\u0142a si\u0119 ksi\u0105\u017cka pt. \u201eKo\u0144 w terapii i edukacji, wyb\u00f3r, przygotowanie, u\u017cytkowanie\u201d"},"content":{"rendered":"<p>Ksi\u0105\u017cka pt. \u201eKo\u0144 w terapii i edukacji, wyb\u00f3r, przygotowanie, u\u017cytkowanie\u201d, wydana przez Powszechne Wydawnictwo Rolnicze i Le\u015bne w 2025, jest drug\u0105 z serii ABC hipoterapii. W pierwszej ksi\u0105\u017cce tej serii om\u00f3wione zosta\u0142y aspekty dotycz\u0105ce pracy hipoterapeutycznej z dzie\u0107mi, m\u0142odzie\u017c\u0105 i\u00a0doros\u0142ymi z niepe\u0142nosprawno\u015bci\u0105. W obecnym opracowaniu om\u00f3wiono rasy koni, kt\u00f3re s\u0105 wybierane do pracy terapeutycznej, ich wych\u00f3w, utrzymanie, \u017cywienie, zdrowie oraz specjalistyczne przygotowanie i u\u017cytkowanie.<\/p>\n<p>Autorami s\u0105 do\u015bwiadczeni hipoterapeuci i instruktorzy jazdy konnej, b\u0119d\u0105cy jednocze\u015bnie lekarzami, zootechnikami, hodowcami oraz specjalistami w pracy z ko\u0144mi. Ksi\u0105\u017cka ma na celu zapoznanie i u\u0142atwienie zrozumienia konia, kt\u00f3ry jest wsp\u00f3\u0142uczestnikiem procesu terapeutycznego, i\u00a0opisanie takiego u\u017cytkowania go, aby udzia\u0142 w terapii przynosi\u0142 wymierne korzy\u015bci pacjentom przy jednoczesnym zachowaniu dobrostanu zwierz\u0119cia.<\/p>\n<p>Ksi\u0105\u017cka przeznaczona jest dla przysz\u0142ych i obecnych hipoterapeut\u00f3w, student\u00f3w kierunk\u00f3w hipologia i je\u017adziectwo, piel\u0119gnacja zwierz\u0105t i animaloterapia, behawiorystyka zwierz\u0105t, jak r\u00f3wnie\u017c wszystkich os\u00f3b zainteresowanych poznaniem i zrozumieniem koni oraz \u015bwiadom\u0105 wsp\u00f3\u0142prac\u0105 z\u00a0nimi.<\/p>\n<p>&nbsp;<\/p>\n<p><a href=\"https:\/\/up.lublin.pl\/biologia\/wp-content\/uploads\/sites\/4\/2026\/01\/kon.jpg\"><img loading=\"lazy\" class=\"aligncenter size-full wp-image-185666\" src=\"https:\/\/up.lublin.pl\/biologia\/wp-content\/uploads\/sites\/4\/2026\/01\/kon.jpg\" alt=\"\" width=\"750\" height=\"1070\" \/><\/a><\/p>\n","protected":false},"excerpt":{"rendered":"<p>Ksi\u0105\u017cka pt. \u201eKo\u0144 w terapii i edukacji, wyb\u00f3r, przygotowanie, u\u017cytkowanie\u201d, wydana przez Powszechne Wydawnictwo Rolnicze i Le\u015bne w 2025, jest drug\u0105 z serii ABC hipoterapii. W pierwszej ksi\u0105\u017cce tej serii om\u00f3wione zosta\u0142y aspekty dotycz\u0105ce pracy hipoterapeutycznej z dzie\u0107mi, m\u0142odzie\u017c\u0105 i\u00a0doros\u0142ymi z niepe\u0142nosprawno\u015bci\u0105. W obecnym opracowaniu om\u00f3wiono rasy koni, kt\u00f3re s\u0105 wybierane do pracy terapeutycznej, ich [&hellip;]<\/p>\n","protected":false},"author":204,"featured_media":185666,"comment_status":"closed","ping_status":"open","sticky":false,"template":"","format":"standard","meta":{"_monsterinsights_skip_tracking":false,"_monsterinsights_sitenote_active":false,"_monsterinsights_sitenote_note":"","_monsterinsights_sitenote_category":0},"categories":[12],"tags":[],"_links":{"self":[{"href":"https:\/\/up.lublin.pl\/biologia\/wp-json\/wp\/v2\/posts\/185665"}],"collection":[{"href":"https:\/\/up.lublin.pl\/biologia\/wp-json\/wp\/v2\/posts"}],"about":[{"href":"https:\/\/up.lublin.pl\/biologia\/wp-json\/wp\/v2\/types\/post"}],"author":[{"embeddable":true,"href":"https:\/\/up.lublin.pl\/biologia\/wp-json\/wp\/v2\/users\/204"}],"replies":[{"embeddable":true,"href":"https:\/\/up.lublin.pl\/biologia\/wp-json\/wp\/v2\/comments?post=185665"}],"version-history":[{"count":1,"href":"https:\/\/up.lublin.pl\/biologia\/wp-json\/wp\/v2\/posts\/185665\/revisions"}],"predecessor-version":[{"id":185670,"href":"https:\/\/up.lublin.pl\/biologia\/wp-json\/wp\/v2\/posts\/185665\/revisions\/185670"}],"wp:featuredmedia":[{"embeddable":true,"href":"https:\/\/up.lublin.pl\/biologia\/wp-json\/wp\/v2\/media\/185666"}],"wp:attachment":[{"href":"https:\/\/up.lublin.pl\/biologia\/wp-json\/wp\/v2\/media?parent=185665"}],"wp:term":[{"taxonomy":"category","embeddable":true,"href":"https:\/\/up.lublin.pl\/biologia\/wp-json\/wp\/v2\/categories?post=185665"},{"taxonomy":"post_tag","embeddable":true,"href":"https:\/\/up.lublin.pl\/biologia\/wp-json\/wp\/v2\/tags?post=185665"}],"curies":[{"name":"wp","href":"https:\/\/api.w.org\/{rel}","templated":true}]}}