{"id":176381,"date":"2025-04-29T10:12:38","date_gmt":"2025-04-29T08:12:38","guid":{"rendered":"https:\/\/up.lublin.pl\/biologia\/?p=176381"},"modified":"2025-04-29T10:12:38","modified_gmt":"2025-04-29T08:12:38","slug":"otwarcie-centrum-fenomiki-roslin-oraz-nadanie-nazw-ulic-prof-dr-hab-laury-kaufman-i-prof-dr-hab-ewalda-sasimowskiego","status":"publish","type":"post","link":"https:\/\/up.lublin.pl\/biologia\/otwarcie-centrum-fenomiki-roslin-oraz-nadanie-nazw-ulic-prof-dr-hab-laury-kaufman-i-prof-dr-hab-ewalda-sasimowskiego\/","title":{"rendered":"Otwarcie Centrum Fenomiki Ro\u015blin oraz nadanie nazw ulic prof. dr hab. Laury Kaufman i prof. dr hab. Ewalda Sasimowskiego"},"content":{"rendered":"<h4 style=\"text-align: center\">Rektor<br \/>\nUniwersytetu Przyrodniczego w\u00a0Lublinie<br \/>\nma zaszczyt zaprosi\u0107 na uroczysto\u015b\u0107<\/h4>\n<h4 style=\"text-align: center\"><\/h4>\n<h2 style=\"text-align: center\">Otwarcia Centrum Fenomiki Ro\u015blin<br \/>\noraz<br \/>\nnadanie nazw ulic<br \/>\nprof. dr hab. Laury Kaufman<br \/>\ni prof. dr hab. Ewalda Sasimowskiego<\/h2>\n<h4 style=\"text-align: center\">kt\u00f3ra odb\u0119dzie si\u0119 w\u00a0dniu<br \/>\n6 maja 2025 r. o\u00a0godz. 11.00<\/h4>\n<h4 style=\"text-align: center\">w Lublinie, ul. Do\u015bwiadczalna 50<\/h4>\n<p>&nbsp;<\/p>\n<p><a href=\"https:\/\/up.lublin.pl\/biologia\/wp-content\/uploads\/sites\/4\/2025\/04\/plakat-otwarcie-centrum-fenomiki-1.jpg\"><img loading=\"lazy\" class=\"aligncenter size-full wp-image-176387\" src=\"https:\/\/up.lublin.pl\/biologia\/wp-content\/uploads\/sites\/4\/2025\/04\/plakat-otwarcie-centrum-fenomiki-1.jpg\" alt=\"\" width=\"640\" height=\"902\" \/><\/a><\/p>\n<p>&nbsp;<\/p>\n","protected":false},"excerpt":{"rendered":"<p>Rektor Uniwersytetu Przyrodniczego w\u00a0Lublinie ma zaszczyt zaprosi\u0107 na uroczysto\u015b\u0107 Otwarcia Centrum Fenomiki Ro\u015blin oraz nadanie nazw ulic prof. dr hab. Laury Kaufman i prof. dr hab. Ewalda Sasimowskiego kt\u00f3ra odb\u0119dzie si\u0119 w\u00a0dniu 6 maja 2025 r. o\u00a0godz. 11.00 w Lublinie, ul. Do\u015bwiadczalna 50 &nbsp; &nbsp;<\/p>\n","protected":false},"author":204,"featured_media":0,"comment_status":"closed","ping_status":"open","sticky":false,"template":"","format":"standard","meta":{"_monsterinsights_skip_tracking":false,"_monsterinsights_sitenote_active":false,"_monsterinsights_sitenote_note":"","_monsterinsights_sitenote_category":0},"categories":[12],"tags":[],"_links":{"self":[{"href":"https:\/\/up.lublin.pl\/biologia\/wp-json\/wp\/v2\/posts\/176381"}],"collection":[{"href":"https:\/\/up.lublin.pl\/biologia\/wp-json\/wp\/v2\/posts"}],"about":[{"href":"https:\/\/up.lublin.pl\/biologia\/wp-json\/wp\/v2\/types\/post"}],"author":[{"embeddable":true,"href":"https:\/\/up.lublin.pl\/biologia\/wp-json\/wp\/v2\/users\/204"}],"replies":[{"embeddable":true,"href":"https:\/\/up.lublin.pl\/biologia\/wp-json\/wp\/v2\/comments?post=176381"}],"version-history":[{"count":2,"href":"https:\/\/up.lublin.pl\/biologia\/wp-json\/wp\/v2\/posts\/176381\/revisions"}],"predecessor-version":[{"id":176391,"href":"https:\/\/up.lublin.pl\/biologia\/wp-json\/wp\/v2\/posts\/176381\/revisions\/176391"}],"wp:attachment":[{"href":"https:\/\/up.lublin.pl\/biologia\/wp-json\/wp\/v2\/media?parent=176381"}],"wp:term":[{"taxonomy":"category","embeddable":true,"href":"https:\/\/up.lublin.pl\/biologia\/wp-json\/wp\/v2\/categories?post=176381"},{"taxonomy":"post_tag","embeddable":true,"href":"https:\/\/up.lublin.pl\/biologia\/wp-json\/wp\/v2\/tags?post=176381"}],"curies":[{"name":"wp","href":"https:\/\/api.w.org\/{rel}","templated":true}]}}