{"id":175720,"date":"2025-03-12T10:20:27","date_gmt":"2025-03-12T09:20:27","guid":{"rendered":"https:\/\/up.lublin.pl\/biologia\/?p=175720"},"modified":"2025-03-12T10:20:27","modified_gmt":"2025-03-12T09:20:27","slug":"pierwsza-pomoc-dla-psow-edukacyjne-wystapienie-na-targach-zoologicznych-wiosna-2025-pracownikow-katedry-etologii-zwierzat-i-lowiectwa","status":"publish","type":"post","link":"https:\/\/up.lublin.pl\/biologia\/pierwsza-pomoc-dla-psow-edukacyjne-wystapienie-na-targach-zoologicznych-wiosna-2025-pracownikow-katedry-etologii-zwierzat-i-lowiectwa\/","title":{"rendered":"Pierwsza pomoc dla ps\u00f3w \u2013 edukacyjne wyst\u0105pienie na Targach Zoologicznych wiosna 2025 pracownik\u00f3w Katedry Etologii Zwierz\u0105t i \u0141owiectwa"},"content":{"rendered":"<p>Podczas wiosennej edycji Zooparku 8-9.03.2025 w Lublinie mgr in\u017c. Kamila Kaszycka i dr hab. Ma\u0142gorzata Goleman z Zak\u0142adu Behawioru i Dobrostanu Zwierz\u0105t Uniwersytetu Przyrodniczego w Lublinie, we wsp\u00f3\u0142pracy ze Zwi\u0105zkiem Kynologicznym w Polsce, Oddzia\u0142 Lublin, poprowadzi\u0142y prelekcj\u0119 \u201ePierwsza pomoc przedweterynaryjna\u201d. Wyst\u0105pienie po\u015bwi\u0119cone by\u0142o nag\u0142ym sytuacjom zagro\u017cenia \u017cycia u ps\u00f3w i praktycznym technikom, kt\u00f3re mog\u0105 uratowa\u0107 \u017cycie czworonoga. Specjalistki w dziedzinie zachowania i dobrostanu zwierz\u0105t om\u00f3wi\u0142y najcz\u0119stsze przypadki wymagaj\u0105ce natychmiastowej reakcji opiekuna \u2013 omdlenia, zatrucia, udaru cieplnego, zad\u0142awienia czy zatrzymania akcji serca. Nast\u0119pnie, korzystaj\u0105c ze specjalistycznych fantom\u00f3w szkoleniowych, zaprezentowa\u0142y techniki resuscytacji kr\u0105\u017ceniowo-oddechowej (RKO), tamowania krwotok\u00f3w oraz bezpiecznego transportu poszkodowanego psa. Pokaz spotka\u0142 si\u0119 z du\u017cym zainteresowaniem uczestnik\u00f3w, kt\u00f3rzy mieli okazj\u0119 nie tylko obserwowa\u0107, ale r\u00f3wnie\u017c spr\u00f3bowa\u0107 swoich si\u0142 w podstawowych czynno\u015bciach ratunkowych. Liczne pytania i aktywno\u015b\u0107 publiczno\u015bci \u015bwiadczy\u0142y o rosn\u0105cej \u015bwiadomo\u015bci opiekun\u00f3w na temat pierwszej pomocy przedweterynaryjnej. Kamila Kaszycka i Ma\u0142gorzata Goleman podkre\u015bla\u0142y, \u017ce szybka i prawid\u0142owa reakcja w sytuacjach kryzysowych mo\u017ce by\u0107 kluczowa dla zdrowia i \u017cycia zwierz\u0119cia.<\/p>\n<p>&nbsp;<\/p>\n<p><a href=\"https:\/\/up.lublin.pl\/biologia\/wp-content\/uploads\/sites\/4\/2025\/03\/Zoopark1.jpg\"><img loading=\"lazy\" class=\"aligncenter size-full wp-image-175721\" src=\"https:\/\/up.lublin.pl\/biologia\/wp-content\/uploads\/sites\/4\/2025\/03\/Zoopark1.jpg\" alt=\"\" width=\"605\" height=\"605\" \/><\/a><\/p>\n<p><a href=\"https:\/\/up.lublin.pl\/biologia\/wp-content\/uploads\/sites\/4\/2025\/03\/Zoopark2.jpg\"><img loading=\"lazy\" class=\"aligncenter size-medium wp-image-175725\" src=\"https:\/\/up.lublin.pl\/biologia\/wp-content\/uploads\/sites\/4\/2025\/03\/Zoopark2.jpg\" alt=\"\" width=\"605\" height=\"403\" \/><\/a><\/p>\n<p><a href=\"https:\/\/up.lublin.pl\/biologia\/wp-content\/uploads\/sites\/4\/2025\/03\/Zoopark3.jpg\"><img loading=\"lazy\" class=\"aligncenter size-medium wp-image-175729\" src=\"https:\/\/up.lublin.pl\/biologia\/wp-content\/uploads\/sites\/4\/2025\/03\/Zoopark3.jpg\" alt=\"\" width=\"605\" height=\"403\" \/><\/a><\/p>\n<p><a href=\"https:\/\/up.lublin.pl\/biologia\/wp-content\/uploads\/sites\/4\/2025\/03\/Zoopark4.jpg\"><img loading=\"lazy\" class=\"aligncenter size-medium wp-image-175733\" src=\"https:\/\/up.lublin.pl\/biologia\/wp-content\/uploads\/sites\/4\/2025\/03\/Zoopark4.jpg\" alt=\"\" width=\"605\" height=\"403\" \/><\/a><\/p>\n<p><a href=\"https:\/\/up.lublin.pl\/biologia\/wp-content\/uploads\/sites\/4\/2025\/03\/Zoopark5.jpg\"><img loading=\"lazy\" class=\"aligncenter size-medium wp-image-175737\" src=\"https:\/\/up.lublin.pl\/biologia\/wp-content\/uploads\/sites\/4\/2025\/03\/Zoopark5.jpg\" alt=\"\" width=\"605\" height=\"403\" \/><\/a><\/p>\n<p>Zdj\u0119cia: Karolina Chmiel, Iga Malarz, Aleksandra Dolecka<\/p>\n","protected":false},"excerpt":{"rendered":"<p>Podczas wiosennej edycji Zooparku 8-9.03.2025 w Lublinie mgr in\u017c. Kamila Kaszycka i dr hab. Ma\u0142gorzata Goleman z Zak\u0142adu Behawioru i Dobrostanu Zwierz\u0105t Uniwersytetu Przyrodniczego w Lublinie, we wsp\u00f3\u0142pracy ze Zwi\u0105zkiem Kynologicznym w Polsce, Oddzia\u0142 Lublin, poprowadzi\u0142y prelekcj\u0119 \u201ePierwsza pomoc przedweterynaryjna\u201d. Wyst\u0105pienie po\u015bwi\u0119cone by\u0142o nag\u0142ym sytuacjom zagro\u017cenia \u017cycia u ps\u00f3w i praktycznym technikom, kt\u00f3re mog\u0105 uratowa\u0107 [&hellip;]<\/p>\n","protected":false},"author":204,"featured_media":0,"comment_status":"closed","ping_status":"open","sticky":false,"template":"","format":"standard","meta":{"_monsterinsights_skip_tracking":false,"_monsterinsights_sitenote_active":false,"_monsterinsights_sitenote_note":"","_monsterinsights_sitenote_category":0},"categories":[12],"tags":[],"_links":{"self":[{"href":"https:\/\/up.lublin.pl\/biologia\/wp-json\/wp\/v2\/posts\/175720"}],"collection":[{"href":"https:\/\/up.lublin.pl\/biologia\/wp-json\/wp\/v2\/posts"}],"about":[{"href":"https:\/\/up.lublin.pl\/biologia\/wp-json\/wp\/v2\/types\/post"}],"author":[{"embeddable":true,"href":"https:\/\/up.lublin.pl\/biologia\/wp-json\/wp\/v2\/users\/204"}],"replies":[{"embeddable":true,"href":"https:\/\/up.lublin.pl\/biologia\/wp-json\/wp\/v2\/comments?post=175720"}],"version-history":[{"count":1,"href":"https:\/\/up.lublin.pl\/biologia\/wp-json\/wp\/v2\/posts\/175720\/revisions"}],"predecessor-version":[{"id":175741,"href":"https:\/\/up.lublin.pl\/biologia\/wp-json\/wp\/v2\/posts\/175720\/revisions\/175741"}],"wp:attachment":[{"href":"https:\/\/up.lublin.pl\/biologia\/wp-json\/wp\/v2\/media?parent=175720"}],"wp:term":[{"taxonomy":"category","embeddable":true,"href":"https:\/\/up.lublin.pl\/biologia\/wp-json\/wp\/v2\/categories?post=175720"},{"taxonomy":"post_tag","embeddable":true,"href":"https:\/\/up.lublin.pl\/biologia\/wp-json\/wp\/v2\/tags?post=175720"}],"curies":[{"name":"wp","href":"https:\/\/api.w.org\/{rel}","templated":true}]}}