{"id":174345,"date":"2024-12-09T19:29:30","date_gmt":"2024-12-09T18:29:30","guid":{"rendered":"https:\/\/up.lublin.pl\/biologia\/?p=174345"},"modified":"2025-01-31T11:04:04","modified_gmt":"2025-01-31T10:04:04","slug":"staz-pracownika-instytutu-biologicznych-podstaw-produkcji-zwierzecej-na-ufmg","status":"publish","type":"post","link":"https:\/\/up.lublin.pl\/biologia\/staz-pracownika-instytutu-biologicznych-podstaw-produkcji-zwierzecej-na-ufmg\/","title":{"rendered":"Sta\u017c pracownika Instytutu Biologicznych Podstaw Produkcji Zwierz\u0119cej na UFMG"},"content":{"rendered":"<p>W dniach 27.09.-25.11.2024 r. Pani dr Angelika Tkaczyk-Wliz\u0142o realizowa\u0142a zagraniczny sta\u017c naukowy w Departamento de Patologia Geral, Instituto de Ci\u00eancias Biol\u00f3gicas, Universidade Federal de Minas Gerais (UFMG) w Belo Horizonte, Brazylia. Opiekunem naukowym by\u0142 Pan Prof. Geovanni Dantas Cassali. Mobilno\u015b\u0107 zosta\u0142a zrealizowana w ramach Strategii Rozwoju Uniwersytetu Przyrodniczego w Lublinie na potrzeby przygotowania do udzia\u0142u w konkursie \u201eInicjatywa doskona\u0142o\u015bci \u2013 uczelnia badawcza\u201d.<\/p>\n<p>Pracownia Prof. Cassali specjalizuje si\u0119 przede wszystkim w ocenie preparat\u00f3w nowotwor\u00f3w gruczo\u0142u mlekowego u zwierz\u0105t towarzysz\u0105cych takich jak psy oraz koty, aczkolwiek analizowany jest r\u00f3wnie\u017c materia\u0142 biologiczny innych gatunk\u00f3w zwierz\u0105t takich jak chomik, \u015bwinka morska czy dydelf. Podczas sta\u017cu Pani dr Tkaczyk-Wliz\u0142o mia\u0142a mo\u017cliwo\u015b\u0107 zapoznania si\u0119 z technikami stosowanymi do odpowiedniego przeprowadzania, utrwalania nowotwor\u00f3w, a nast\u0119pnie przygotowywania preparat\u00f3w histologicznych, aby finalnie by\u0142a mo\u017cliwo\u015b\u0107 ich oceny. Wiele uwagi po\u015bwi\u0119cono na odpowiednie rozpoznanie preparat\u00f3w mikroskopowych z uwzgl\u0119dnieniem klasyfikacji histologicznej nowotwor\u00f3w gruczo\u0142u mlekowego. Podczas sta\u017cu Pani Doktor zapozna\u0142a si\u0119 r\u00f3wnie\u017c z technik\u0105 immunohistochemii (IHC) oraz praktycznym zastosowaniem wybranych przeciwcia\u0142 do oceny ekspresji takich biomarker\u00f3w jak COX-2, Ki-67, ER, PR, p63 czy C-KIT.<\/p>\n<p><a href=\"https:\/\/up.lublin.pl\/biologia\/wp-content\/uploads\/sites\/4\/2025\/01\/Staz_1.jpg\"><img loading=\"lazy\" class=\"aligncenter size-full wp-image-174346\" src=\"https:\/\/up.lublin.pl\/biologia\/wp-content\/uploads\/sites\/4\/2025\/01\/Staz_1.jpg\" alt=\"\" width=\"800\" height=\"720\" \/><\/a><\/p>\n<p>Ponadto, w dniach 20-22.11.2024 r. Pani dr Angelika Tkaczyk-Wliz\u0142o bra\u0142a udzia\u0142 w I Congresso Brasileiro De Oncologia Translacional, kt\u00f3re mia\u0142o miejsce w Belo Horizonte, Minas Gerais. Podczas wydarzenia prelegentka przedstawi\u0142a dwa doniesienia: \u201eWhole mitochondrial genome sequencing of canine splenic haemangiosarcomas\u201d &#8211; wyniki uzyskano podczas realizacji projektu PRELUDIUM-20 \u201eZmiany w mitochondrialnym DNA w nowotworach \u015bledziony u ps\u00f3w \u2013 ocena ich roli i warto\u015bci diagnostycznej\u201d, kt\u00f3rego kierownikiem jest dr Angelika Tkaczyk-Wliz\u0142o oraz \u201eChanges in <em>COX1<\/em> and <em>COX3 <\/em>genes of canine mammary gland solid carcinomas G2 and G3\u201d &#8211; dane uzyskano podczas realizacji projektu OPUS-18 \u201eIdentyfikacja i funkcjonalna charakterystyka mutacji mtDNA w nowotworach z\u0142o\u015bliwych gruczo\u0142u mlekowego u ps\u00f3w na podstawie bada\u0144 genomicznych, epigenomicznych i proteomicznych\u201d, w kt\u00f3rym Pani Doktor jest wykonawc\u0105, a kierownikiem Pani Prof. dr hab. Brygida \u015alaska.<\/p>\n<p><a href=\"https:\/\/up.lublin.pl\/biologia\/wp-content\/uploads\/sites\/4\/2025\/01\/Staz_2.jpg\"><img loading=\"lazy\" class=\"aligncenter size-full wp-image-174350\" src=\"https:\/\/up.lublin.pl\/biologia\/wp-content\/uploads\/sites\/4\/2025\/01\/Staz_2.jpg\" alt=\"\" width=\"1280\" height=\"960\" \/><\/a><\/p>\n<p><a href=\"https:\/\/up.lublin.pl\/biologia\/wp-content\/uploads\/sites\/4\/2025\/01\/Staz_3.jpg\"><img loading=\"lazy\" class=\"aligncenter size-medium wp-image-174354\" src=\"https:\/\/up.lublin.pl\/biologia\/wp-content\/uploads\/sites\/4\/2025\/01\/Staz_3.jpg\" alt=\"\" width=\"1280\" height=\"816\" \/><\/a><\/p>\n<p>&nbsp;<\/p>\n<p>&nbsp;<\/p>\n","protected":false},"excerpt":{"rendered":"<p>W dniach 27.09.-25.11.2024 r. Pani dr Angelika Tkaczyk-Wliz\u0142o realizowa\u0142a zagraniczny sta\u017c naukowy w Departamento de Patologia Geral, Instituto de Ci\u00eancias Biol\u00f3gicas, Universidade Federal de Minas Gerais (UFMG) w Belo Horizonte, Brazylia. Opiekunem naukowym by\u0142 Pan Prof. Geovanni Dantas Cassali. Mobilno\u015b\u0107 zosta\u0142a zrealizowana w ramach Strategii Rozwoju Uniwersytetu Przyrodniczego w Lublinie na potrzeby przygotowania do udzia\u0142u [&hellip;]<\/p>\n","protected":false},"author":204,"featured_media":174792,"comment_status":"closed","ping_status":"open","sticky":false,"template":"","format":"standard","meta":{"_monsterinsights_skip_tracking":false,"_monsterinsights_sitenote_active":false,"_monsterinsights_sitenote_note":"","_monsterinsights_sitenote_category":0},"categories":[12],"tags":[],"_links":{"self":[{"href":"https:\/\/up.lublin.pl\/biologia\/wp-json\/wp\/v2\/posts\/174345"}],"collection":[{"href":"https:\/\/up.lublin.pl\/biologia\/wp-json\/wp\/v2\/posts"}],"about":[{"href":"https:\/\/up.lublin.pl\/biologia\/wp-json\/wp\/v2\/types\/post"}],"author":[{"embeddable":true,"href":"https:\/\/up.lublin.pl\/biologia\/wp-json\/wp\/v2\/users\/204"}],"replies":[{"embeddable":true,"href":"https:\/\/up.lublin.pl\/biologia\/wp-json\/wp\/v2\/comments?post=174345"}],"version-history":[{"count":1,"href":"https:\/\/up.lublin.pl\/biologia\/wp-json\/wp\/v2\/posts\/174345\/revisions"}],"predecessor-version":[{"id":174358,"href":"https:\/\/up.lublin.pl\/biologia\/wp-json\/wp\/v2\/posts\/174345\/revisions\/174358"}],"wp:featuredmedia":[{"embeddable":true,"href":"https:\/\/up.lublin.pl\/biologia\/wp-json\/wp\/v2\/media\/174792"}],"wp:attachment":[{"href":"https:\/\/up.lublin.pl\/biologia\/wp-json\/wp\/v2\/media?parent=174345"}],"wp:term":[{"taxonomy":"category","embeddable":true,"href":"https:\/\/up.lublin.pl\/biologia\/wp-json\/wp\/v2\/categories?post=174345"},{"taxonomy":"post_tag","embeddable":true,"href":"https:\/\/up.lublin.pl\/biologia\/wp-json\/wp\/v2\/tags?post=174345"}],"curies":[{"name":"wp","href":"https:\/\/api.w.org\/{rel}","templated":true}]}}