{"id":171856,"date":"2024-11-28T13:27:38","date_gmt":"2024-11-28T12:27:38","guid":{"rendered":"https:\/\/up.lublin.pl\/biologia\/?p=171856"},"modified":"2024-12-12T13:44:25","modified_gmt":"2024-12-12T12:44:25","slug":"zwierzeta-w-sluzbach-mundurowych-zajecia-terenowe-studentow-behawiorystyki-zwierzat","status":"publish","type":"post","link":"https:\/\/up.lublin.pl\/biologia\/zwierzeta-w-sluzbach-mundurowych-zajecia-terenowe-studentow-behawiorystyki-zwierzat\/","title":{"rendered":"Zwierz\u0119ta w s\u0142u\u017cbach mundurowych &#8211; Zaj\u0119cia terenowe student\u00f3w behawiorystyki zwierz\u0105t."},"content":{"rendered":"<p class=\"mcntMsoNormal\"><span class=\"mcntx193iq5w\">Studenci 2 roku Behawiorystyki zwierz\u0105t odbyli zaj\u0119cia terenowe w ramach przedmiotu &#8220;Zwierz\u0119ta w s\u0142u\u017cbach mundurowych&#8221; prowadzonego przez dr in\u017c. Damiana Zieli\u0144skiego z Katedry Etologii Zwierz\u0105t i \u0141owiectwa. W ramach zaj\u0119\u0107 spotkali si\u0119 z dwoma owczarkami belgijskimi z linii u\u017cytkowej (AK-47 oraz Zefir) oraz ich opiekunami z\u00a0<\/span><span class=\"mcntxt0psk2\"><u>Piesolog &#8211; szkolenie ps\u00f3w i hotel<\/u><\/span><span class=\"mcntx193iq5w\">. Porcja wiedzy przekazanej przez specjalist\u00f3w Krystiana Barana, Aleskandr\u0119 Maciejko-Baran oraz King\u0119 Zi\u0119bora. Pokaz pos\u0142usze\u0144stwa, pracy w\u0119chowej, obrony oraz ataku zrobi\u0142 na studentach ogromne wra\u017cenie i uzupe\u0142ni\u0142 wiedz\u0119 teoretyczn\u0105 zdobyt\u0105 na wyk\u0142adach. Praca ze zwierz\u0119tami s\u0142u\u017cbowymi to jeden z kierunk\u00f3w rozwoju jaki mog\u0105 wybra\u0107 studenci behawiorystyki zwierz\u0105t w swojej karierze zawodowej \u0142\u0105cz\u0105c pasj\u0119 do zwierz\u0105t z prac\u0105 w wybranej przez siebie s\u0142u\u017cbie mundurowej.<\/span><\/p>\n<p><a href=\"https:\/\/up.lublin.pl\/biologia\/wp-content\/uploads\/sites\/4\/2024\/11\/pies1.jpg\"><img loading=\"lazy\" class=\"aligncenter size-full wp-image-171857\" src=\"https:\/\/up.lublin.pl\/biologia\/wp-content\/uploads\/sites\/4\/2024\/11\/pies1.jpg\" alt=\"\" width=\"540\" height=\"816\" \/><\/a><\/p>\n<p><a href=\"https:\/\/up.lublin.pl\/biologia\/wp-content\/uploads\/sites\/4\/2024\/11\/pies2.jpg\"><img loading=\"lazy\" class=\"aligncenter size-medium wp-image-171861\" src=\"https:\/\/up.lublin.pl\/biologia\/wp-content\/uploads\/sites\/4\/2024\/11\/pies2.jpg\" alt=\"\" width=\"850\" height=\"540\" \/><\/a><\/p>\n<p><a href=\"https:\/\/up.lublin.pl\/biologia\/wp-content\/uploads\/sites\/4\/2024\/11\/pies3.jpg\"><img loading=\"lazy\" class=\"aligncenter size-medium wp-image-171865\" src=\"https:\/\/up.lublin.pl\/biologia\/wp-content\/uploads\/sites\/4\/2024\/11\/pies3.jpg\" alt=\"\" width=\"640\" height=\"675\" \/><\/a><\/p>\n<p>&nbsp;<\/p>\n<p class=\"mcntMsoNormal\"><span class=\"mcntx193iq5w\">Zach\u0119camy do obejrzenia kr\u00f3tkiej relacji na profilu <\/span><span class=\"mcntxt0psk2\"><u>Piesolog &#8211; szkolenie ps\u00f3w i hotel<\/u><\/span><span class=\"mcnthtml-span\">:<\/span><\/p>\n<p class=\"mcntMsoNormal\"><a title=\"https:\/\/www.facebook.com\/reel\/561114136856261\" href=\"https:\/\/www.facebook.com\/reel\/561114136856261\" target=\"_blank\" rel=\"noopener\">https:\/\/www.facebook.com\/reel\/561114136856261<\/a><\/p>\n","protected":false},"excerpt":{"rendered":"<p>Studenci 2 roku Behawiorystyki zwierz\u0105t odbyli zaj\u0119cia terenowe w ramach przedmiotu &#8220;Zwierz\u0119ta w s\u0142u\u017cbach mundurowych&#8221; prowadzonego przez dr in\u017c. Damiana Zieli\u0144skiego z Katedry Etologii Zwierz\u0105t i \u0141owiectwa. W ramach zaj\u0119\u0107 spotkali si\u0119 z dwoma owczarkami belgijskimi z linii u\u017cytkowej (AK-47 oraz Zefir) oraz ich opiekunami z\u00a0Piesolog &#8211; szkolenie ps\u00f3w i hotel. Porcja wiedzy przekazanej przez [&hellip;]<\/p>\n","protected":false},"author":204,"featured_media":174295,"comment_status":"closed","ping_status":"open","sticky":false,"template":"","format":"standard","meta":{"_monsterinsights_skip_tracking":false,"_monsterinsights_sitenote_active":false,"_monsterinsights_sitenote_note":"","_monsterinsights_sitenote_category":0},"categories":[12],"tags":[],"_links":{"self":[{"href":"https:\/\/up.lublin.pl\/biologia\/wp-json\/wp\/v2\/posts\/171856"}],"collection":[{"href":"https:\/\/up.lublin.pl\/biologia\/wp-json\/wp\/v2\/posts"}],"about":[{"href":"https:\/\/up.lublin.pl\/biologia\/wp-json\/wp\/v2\/types\/post"}],"author":[{"embeddable":true,"href":"https:\/\/up.lublin.pl\/biologia\/wp-json\/wp\/v2\/users\/204"}],"replies":[{"embeddable":true,"href":"https:\/\/up.lublin.pl\/biologia\/wp-json\/wp\/v2\/comments?post=171856"}],"version-history":[{"count":1,"href":"https:\/\/up.lublin.pl\/biologia\/wp-json\/wp\/v2\/posts\/171856\/revisions"}],"predecessor-version":[{"id":171869,"href":"https:\/\/up.lublin.pl\/biologia\/wp-json\/wp\/v2\/posts\/171856\/revisions\/171869"}],"wp:featuredmedia":[{"embeddable":true,"href":"https:\/\/up.lublin.pl\/biologia\/wp-json\/wp\/v2\/media\/174295"}],"wp:attachment":[{"href":"https:\/\/up.lublin.pl\/biologia\/wp-json\/wp\/v2\/media?parent=171856"}],"wp:term":[{"taxonomy":"category","embeddable":true,"href":"https:\/\/up.lublin.pl\/biologia\/wp-json\/wp\/v2\/categories?post=171856"},{"taxonomy":"post_tag","embeddable":true,"href":"https:\/\/up.lublin.pl\/biologia\/wp-json\/wp\/v2\/tags?post=171856"}],"curies":[{"name":"wp","href":"https:\/\/api.w.org\/{rel}","templated":true}]}}