{"id":171826,"date":"2024-11-26T10:21:45","date_gmt":"2024-11-26T09:21:45","guid":{"rendered":"https:\/\/up.lublin.pl\/biologia\/?p=171826"},"modified":"2024-11-28T13:04:45","modified_gmt":"2024-11-28T12:04:45","slug":"katedra-higieny-zwierzat-i-zagrozen-srodowiska-przyjela-dzieci-na-warsztaty","status":"publish","type":"post","link":"https:\/\/up.lublin.pl\/biologia\/katedra-higieny-zwierzat-i-zagrozen-srodowiska-przyjela-dzieci-na-warsztaty\/","title":{"rendered":"Katedra Higieny Zwierz\u0105t i Zagro\u017ce\u0144 \u015arodowiska przyj\u0119\u0142a dzieci na warsztaty"},"content":{"rendered":"<p>W dniu 13. listopada nasz Wydzia\u0142 odwiedzili uczniowie ze szko\u0142y ze Szko\u0142y Podstawowej im. Czes\u0142awa Janczarskiego w Wielkolesie. Dzieci wzi\u0119\u0142y udzia\u0142 w specjalnie przygotowanych warsztatach. Uczniowie dowiedzieli si\u0119 jakie zanieczyszczenia wyst\u0119puj\u0105 w powietrzu i jak mo\u017cemy je bada\u0107, ponadto izolowali i ogl\u0105dali DNA pod mikroskopem. To by\u0142a przygoda, kt\u00f3r\u0105 na pewno na d\u0142ugo zapami\u0119taj\u0105.<\/p>\n<p>&nbsp;<\/p>\n<p><a href=\"https:\/\/up.lublin.pl\/biologia\/wp-content\/uploads\/sites\/4\/2024\/11\/warsztaty0.jpg\"><img loading=\"lazy\" class=\"aligncenter size-full wp-image-171827\" src=\"https:\/\/up.lublin.pl\/biologia\/wp-content\/uploads\/sites\/4\/2024\/11\/warsztaty0.jpg\" alt=\"\" width=\"640\" height=\"570\" \/><\/a><\/p>\n<p><a href=\"https:\/\/up.lublin.pl\/biologia\/wp-content\/uploads\/sites\/4\/2024\/11\/warsztaty1.jpg\"><img loading=\"lazy\" class=\"aligncenter size-medium wp-image-171831\" src=\"https:\/\/up.lublin.pl\/biologia\/wp-content\/uploads\/sites\/4\/2024\/11\/warsztaty1.jpg\" alt=\"\" width=\"640\" height=\"853\" \/><\/a><\/p>\n<p><a href=\"https:\/\/up.lublin.pl\/biologia\/wp-content\/uploads\/sites\/4\/2024\/11\/warsztaty2.jpg\"><img loading=\"lazy\" class=\"aligncenter size-medium wp-image-171835\" src=\"https:\/\/up.lublin.pl\/biologia\/wp-content\/uploads\/sites\/4\/2024\/11\/warsztaty2.jpg\" alt=\"\" width=\"640\" height=\"853\" \/><\/a><\/p>\n<p><a href=\"https:\/\/up.lublin.pl\/biologia\/wp-content\/uploads\/sites\/4\/2024\/11\/warsztaty3.jpg\"><img loading=\"lazy\" class=\"aligncenter size-medium wp-image-171839\" src=\"https:\/\/up.lublin.pl\/biologia\/wp-content\/uploads\/sites\/4\/2024\/11\/warsztaty3.jpg\" alt=\"\" width=\"640\" height=\"853\" \/><\/a><\/p>\n<p><a href=\"https:\/\/up.lublin.pl\/biologia\/wp-content\/uploads\/sites\/4\/2024\/11\/warsztaty4.jpg\"><img loading=\"lazy\" class=\"aligncenter size-medium wp-image-171843\" src=\"https:\/\/up.lublin.pl\/biologia\/wp-content\/uploads\/sites\/4\/2024\/11\/warsztaty4.jpg\" alt=\"\" width=\"640\" height=\"853\" \/><\/a><\/p>\n<p>&nbsp;<\/p>\n","protected":false},"excerpt":{"rendered":"<p>W dniu 13. listopada nasz Wydzia\u0142 odwiedzili uczniowie ze szko\u0142y ze Szko\u0142y Podstawowej im. Czes\u0142awa Janczarskiego w Wielkolesie. Dzieci wzi\u0119\u0142y udzia\u0142 w specjalnie przygotowanych warsztatach. Uczniowie dowiedzieli si\u0119 jakie zanieczyszczenia wyst\u0119puj\u0105 w powietrzu i jak mo\u017cemy je bada\u0107, ponadto izolowali i ogl\u0105dali DNA pod mikroskopem. To by\u0142a przygoda, kt\u00f3r\u0105 na pewno na d\u0142ugo zapami\u0119taj\u0105. &nbsp; [&hellip;]<\/p>\n","protected":false},"author":204,"featured_media":162109,"comment_status":"closed","ping_status":"open","sticky":false,"template":"","format":"standard","meta":{"_monsterinsights_skip_tracking":false,"_monsterinsights_sitenote_active":false,"_monsterinsights_sitenote_note":"","_monsterinsights_sitenote_category":0},"categories":[12],"tags":[],"_links":{"self":[{"href":"https:\/\/up.lublin.pl\/biologia\/wp-json\/wp\/v2\/posts\/171826"}],"collection":[{"href":"https:\/\/up.lublin.pl\/biologia\/wp-json\/wp\/v2\/posts"}],"about":[{"href":"https:\/\/up.lublin.pl\/biologia\/wp-json\/wp\/v2\/types\/post"}],"author":[{"embeddable":true,"href":"https:\/\/up.lublin.pl\/biologia\/wp-json\/wp\/v2\/users\/204"}],"replies":[{"embeddable":true,"href":"https:\/\/up.lublin.pl\/biologia\/wp-json\/wp\/v2\/comments?post=171826"}],"version-history":[{"count":2,"href":"https:\/\/up.lublin.pl\/biologia\/wp-json\/wp\/v2\/posts\/171826\/revisions"}],"predecessor-version":[{"id":171848,"href":"https:\/\/up.lublin.pl\/biologia\/wp-json\/wp\/v2\/posts\/171826\/revisions\/171848"}],"wp:featuredmedia":[{"embeddable":true,"href":"https:\/\/up.lublin.pl\/biologia\/wp-json\/wp\/v2\/media\/162109"}],"wp:attachment":[{"href":"https:\/\/up.lublin.pl\/biologia\/wp-json\/wp\/v2\/media?parent=171826"}],"wp:term":[{"taxonomy":"category","embeddable":true,"href":"https:\/\/up.lublin.pl\/biologia\/wp-json\/wp\/v2\/categories?post=171826"},{"taxonomy":"post_tag","embeddable":true,"href":"https:\/\/up.lublin.pl\/biologia\/wp-json\/wp\/v2\/tags?post=171826"}],"curies":[{"name":"wp","href":"https:\/\/api.w.org\/{rel}","templated":true}]}}