{"id":171781,"date":"2024-11-21T20:24:25","date_gmt":"2024-11-21T19:24:25","guid":{"rendered":"https:\/\/up.lublin.pl\/biologia\/?p=171781"},"modified":"2024-11-28T13:04:21","modified_gmt":"2024-11-28T12:04:21","slug":"miedzynarodowy-dzien-studenta","status":"publish","type":"post","link":"https:\/\/up.lublin.pl\/biologia\/miedzynarodowy-dzien-studenta\/","title":{"rendered":"Mi\u0119dzynarodowy Dzie\u0144 Studenta"},"content":{"rendered":"<p>Dnia 18 listopada na parterze <em>Collegium Zootechnicum<\/em> odby\u0142a si\u0119 celebracja Mi\u0119dzynarodowego Dnia Studenta, kt\u00f3ry obchodzony jest 17 listopada. Z tej okazji Zesp\u00f3\u0142 ds. Wizerunku i Promocji Wydzia\u0142u we wsp\u00f3\u0142pracy z przedstawicielkami Wydzia\u0142owej Rady Samorz\u0105du Studenckiego oraz cz\u0142onkami Mi\u0119dzywydzia\u0142owego Studenckiego Ko\u0142a Genetyki Zwierz\u0105t przygotowali specjaln\u0105 gr\u0119 edukacyjn\u0105 pt. \u201eJakiego organizmu jest to DNA\u201d. Uczestnicy wydarzenia mieli okazj\u0119 przeanalizowa\u0107 sekwencje DNA r\u00f3\u017cnych zwierz\u0105t, w celu ich identyfikacji gatunkowej. Za wzi\u0119cie udzia\u0142u w zabawie przygotowane zosta\u0142y upominki dla ka\u017cdego uczestnika.<\/p>\n<p>Tego dnia Pani Dziekan prof. Brygida \u015alaska oraz Pan Prodziekan prof. Andrzej Junkuszew z\u0142o\u017cyli studentom \u017cyczenia samych pomy\u015blno\u015bci i sukces\u00f3w oraz zrobili sobie pami\u0105tkowe zdj\u0119cia w naszej nowej instagramowej ramce wydzia\u0142owej.<\/p>\n<p>Relacja z Mi\u0119dzynarodowego Dnia Studenta na Naszym Wydziale jest r\u00f3wnie\u017c dost\u0119pna na naszych social media (Facebook, Instagram). Zach\u0119camy wszystkich do zaobserowania naszych medi\u00f3w spo\u0142eczno\u015bciowych.<\/p>\n<p>&nbsp;<\/p>\n<p><a href=\"https:\/\/up.lublin.pl\/biologia\/wp-content\/uploads\/sites\/4\/2024\/11\/1-2.jpg\"><img loading=\"lazy\" class=\"aligncenter size-full wp-image-171783\" src=\"https:\/\/up.lublin.pl\/biologia\/wp-content\/uploads\/sites\/4\/2024\/11\/1-2.jpg\" alt=\"\" width=\"800\" height=\"786\" \/><\/a><\/p>\n<p>&nbsp;<\/p>\n<p><a href=\"https:\/\/up.lublin.pl\/biologia\/wp-content\/uploads\/sites\/4\/2024\/11\/2.jpg\"><img loading=\"lazy\" class=\"aligncenter size-full wp-image-171765\" src=\"https:\/\/up.lublin.pl\/biologia\/wp-content\/uploads\/sites\/4\/2024\/11\/2.jpg\" alt=\"\" width=\"800\" height=\"1067\" \/><\/a><\/p>\n<p>&nbsp;<\/p>\n<p><a href=\"https:\/\/up.lublin.pl\/biologia\/wp-content\/uploads\/sites\/4\/2024\/11\/3.jpg\"><img loading=\"lazy\" class=\"aligncenter size-full wp-image-171769\" src=\"https:\/\/up.lublin.pl\/biologia\/wp-content\/uploads\/sites\/4\/2024\/11\/3.jpg\" alt=\"\" width=\"800\" height=\"1067\" \/><\/a><\/p>\n<p>&nbsp;<\/p>\n<p><a href=\"https:\/\/up.lublin.pl\/biologia\/wp-content\/uploads\/sites\/4\/2024\/11\/4.jpg\"><img loading=\"lazy\" class=\"aligncenter size-full wp-image-171773\" src=\"https:\/\/up.lublin.pl\/biologia\/wp-content\/uploads\/sites\/4\/2024\/11\/4.jpg\" alt=\"\" width=\"800\" height=\"1106\" \/><\/a><\/p>\n<p>&nbsp;<\/p>\n<p>Zdj\u0119cia: Dzia\u0142 Rekrutacji i Promocji<\/p>\n","protected":false},"excerpt":{"rendered":"<p>Dnia 18 listopada na parterze Collegium Zootechnicum odby\u0142a si\u0119 celebracja Mi\u0119dzynarodowego Dnia Studenta, kt\u00f3ry obchodzony jest 17 listopada. Z tej okazji Zesp\u00f3\u0142 ds. Wizerunku i Promocji Wydzia\u0142u we wsp\u00f3\u0142pracy z przedstawicielkami Wydzia\u0142owej Rady Samorz\u0105du Studenckiego oraz cz\u0142onkami Mi\u0119dzywydzia\u0142owego Studenckiego Ko\u0142a Genetyki Zwierz\u0105t przygotowali specjaln\u0105 gr\u0119 edukacyjn\u0105 pt. \u201eJakiego organizmu jest to DNA\u201d. Uczestnicy wydarzenia mieli [&hellip;]<\/p>\n","protected":false},"author":204,"featured_media":162109,"comment_status":"closed","ping_status":"open","sticky":false,"template":"","format":"standard","meta":{"_monsterinsights_skip_tracking":false,"_monsterinsights_sitenote_active":false,"_monsterinsights_sitenote_note":"","_monsterinsights_sitenote_category":0},"categories":[12],"tags":[],"_links":{"self":[{"href":"https:\/\/up.lublin.pl\/biologia\/wp-json\/wp\/v2\/posts\/171781"}],"collection":[{"href":"https:\/\/up.lublin.pl\/biologia\/wp-json\/wp\/v2\/posts"}],"about":[{"href":"https:\/\/up.lublin.pl\/biologia\/wp-json\/wp\/v2\/types\/post"}],"author":[{"embeddable":true,"href":"https:\/\/up.lublin.pl\/biologia\/wp-json\/wp\/v2\/users\/204"}],"replies":[{"embeddable":true,"href":"https:\/\/up.lublin.pl\/biologia\/wp-json\/wp\/v2\/comments?post=171781"}],"version-history":[{"count":3,"href":"https:\/\/up.lublin.pl\/biologia\/wp-json\/wp\/v2\/posts\/171781\/revisions"}],"predecessor-version":[{"id":171788,"href":"https:\/\/up.lublin.pl\/biologia\/wp-json\/wp\/v2\/posts\/171781\/revisions\/171788"}],"wp:featuredmedia":[{"embeddable":true,"href":"https:\/\/up.lublin.pl\/biologia\/wp-json\/wp\/v2\/media\/162109"}],"wp:attachment":[{"href":"https:\/\/up.lublin.pl\/biologia\/wp-json\/wp\/v2\/media?parent=171781"}],"wp:term":[{"taxonomy":"category","embeddable":true,"href":"https:\/\/up.lublin.pl\/biologia\/wp-json\/wp\/v2\/categories?post=171781"},{"taxonomy":"post_tag","embeddable":true,"href":"https:\/\/up.lublin.pl\/biologia\/wp-json\/wp\/v2\/tags?post=171781"}],"curies":[{"name":"wp","href":"https:\/\/api.w.org\/{rel}","templated":true}]}}