{"id":170749,"date":"2024-10-28T13:51:27","date_gmt":"2024-10-28T12:51:27","guid":{"rendered":"https:\/\/up.lublin.pl\/biologia\/?p=170749"},"modified":"2024-11-20T10:53:20","modified_gmt":"2024-11-20T09:53:20","slug":"dr-hab-malgorzata-goleman-na-mistrzostwach-europy-psow-pasterskich","status":"publish","type":"post","link":"https:\/\/up.lublin.pl\/biologia\/dr-hab-malgorzata-goleman-na-mistrzostwach-europy-psow-pasterskich\/","title":{"rendered":"Dr hab. Ma\u0142gorzata Goleman na Mistrzostwach Europy Ps\u00f3w Pasterskich"},"content":{"rendered":"<p><strong>Mistrzostwa Europy Ps\u00f3w Pasterskich<\/strong><\/p>\n<p><strong>Pracownik badawczo-dydaktyczny naszego wydzia\u0142u Dr hab. Ma\u0142gorzata Goleman zaj\u0119\u0142a 6 miejsce na Mistrzostwach Europy Ps\u00f3w Pasterskich w Stylu Tradycyjnym a Polska dru\u017cynowo uplasowa\u0142a si\u0119 na 3 miejscu.<\/strong><\/p>\n<p><a href=\"https:\/\/up.lublin.pl\/biologia\/wp-content\/uploads\/sites\/4\/2024\/10\/HerdingDog1.jpg\"><br \/>\n<img loading=\"lazy\" class=\"aligncenter size-full wp-image-170750\" src=\"https:\/\/up.lublin.pl\/biologia\/wp-content\/uploads\/sites\/4\/2024\/10\/HerdingDog1.jpg\" alt=\"\" width=\"640\" height=\"1035\" \/><\/a><\/p>\n<p>W dniach 3-6 pa\u017adziernika 2024 roku w miejscowo\u015bci Bibbona w Toskanii we W\u0142oszech odby\u0142y si\u0119 II Mistrzostwach Europy Ps\u00f3w Pasterskich w Stylu Tradycyjnym (2nd TS Herding Dog European Championship), w kt\u00f3rych reprezentantem Polski by\u0142a dr hab. Ma\u0142gorzata Goleman.<\/p>\n<p>&nbsp;<\/p>\n<p><a href=\"https:\/\/up.lublin.pl\/biologia\/wp-content\/uploads\/sites\/4\/2024\/10\/HerdingDog2-2.jpg\"><img loading=\"lazy\" class=\"aligncenter size-full wp-image-170774\" src=\"https:\/\/up.lublin.pl\/biologia\/wp-content\/uploads\/sites\/4\/2024\/10\/HerdingDog2-2.jpg\" alt=\"\" width=\"1024\" height=\"836\" \/><\/a><\/p>\n<p>Mistrzostwa sk\u0142ada\u0142y si\u0119 z przebieg\u00f3w kwalifikacyjnych trwaj\u0105cych przez dwa dni (pi\u0105tek, sobota), do kt\u00f3rych przyst\u0105pi\u0142o 31 najlepszych zawodnik\u00f3w Europy ze swoimi psami. Z przebieg\u00f3w tych wy\u0142oniona by\u0142a 10 finalist\u00f3w do niedzielnego fina\u0142u.<\/p>\n<p><a href=\"https:\/\/up.lublin.pl\/biologia\/wp-content\/uploads\/sites\/4\/2024\/10\/HerdingDog3.jpg\"><img loading=\"lazy\" class=\"aligncenter size-medium wp-image-170758\" src=\"https:\/\/up.lublin.pl\/biologia\/wp-content\/uploads\/sites\/4\/2024\/10\/HerdingDog3.jpg\" alt=\"\" width=\"1024\" height=\"768\" \/><\/a><\/p>\n<p>Ma\u0142gorzata Goleman ze swoim psem STRONG EXCALIBUR Red Radimus rasy Australian Kelpie zdoby\u0142a 6 miejsce w kwalifikacjach (na 31 zawodnik\u00f3w), dostaj\u0105c si\u0119 tym samym do fina\u0142u. W takcie fina\u0142u r\u00f3wnie\u017c zdoby\u0142a 6 miejsce po zawodnikach z Francji, Finlandii i W\u0119gier.<\/p>\n<p><a href=\"https:\/\/up.lublin.pl\/biologia\/wp-content\/uploads\/sites\/4\/2024\/10\/HerdingDog4.jpg\"><img loading=\"lazy\" class=\"aligncenter size-medium wp-image-170762\" src=\"https:\/\/up.lublin.pl\/biologia\/wp-content\/uploads\/sites\/4\/2024\/10\/HerdingDog4.jpg\" alt=\"\" width=\"1024\" height=\"768\" \/><\/a><\/p>\n<p>W klasyfikacji dru\u017cynowej Polska reprezentowana przez trzech zawodnik\u00f3w uplasowa\u0142a si\u0119 na 3 miejscu na 11 dru\u017cyn.<\/p>\n<p><a href=\"https:\/\/up.lublin.pl\/biologia\/wp-content\/uploads\/sites\/4\/2024\/10\/HerdingDog5.jpg\"><img loading=\"lazy\" class=\"aligncenter size-medium wp-image-170766\" src=\"https:\/\/up.lublin.pl\/biologia\/wp-content\/uploads\/sites\/4\/2024\/10\/HerdingDog5.jpg\" alt=\"\" width=\"1024\" height=\"768\" \/><\/a><\/p>\n<p>Pani Doktor jest sztandarowym przyk\u0142adem jak nauka idzie w parze z praktyk\u0105.<\/p>\n<p style=\"text-align: right;\">Gratulujemy<\/p>\n","protected":false},"excerpt":{"rendered":"<p>Mistrzostwa Europy Ps\u00f3w Pasterskich Pracownik badawczo-dydaktyczny naszego wydzia\u0142u Dr hab. Ma\u0142gorzata Goleman zaj\u0119\u0142a 6 miejsce na Mistrzostwach Europy Ps\u00f3w Pasterskich w Stylu Tradycyjnym a Polska dru\u017cynowo uplasowa\u0142a si\u0119 na 3 miejscu. W dniach 3-6 pa\u017adziernika 2024 roku w miejscowo\u015bci Bibbona w Toskanii we W\u0142oszech odby\u0142y si\u0119 II Mistrzostwach Europy Ps\u00f3w Pasterskich w Stylu Tradycyjnym (2nd [&hellip;]<\/p>\n","protected":false},"author":204,"featured_media":162096,"comment_status":"closed","ping_status":"open","sticky":false,"template":"","format":"standard","meta":{"_monsterinsights_skip_tracking":false,"_monsterinsights_sitenote_active":false,"_monsterinsights_sitenote_note":"","_monsterinsights_sitenote_category":0},"categories":[12],"tags":[],"_links":{"self":[{"href":"https:\/\/up.lublin.pl\/biologia\/wp-json\/wp\/v2\/posts\/170749"}],"collection":[{"href":"https:\/\/up.lublin.pl\/biologia\/wp-json\/wp\/v2\/posts"}],"about":[{"href":"https:\/\/up.lublin.pl\/biologia\/wp-json\/wp\/v2\/types\/post"}],"author":[{"embeddable":true,"href":"https:\/\/up.lublin.pl\/biologia\/wp-json\/wp\/v2\/users\/204"}],"replies":[{"embeddable":true,"href":"https:\/\/up.lublin.pl\/biologia\/wp-json\/wp\/v2\/comments?post=170749"}],"version-history":[{"count":2,"href":"https:\/\/up.lublin.pl\/biologia\/wp-json\/wp\/v2\/posts\/170749\/revisions"}],"predecessor-version":[{"id":171566,"href":"https:\/\/up.lublin.pl\/biologia\/wp-json\/wp\/v2\/posts\/170749\/revisions\/171566"}],"wp:featuredmedia":[{"embeddable":true,"href":"https:\/\/up.lublin.pl\/biologia\/wp-json\/wp\/v2\/media\/162096"}],"wp:attachment":[{"href":"https:\/\/up.lublin.pl\/biologia\/wp-json\/wp\/v2\/media?parent=170749"}],"wp:term":[{"taxonomy":"category","embeddable":true,"href":"https:\/\/up.lublin.pl\/biologia\/wp-json\/wp\/v2\/categories?post=170749"},{"taxonomy":"post_tag","embeddable":true,"href":"https:\/\/up.lublin.pl\/biologia\/wp-json\/wp\/v2\/tags?post=170749"}],"curies":[{"name":"wp","href":"https:\/\/api.w.org\/{rel}","templated":true}]}}