{"id":169884,"date":"2024-09-24T18:01:52","date_gmt":"2024-09-24T16:01:52","guid":{"rendered":"https:\/\/up.lublin.pl\/biologia\/?p=169884"},"modified":"2024-09-27T14:38:16","modified_gmt":"2024-09-27T12:38:16","slug":"pracownicy-instytutu-biologicznych-podstaw-produkcji-zwierzecej-na-xxx-genetic-days","status":"publish","type":"post","link":"https:\/\/up.lublin.pl\/biologia\/pracownicy-instytutu-biologicznych-podstaw-produkcji-zwierzecej-na-xxx-genetic-days\/","title":{"rendered":"Pracownicy Instytutu Biologicznych Podstaw Produkcji Zwierz\u0119cej na XXX Genetic Days"},"content":{"rendered":"<p><a href=\"https:\/\/up.lublin.pl\/biologia\/wp-content\/uploads\/sites\/4\/2024\/09\/Genetic_days1.jpg\"><img loading=\"lazy\" class=\"aligncenter size-full wp-image-169885\" src=\"https:\/\/up.lublin.pl\/biologia\/wp-content\/uploads\/sites\/4\/2024\/09\/Genetic_days1.jpg\" alt=\"\" width=\"605\" height=\"379\" \/><\/a><\/p>\n<p>&nbsp;<\/p>\n<p>W dniach 10-13 wrze\u015bnia 2024 r. odby\u0142a si\u0119 mi\u0119dzynarodowa konferencja naukowa XXX Genetic Days po\u0142\u0105czona ze Zjazdem Katedr Jednoimiennych organizowana przez Uniwersytet Przyrodniczy we Wroc\u0142awiu. Wydarzenie mia\u0142o miejsce w malowniczym Zamku Ksi\u0105\u017c. Uczestnicy mieli okazj\u0119 wys\u0142ucha\u0107 licznych inspiruj\u0105cych wyk\u0142ad\u00f3w, w tym m.in. wyk\u0142adu doktora honoris causa naszej Uczelni \u2013 prof. Marka \u015awito\u0144skiego pt. \u201eCytogenomics in diagnostics of chromosome abnormalities\u201d oraz prezentacji dr Pauli Dobosz pt. \u201eWill there ever be a single cure for cancer?\u201d.<\/p>\n<p><a href=\"https:\/\/up.lublin.pl\/biologia\/wp-content\/uploads\/sites\/4\/2024\/09\/Genetic_days2.jpg\"><img loading=\"lazy\" class=\"aligncenter size-full wp-image-169889\" src=\"https:\/\/up.lublin.pl\/biologia\/wp-content\/uploads\/sites\/4\/2024\/09\/Genetic_days2.jpg\" alt=\"\" width=\"605\" height=\"806\" \/><\/a><\/p>\n<p><a href=\"https:\/\/up.lublin.pl\/biologia\/wp-content\/uploads\/sites\/4\/2024\/09\/Genetic_days3.jpg\"><img loading=\"lazy\" class=\"aligncenter size-medium wp-image-169893\" src=\"https:\/\/up.lublin.pl\/biologia\/wp-content\/uploads\/sites\/4\/2024\/09\/Genetic_days3.jpg\" alt=\"\" width=\"604\" height=\"272\" \/><\/a><\/p>\n<p>Pracownicy naszego Wydzia\u0142u, prof. dr hab. Brygida \u015alaska oraz prof. dr hab. Andrzej Jakubczak, pe\u0142nili funkcje moderator\u00f3w dw\u00f3ch sesji plenarnych: \u201eGenetics Department Convention\u201d oraz \u201eVarious omics in genetic analysis\u201d. Natomiast dr in\u017c. Beata Horecka i dr in\u017c. Krzysztof Kowal przedstawiali ofert\u0119 naukowo-badawcz\u0105 oraz tematyk\u0119 przedmiot\u00f3w realizowanych przez zesp\u00f3\u0142 Instytutu Biologicznych Podstaw Produkcji Zwierz\u0119cej. \u00a0Swoje wyniki bada\u0144 prezentowali r\u00f3wnie\u017c doktoranci: mgr in\u017c. Kaja Zi\u00f3\u0142kowska oraz mgr in\u017c. Pawe\u0142 Grychnik, realizuj\u0105cy prace doktorskie na naszym wydziale.<\/p>\n<p><a href=\"https:\/\/up.lublin.pl\/biologia\/wp-content\/uploads\/sites\/4\/2024\/09\/Genetic_days4.jpg\"><img loading=\"lazy\" class=\"aligncenter size-full wp-image-169897\" src=\"https:\/\/up.lublin.pl\/biologia\/wp-content\/uploads\/sites\/4\/2024\/09\/Genetic_days4.jpg\" alt=\"\" width=\"454\" height=\"606\" \/><\/a><\/p>\n<p>W czasie wolnym od sesji plenarnych uczestnicy Konferencji zwiedzali stadnin\u0119 koni rasy \u015bl\u0105skiej oraz komnaty zamkowe.<\/p>\n<p><a href=\"https:\/\/up.lublin.pl\/biologia\/wp-content\/uploads\/sites\/4\/2024\/09\/Genetic_days5.jpg\"><img loading=\"lazy\" class=\"aligncenter size-full wp-image-169901\" src=\"https:\/\/up.lublin.pl\/biologia\/wp-content\/uploads\/sites\/4\/2024\/09\/Genetic_days5.jpg\" alt=\"\" width=\"604\" height=\"340\" \/><\/a><\/p>\n<p><a href=\"https:\/\/up.lublin.pl\/biologia\/wp-content\/uploads\/sites\/4\/2024\/09\/Genetic_days6.jpg\"><img loading=\"lazy\" class=\"aligncenter size-medium wp-image-169905\" src=\"https:\/\/up.lublin.pl\/biologia\/wp-content\/uploads\/sites\/4\/2024\/09\/Genetic_days6.jpg\" alt=\"\" width=\"526\" height=\"933\" \/><\/a><\/p>\n","protected":false},"excerpt":{"rendered":"<p>&nbsp; W dniach 10-13 wrze\u015bnia 2024 r. odby\u0142a si\u0119 mi\u0119dzynarodowa konferencja naukowa XXX Genetic Days po\u0142\u0105czona ze Zjazdem Katedr Jednoimiennych organizowana przez Uniwersytet Przyrodniczy we Wroc\u0142awiu. Wydarzenie mia\u0142o miejsce w malowniczym Zamku Ksi\u0105\u017c. Uczestnicy mieli okazj\u0119 wys\u0142ucha\u0107 licznych inspiruj\u0105cych wyk\u0142ad\u00f3w, w tym m.in. wyk\u0142adu doktora honoris causa naszej Uczelni \u2013 prof. Marka \u015awito\u0144skiego pt. \u201eCytogenomics [&hellip;]<\/p>\n","protected":false},"author":204,"featured_media":162479,"comment_status":"closed","ping_status":"open","sticky":false,"template":"","format":"standard","meta":{"_monsterinsights_skip_tracking":false,"_monsterinsights_sitenote_active":false,"_monsterinsights_sitenote_note":"","_monsterinsights_sitenote_category":0},"categories":[12],"tags":[],"_links":{"self":[{"href":"https:\/\/up.lublin.pl\/biologia\/wp-json\/wp\/v2\/posts\/169884"}],"collection":[{"href":"https:\/\/up.lublin.pl\/biologia\/wp-json\/wp\/v2\/posts"}],"about":[{"href":"https:\/\/up.lublin.pl\/biologia\/wp-json\/wp\/v2\/types\/post"}],"author":[{"embeddable":true,"href":"https:\/\/up.lublin.pl\/biologia\/wp-json\/wp\/v2\/users\/204"}],"replies":[{"embeddable":true,"href":"https:\/\/up.lublin.pl\/biologia\/wp-json\/wp\/v2\/comments?post=169884"}],"version-history":[{"count":1,"href":"https:\/\/up.lublin.pl\/biologia\/wp-json\/wp\/v2\/posts\/169884\/revisions"}],"predecessor-version":[{"id":169909,"href":"https:\/\/up.lublin.pl\/biologia\/wp-json\/wp\/v2\/posts\/169884\/revisions\/169909"}],"wp:featuredmedia":[{"embeddable":true,"href":"https:\/\/up.lublin.pl\/biologia\/wp-json\/wp\/v2\/media\/162479"}],"wp:attachment":[{"href":"https:\/\/up.lublin.pl\/biologia\/wp-json\/wp\/v2\/media?parent=169884"}],"wp:term":[{"taxonomy":"category","embeddable":true,"href":"https:\/\/up.lublin.pl\/biologia\/wp-json\/wp\/v2\/categories?post=169884"},{"taxonomy":"post_tag","embeddable":true,"href":"https:\/\/up.lublin.pl\/biologia\/wp-json\/wp\/v2\/tags?post=169884"}],"curies":[{"name":"wp","href":"https:\/\/api.w.org\/{rel}","templated":true}]}}