{"id":167770,"date":"2024-07-05T20:53:38","date_gmt":"2024-07-05T18:53:38","guid":{"rendered":"https:\/\/up.lublin.pl\/biologia\/?p=167770"},"modified":"2024-07-09T07:47:19","modified_gmt":"2024-07-09T05:47:19","slug":"wyjazdy-terenowe-studentow-zootechniki-motycz-ludwinow-udane-zakonczenie-semestru","status":"publish","type":"post","link":"https:\/\/up.lublin.pl\/biologia\/wyjazdy-terenowe-studentow-zootechniki-motycz-ludwinow-udane-zakonczenie-semestru\/","title":{"rendered":"Wyjazdy terenowe student\u00f3w zootechniki &#8211; Motycz, Ludwin\u00f3w &#8211; udane zako\u0144czenie semestru"},"content":{"rendered":"<p>07.06.2024 r. studenci kierunku Zootechnika 1 i 2 roku, 2 stopnia specjalno\u015bci Bioin\u017cynieria i marketing pasz wraz z prof. dr hab. Renat\u0105 Klebaniuk i mgr in\u017c. Justyn\u0105 Widz byli na wyje\u017adzie terenowym w ekologicznym gospodarstwie rolnym \u201ePod Kasztanem\u201d w Ludwinowie na pojezierzu \u0142\u0119czy\u0144sko- w\u0142odawskim, specjalizuj\u0105cym si\u0119 w \u00a0hodowli byd\u0142a mlecznego i przetw\u00f3rstwie mleka. Jest to rodzinne gospodarstwo, posiadaj\u0105ce certyfikat ekologiczny oraz certyfikacj\u0119 ekologiczn\u0105 na przetw\u00f3rstwo. Studenci zostali zapoznani m.in. z procesem produkcyjnym mas\u0142a, \u015bmietany, twarog\u00f3w i ser\u00f3w dojrzewaj\u0105cych, jak r\u00f3wnie\u017c poznali\u00a0 praktyczne aspekty hodowli byd\u0142a mlecznego.<\/p>\n<p>&nbsp;<\/p>\n<p>10.06.2024 r. studenci kierunku Zootechnika oraz cz\u0142onkowie Ko\u0142a Naukowego \u017bywienia Zwierz\u0105t i Bromatologii wraz z dr. in\u017c. Maciejem B\u0105kowskim mieli okazj\u0119 uczestniczy\u0107 w wyje\u017adzie terenowym zorganizowanym do Wytw\u00f3rni Koncentrat\u00f3w i Mieszanek Paszowych &#8220;AGROPOL&#8221; maj\u0105cej swoj\u0105 siedzib\u0119 w Motyczu k. Lublina.<\/p>\n<p>&nbsp;<\/p>\n<p>Wytw\u00f3rnia Koncentrat\u00f3w i Mieszanek Paszowych AGROPOL s.j. w Motyczu prowadzi dzia\u0142alno\u015b\u0107 na rynku paszowym od 1991 roku. Powsta\u0142a na bazie Zak\u0142adu Do\u015bwiadczalnego Centralnego Laboratorium Przemys\u0142u Paszowego w Lublinie. Dobre tradycje kontynuuje do dnia dzisiejszego. Jest znana w Polsce i za granic\u0105. Prowadzi wsp\u00f3\u0142prac\u0119 z wieloma jednostkami badawczymi, samodzielnymi instytutami oraz uniwersytetami zajmuj\u0105cymi si\u0119 problematyk\u0105 \u017cywienia zwierz\u0105t. Produkuje mieszanki paszowe do\u015bwiadczalne i specjalistyczne. Produkcja odbywa si\u0119 w oparciu o nowoczesn\u0105 technologi\u0119. Firma ma wdro\u017cony system HACCP oraz ISO 9001:2008<\/p>\n<p>&nbsp;<\/p>\n<p>Wyjazdy terenowe stanowi\u0142y doskona\u0142\u0105 okazj\u0119 do zdobycia wiedzy praktycznej dotycz\u0105cej pracy w wytw\u00f3rni koncentrat\u00f3w i mieszanek paszowych jak r\u00f3wnie\u017c nawi\u0105zania kontakt\u00f3w ze specjalistami pracuj\u0105cymi w bran\u017cy zwi\u0105zanej z hodowl\u0105 byd\u0142a mlecznego i przetw\u00f3rstwie mleka. Dodatkowo wyjazdy pozwoli\u0142y na integracj\u0119 student\u00f3w r\u00f3\u017cnych rocznik\u00f3w oraz wymian\u0119 do\u015bwiadcze\u0144. Z ca\u0142\u0105 pewno\u015bci\u0105 studenci oczekuj\u0105 kolejnych tego typu teren\u00f3wek, kt\u00f3re r\u00f3wnie\u017c b\u0119d\u0105 organizowane przez pracownik\u00f3w Instytutu \u017bywienia Zwierz\u0105t i Bromatologii w kolejnych semestrach.<\/p>\n<h5 style=\"text-align: right;\"><\/h5>\n<h5 style=\"text-align: right;\">Tekst: dr in\u017c. Maciej B\u0105kowski<\/h5>\n<p><a href=\"https:\/\/up.lublin.pl\/biologia\/wp-content\/uploads\/sites\/4\/2024\/07\/Motycz-1.jpg\"><img loading=\"lazy\" class=\"aligncenter wp-image-167771\" src=\"https:\/\/up.lublin.pl\/biologia\/wp-content\/uploads\/sites\/4\/2024\/07\/Motycz-1.jpg\" alt=\"\" width=\"750\" height=\"555\" \/><\/a><\/p>\n<p><a href=\"https:\/\/up.lublin.pl\/biologia\/wp-content\/uploads\/sites\/4\/2024\/07\/Motycz-2.jpg\"><img loading=\"lazy\" class=\"aligncenter wp-image-167775\" src=\"https:\/\/up.lublin.pl\/biologia\/wp-content\/uploads\/sites\/4\/2024\/07\/Motycz-2.jpg\" alt=\"\" width=\"750\" height=\"563\" \/><\/a><\/p>\n<p><a href=\"https:\/\/up.lublin.pl\/biologia\/wp-content\/uploads\/sites\/4\/2024\/07\/Motycz-3.jpg\"><img loading=\"lazy\" class=\"aligncenter wp-image-167779\" src=\"https:\/\/up.lublin.pl\/biologia\/wp-content\/uploads\/sites\/4\/2024\/07\/Motycz-3.jpg\" alt=\"\" width=\"750\" height=\"563\" \/><\/a><\/p>\n<p><a href=\"https:\/\/up.lublin.pl\/biologia\/wp-content\/uploads\/sites\/4\/2024\/07\/Motycz-4.jpg\"><img loading=\"lazy\" class=\"aligncenter wp-image-167783\" src=\"https:\/\/up.lublin.pl\/biologia\/wp-content\/uploads\/sites\/4\/2024\/07\/Motycz-4.jpg\" alt=\"\" width=\"750\" height=\"1000\" \/><\/a><\/p>\n<p><a href=\"https:\/\/up.lublin.pl\/biologia\/wp-content\/uploads\/sites\/4\/2024\/07\/Motycz-5.jpg\"><img loading=\"lazy\" class=\"aligncenter wp-image-167787\" src=\"https:\/\/up.lublin.pl\/biologia\/wp-content\/uploads\/sites\/4\/2024\/07\/Motycz-5.jpg\" alt=\"\" width=\"750\" height=\"1000\" \/><\/a><\/p>\n<p><a href=\"https:\/\/up.lublin.pl\/biologia\/wp-content\/uploads\/sites\/4\/2024\/07\/Motycz-6.jpg\"><img loading=\"lazy\" class=\"aligncenter wp-image-167791\" src=\"https:\/\/up.lublin.pl\/biologia\/wp-content\/uploads\/sites\/4\/2024\/07\/Motycz-6.jpg\" alt=\"\" width=\"750\" height=\"563\" \/><\/a><\/p>\n<p><a href=\"https:\/\/up.lublin.pl\/biologia\/wp-content\/uploads\/sites\/4\/2024\/07\/Motycz-7.jpg\"><img loading=\"lazy\" class=\"aligncenter wp-image-167795\" src=\"https:\/\/up.lublin.pl\/biologia\/wp-content\/uploads\/sites\/4\/2024\/07\/Motycz-7.jpg\" alt=\"\" width=\"750\" height=\"1000\" \/><\/a><\/p>\n<p>&nbsp;<\/p>\n","protected":false},"excerpt":{"rendered":"<p>07.06.2024 r. studenci kierunku Zootechnika 1 i 2 roku, 2 stopnia specjalno\u015bci Bioin\u017cynieria i marketing pasz wraz z prof. dr hab. Renat\u0105 Klebaniuk i mgr in\u017c. Justyn\u0105 Widz byli na wyje\u017adzie terenowym w ekologicznym gospodarstwie rolnym \u201ePod Kasztanem\u201d w Ludwinowie na pojezierzu \u0142\u0119czy\u0144sko- w\u0142odawskim, specjalizuj\u0105cym si\u0119 w \u00a0hodowli byd\u0142a mlecznego i przetw\u00f3rstwie mleka. Jest to [&hellip;]<\/p>\n","protected":false},"author":204,"featured_media":167787,"comment_status":"closed","ping_status":"open","sticky":false,"template":"","format":"standard","meta":{"_monsterinsights_skip_tracking":false,"_monsterinsights_sitenote_active":false,"_monsterinsights_sitenote_note":"","_monsterinsights_sitenote_category":0},"categories":[12],"tags":[],"_links":{"self":[{"href":"https:\/\/up.lublin.pl\/biologia\/wp-json\/wp\/v2\/posts\/167770"}],"collection":[{"href":"https:\/\/up.lublin.pl\/biologia\/wp-json\/wp\/v2\/posts"}],"about":[{"href":"https:\/\/up.lublin.pl\/biologia\/wp-json\/wp\/v2\/types\/post"}],"author":[{"embeddable":true,"href":"https:\/\/up.lublin.pl\/biologia\/wp-json\/wp\/v2\/users\/204"}],"replies":[{"embeddable":true,"href":"https:\/\/up.lublin.pl\/biologia\/wp-json\/wp\/v2\/comments?post=167770"}],"version-history":[{"count":5,"href":"https:\/\/up.lublin.pl\/biologia\/wp-json\/wp\/v2\/posts\/167770\/revisions"}],"predecessor-version":[{"id":167812,"href":"https:\/\/up.lublin.pl\/biologia\/wp-json\/wp\/v2\/posts\/167770\/revisions\/167812"}],"wp:featuredmedia":[{"embeddable":true,"href":"https:\/\/up.lublin.pl\/biologia\/wp-json\/wp\/v2\/media\/167787"}],"wp:attachment":[{"href":"https:\/\/up.lublin.pl\/biologia\/wp-json\/wp\/v2\/media?parent=167770"}],"wp:term":[{"taxonomy":"category","embeddable":true,"href":"https:\/\/up.lublin.pl\/biologia\/wp-json\/wp\/v2\/categories?post=167770"},{"taxonomy":"post_tag","embeddable":true,"href":"https:\/\/up.lublin.pl\/biologia\/wp-json\/wp\/v2\/tags?post=167770"}],"curies":[{"name":"wp","href":"https:\/\/api.w.org\/{rel}","templated":true}]}}