{"id":167754,"date":"2024-07-02T15:21:12","date_gmt":"2024-07-02T13:21:12","guid":{"rendered":"https:\/\/up.lublin.pl\/biologia\/?p=167754"},"modified":"2024-07-09T07:42:11","modified_gmt":"2024-07-09T05:42:11","slug":"kierunek-pielegnacja-zwierzat-i-animaloterapia-otrzymal-pozytywna-ocene-programowa-wydana-przez-prezydium-polskiej-komisji-akredytacyjnej","status":"publish","type":"post","link":"https:\/\/up.lublin.pl\/biologia\/kierunek-pielegnacja-zwierzat-i-animaloterapia-otrzymal-pozytywna-ocene-programowa-wydana-przez-prezydium-polskiej-komisji-akredytacyjnej\/","title":{"rendered":"Kierunek PIEL\u0118GNACJA ZWIERZ\u0104T I ANIMALOTERAPIA otrzyma\u0142 pozytywn\u0105 ocen\u0119 programow\u0105 wydan\u0105 przez Prezydium Polskiej Komisji Akredytacyjnej"},"content":{"rendered":"<p>Mi\u0142o mi poinformowa\u0107, \u017ce kierunek studi\u00f3w <em>piel\u0119gnacja zwierz\u0105t i animaloterapia <\/em>otrzyma\u0142 pozytywn\u0105 ocen\u0119 programow\u0105 wydan\u0105 przez Prezydium Polskiej Komisji Akredytacyjnej.<\/p>\n<p>&nbsp;<\/p>\n<p><a href=\"https:\/\/up.lublin.pl\/biologia\/wp-content\/uploads\/sites\/4\/2024\/07\/PKA-Animaloterapia-2.jpg\"><img loading=\"lazy\" class=\"aligncenter  wp-image-167764\" src=\"https:\/\/up.lublin.pl\/biologia\/wp-content\/uploads\/sites\/4\/2024\/07\/PKA-Animaloterapia-2.jpg\" alt=\"\" width=\"742\" height=\"1114\" \/><\/a><\/p>\n<p>&nbsp;<\/p>\n<p>Pragn\u0119 z\u0142o\u017cy\u0107 serdeczne podzi\u0119kowania za wsp\u00f3\u0142prac\u0119, zaanga\u017cowanie i trud w\u0142o\u017cony w\u00a0proces akredytacji kierunku <em>piel\u0119gnacja zwierz\u0105t i animaloterapia<\/em>, szczeg\u00f3lnie Prodziekanom: prof. Bo\u017cenie Kiczorowskiej i prof. Andrzejowi Junkuszewowi oraz Przewodnicz\u0105cej Rady Programowej Kierunku \u2013 prof. dr hab. Iwonie Rozempolskiej-Ruci\u0144skiej i cz\u0142onkom Rady Programowej Kierunku, Dyrektorom i Kierownikom Jednostek, Pracownikom Instytutu Biologicznych Podstaw Produkcji Zwierz\u0119cej, a w szczeg\u00f3lno\u015bci pracownikom Zak\u0142adu Animaloterapii i Psychologii Zwierz\u0105t oraz pracownikom zaanga\u017cowanym w kszta\u0142cenie na kierunku, jak te\u017c Pani Koordynator Dziekanatu Wydzia\u0142u Nauk o Zwierz\u0119tach i Biogospodarki \u2013 mgr in\u017c. Agacie Niemiec i pracownicom Dziekanatu oraz wszystkim pracownikom uczelni bior\u0105cym udzia\u0142 w akredytacji.<\/p>\n<p>Pi\u0119knie dzi\u0119kuj\u0119 r\u00f3wnie\u017c osobom z otoczenia spo\u0142eczno-gospodarczego, Przewodnicz\u0105cej \u2013 Pani Wiktorii Mendel i cz\u0142onkom Wydzia\u0142owej Rady Samorz\u0105du Student\u00f3w, studentkom i\u00a0studentom za zaanga\u017cowanie i cenne rady dotycz\u0105ce programu kszta\u0142cenia.<\/p>\n<p><em>\u00a0<\/em><\/p>\n<p style=\"text-align: left; padding-left: 440px;\"><em>Dziekan<\/em><\/p>\n<p style=\"text-align: left; padding-left: 440px;\"><em>Wydzia\u0142u Nauk o Zwierz\u0119tach i Biogospodarki<\/em><\/p>\n<p style=\"text-align: left; padding-left: 440px;\"><em>prof. dr hab. Brygida \u015alaska<\/em><\/p>\n","protected":false},"excerpt":{"rendered":"<p>Mi\u0142o mi poinformowa\u0107, \u017ce kierunek studi\u00f3w piel\u0119gnacja zwierz\u0105t i animaloterapia otrzyma\u0142 pozytywn\u0105 ocen\u0119 programow\u0105 wydan\u0105 przez Prezydium Polskiej Komisji Akredytacyjnej. &nbsp; &nbsp; Pragn\u0119 z\u0142o\u017cy\u0107 serdeczne podzi\u0119kowania za wsp\u00f3\u0142prac\u0119, zaanga\u017cowanie i trud w\u0142o\u017cony w\u00a0proces akredytacji kierunku piel\u0119gnacja zwierz\u0105t i animaloterapia, szczeg\u00f3lnie Prodziekanom: prof. Bo\u017cenie Kiczorowskiej i prof. Andrzejowi Junkuszewowi oraz Przewodnicz\u0105cej Rady Programowej Kierunku \u2013 prof. [&hellip;]<\/p>\n","protected":false},"author":204,"featured_media":167804,"comment_status":"closed","ping_status":"open","sticky":false,"template":"","format":"standard","meta":{"_monsterinsights_skip_tracking":false,"_monsterinsights_sitenote_active":false,"_monsterinsights_sitenote_note":"","_monsterinsights_sitenote_category":0},"categories":[12],"tags":[],"_links":{"self":[{"href":"https:\/\/up.lublin.pl\/biologia\/wp-json\/wp\/v2\/posts\/167754"}],"collection":[{"href":"https:\/\/up.lublin.pl\/biologia\/wp-json\/wp\/v2\/posts"}],"about":[{"href":"https:\/\/up.lublin.pl\/biologia\/wp-json\/wp\/v2\/types\/post"}],"author":[{"embeddable":true,"href":"https:\/\/up.lublin.pl\/biologia\/wp-json\/wp\/v2\/users\/204"}],"replies":[{"embeddable":true,"href":"https:\/\/up.lublin.pl\/biologia\/wp-json\/wp\/v2\/comments?post=167754"}],"version-history":[{"count":4,"href":"https:\/\/up.lublin.pl\/biologia\/wp-json\/wp\/v2\/posts\/167754\/revisions"}],"predecessor-version":[{"id":167808,"href":"https:\/\/up.lublin.pl\/biologia\/wp-json\/wp\/v2\/posts\/167754\/revisions\/167808"}],"wp:featuredmedia":[{"embeddable":true,"href":"https:\/\/up.lublin.pl\/biologia\/wp-json\/wp\/v2\/media\/167804"}],"wp:attachment":[{"href":"https:\/\/up.lublin.pl\/biologia\/wp-json\/wp\/v2\/media?parent=167754"}],"wp:term":[{"taxonomy":"category","embeddable":true,"href":"https:\/\/up.lublin.pl\/biologia\/wp-json\/wp\/v2\/categories?post=167754"},{"taxonomy":"post_tag","embeddable":true,"href":"https:\/\/up.lublin.pl\/biologia\/wp-json\/wp\/v2\/tags?post=167754"}],"curies":[{"name":"wp","href":"https:\/\/api.w.org\/{rel}","templated":true}]}}