{"id":167689,"date":"2024-06-28T06:19:57","date_gmt":"2024-06-28T04:19:57","guid":{"rendered":"https:\/\/up.lublin.pl\/biologia\/?p=167689"},"modified":"2024-07-02T13:16:04","modified_gmt":"2024-07-02T11:16:04","slug":"prof-dr-hab-justyna-batkowska-honorowym-czlonkiem-national-university-of-life-and-environmental-sciences-of-ukraine","status":"publish","type":"post","link":"https:\/\/up.lublin.pl\/biologia\/prof-dr-hab-justyna-batkowska-honorowym-czlonkiem-national-university-of-life-and-environmental-sciences-of-ukraine\/","title":{"rendered":"Prof. dr hab. Justyna Batkowska Honorowym Cz\u0142onkiem National University of Life and Environmental Sciences of Ukraine"},"content":{"rendered":"<div><\/div>\n<div>Prof. dr hab. Justynie Batkowskiej nadany zosta\u0142 tytu\u0142 Honorowego Cz\u0142onka Katedry Anatomii, Histologii i Patomorfologii Zwierz\u0105t National University of Life and Environmental Sciences of Ukraine.<\/div>\n<div><\/div>\n<div><a href=\"https:\/\/up.lublin.pl\/biologia\/wp-content\/uploads\/sites\/4\/2024\/06\/Batkowska.jpg\"><img loading=\"lazy\" class=\"aligncenter size-full wp-image-167690\" src=\"https:\/\/up.lublin.pl\/biologia\/wp-content\/uploads\/sites\/4\/2024\/06\/Batkowska.jpg\" alt=\"\" width=\"970\" height=\"1222\" \/><\/a><\/div>\n<div><\/div>\n<div>Serdecznie gratulujemy!<\/div>\n","protected":false},"excerpt":{"rendered":"<p>Prof. dr hab. Justynie Batkowskiej nadany zosta\u0142 tytu\u0142 Honorowego Cz\u0142onka Katedry Anatomii, Histologii i Patomorfologii Zwierz\u0105t National University of Life and Environmental Sciences of Ukraine. Serdecznie gratulujemy!<\/p>\n","protected":false},"author":204,"featured_media":167750,"comment_status":"closed","ping_status":"open","sticky":false,"template":"","format":"standard","meta":{"_monsterinsights_skip_tracking":false,"_monsterinsights_sitenote_active":false,"_monsterinsights_sitenote_note":"","_monsterinsights_sitenote_category":0},"categories":[12],"tags":[],"_links":{"self":[{"href":"https:\/\/up.lublin.pl\/biologia\/wp-json\/wp\/v2\/posts\/167689"}],"collection":[{"href":"https:\/\/up.lublin.pl\/biologia\/wp-json\/wp\/v2\/posts"}],"about":[{"href":"https:\/\/up.lublin.pl\/biologia\/wp-json\/wp\/v2\/types\/post"}],"author":[{"embeddable":true,"href":"https:\/\/up.lublin.pl\/biologia\/wp-json\/wp\/v2\/users\/204"}],"replies":[{"embeddable":true,"href":"https:\/\/up.lublin.pl\/biologia\/wp-json\/wp\/v2\/comments?post=167689"}],"version-history":[{"count":2,"href":"https:\/\/up.lublin.pl\/biologia\/wp-json\/wp\/v2\/posts\/167689\/revisions"}],"predecessor-version":[{"id":167695,"href":"https:\/\/up.lublin.pl\/biologia\/wp-json\/wp\/v2\/posts\/167689\/revisions\/167695"}],"wp:featuredmedia":[{"embeddable":true,"href":"https:\/\/up.lublin.pl\/biologia\/wp-json\/wp\/v2\/media\/167750"}],"wp:attachment":[{"href":"https:\/\/up.lublin.pl\/biologia\/wp-json\/wp\/v2\/media?parent=167689"}],"wp:term":[{"taxonomy":"category","embeddable":true,"href":"https:\/\/up.lublin.pl\/biologia\/wp-json\/wp\/v2\/categories?post=167689"},{"taxonomy":"post_tag","embeddable":true,"href":"https:\/\/up.lublin.pl\/biologia\/wp-json\/wp\/v2\/tags?post=167689"}],"curies":[{"name":"wp","href":"https:\/\/api.w.org\/{rel}","templated":true}]}}