{"id":167548,"date":"2024-05-21T18:02:52","date_gmt":"2024-05-21T16:02:52","guid":{"rendered":"https:\/\/up.lublin.pl\/biologia\/?p=167548"},"modified":"2024-05-22T10:19:28","modified_gmt":"2024-05-22T08:19:28","slug":"zaproszenie-na-dzien-otwarty-w-lubelskim-egzotarium-gady-z-pasja-i-wiedza","status":"publish","type":"post","link":"https:\/\/up.lublin.pl\/biologia\/zaproszenie-na-dzien-otwarty-w-lubelskim-egzotarium-gady-z-pasja-i-wiedza\/","title":{"rendered":"Zaproszenie na Dzie\u0144 Otwarty w Lubelskim Egzotarium \u201eGady \u2013 z pasj\u0105 i wiedz\u0105!&#8221;"},"content":{"rendered":"<div><span class=\"mcntmcntx193iq5w mcntmcntxeuugli mcntmcntx13faqbe mcntmcntx1vvkbs mcntmcntx1xmvt09 mcntmcntx1lliihq mcntmcntx1s928wv mcntmcntxhkezso mcntmcntx1gmr53x mcntmcntx1cpjm7i mcntmcntx1fgarty mcntmcntx1943h6x mcntmcntxudqn12 mcntmcntx3x7a5m mcntmcntx6prxxf mcntmcntxvq8zen mcntmcntxo1l8bm mcntmcntxzsf02u mcntmcntx1yc453h\">Dr Damian Zieli\u0144ski (Katedra Etologii Zwierz\u0105t i \u0141owiectwa) oraz Fundacja Epicrates zapraszaj\u0105 na Dzie\u0144 Otwarty w Lubelskim Egzotarium\u00a0<\/span><span class=\"mcntmcntx193iq5w mcntmcntxeuugli mcntmcntx13faqbe mcntmcntx1vvkbs mcntmcntx1xmvt09 mcntmcntx1lliihq mcntmcntx1s928wv mcntmcntxhkezso mcntmcntx1gmr53x mcntmcntx1cpjm7i mcntmcntx1fgarty mcntmcntx1943h6x mcntmcntxudqn12 mcntmcntx3x7a5m mcntmcntx6prxxf mcntmcntxvq8zen mcntmcntxo1l8bm mcntmcntxzsf02u mcntmcntx1yc453h\">\u201eGady \u2013 z pasj\u0105 i wiedz\u0105!&#8221;. Wydarzenie to odb\u0119dzie si\u0119 na terenie<br \/>\n<\/span><\/div>\n<div>\n<div class=\"mcntmcntx11i5rnm mcntmcntxat24cr mcntmcntx1mh8g0r mcntmcntx1vvkbs mcntmcntxtlvy1s\"><\/div>\n<div class=\"mcntmcntx11i5rnm mcntmcntxat24cr mcntmcntx1mh8g0r mcntmcntx1vvkbs mcntmcntxtlvy1s\">Rosn\u0105ca moda na nietypowych pupili nie zawsze idzie w parze z rozs\u0105dkiem, odpowiedzialno\u015bci\u0105 i \u015bwiadomo\u015bci\u0105 ich specyficznych potrzeb. Dlatego nasze wydarzenie, kt\u00f3re rozpocznie si\u0119 26 maja 2024 r. o godzinie 11:00 na terenie Schroniska dla Zwierz\u0105t w Lublinie (<span class=\"mcntmcntx193iq5w mcntmcntxeuugli mcntmcntx13faqbe mcntmcntx1vvkbs mcntmcntx1xmvt09 mcntmcntx1lliihq mcntmcntx1s928wv mcntmcntxhkezso mcntmcntx1gmr53x mcntmcntx1cpjm7i mcntmcntx1fgarty mcntmcntx1943h6x mcntmcntxudqn12 mcntmcntx3x7a5m mcntmcntx6prxxf mcntmcntxvq8zen mcntmcntxo1l8bm mcntmcntxzsf02u mcntmcntx1yc453h\">ul. Metalurgiczna 5, Lublin<\/span>), b\u0119dzie mia\u0142o przede wszystkim wymiar edukacyjny. Do uczestnictwa zapraszamy nie tylko mi\u0142o\u015bnik\u00f3w gad\u00f3w, ale tak\u017ce wszystkie osoby zainteresowane zwierz\u0119tami.<\/div>\n<div class=\"mcntmcntx11i5rnm mcntmcntxat24cr mcntmcntx1mh8g0r mcntmcntx1vvkbs mcntmcntxtlvy1s\">Wyk\u0142ady przygotowali znani i cenieni specjali\u015bci w r\u00f3\u017cnych dziedzinach zwi\u0105zanych z gadami \u2013 lekarze weterynarii, hodowcy, biolodzy i herpetolodzy. To tak\u017ce znakomita okazja dla student\u00f3w r\u00f3\u017cnych kierunk\u00f3w zwi\u0105zanych ze zwierz\u0119tami aby poszerzy\u0107 swoj\u0105 wiedz\u0119.<\/div>\n<\/div>\n<div><span class=\"mcntmcntx193iq5w mcntmcntxeuugli mcntmcntx13faqbe mcntmcntx1vvkbs mcntmcntx1xmvt09 mcntmcntx1lliihq mcntmcntx1s928wv mcntmcntxhkezso mcntmcntx1gmr53x mcntmcntx1cpjm7i mcntmcntx1fgarty mcntmcntx1943h6x mcntmcntxudqn12 mcntmcntx3x7a5m mcntmcntx6prxxf mcntmcntxvq8zen mcntmcntxo1l8bm mcntmcntxzsf02u mcntmcntx1yc453h\">\u00a0<\/span><\/div>\n<div>\n<div class=\"mcntmcntx11i5rnm mcntmcntxat24cr mcntmcntx1mh8g0r mcntmcntx1vvkbs mcntmcntxtlvy1s\">Program wydarzenia:<\/div>\n<div class=\"mcntmcntx11i5rnm mcntmcntxat24cr mcntmcntx1mh8g0r mcntmcntx1vvkbs mcntmcntxtlvy1s\">\u201eLubelskie Egzotarium \u2013 historia i codzienno\u015b\u0107\u201d \u2013 Bart\u0142omiej Gorzkowski<\/div>\n<div class=\"mcntmcntx11i5rnm mcntmcntxat24cr mcntmcntx1mh8g0r mcntmcntx1vvkbs mcntmcntxtlvy1s\">\u201eGrzechy hodowc\u00f3w, czyli o zaburzeniach i wadach rozwojowych gad\u00f3w s\u0142\u00f3w kilka\u201d \u2013 lek. wet. Aleksandra Maluta<\/div>\n<div class=\"mcntmcntx11i5rnm mcntmcntxat24cr mcntmcntx1mh8g0r mcntmcntx1vvkbs mcntmcntxtlvy1s\">\u201eObs\u0142uga gatunk\u00f3w niebezpiecznych\u201d \u2013 Christian Schabinger<\/div>\n<div class=\"mcntmcntx11i5rnm mcntmcntxat24cr mcntmcntx1mh8g0r mcntmcntx1vvkbs mcntmcntxtlvy1s\">\u201eNa co zwr\u00f3ci\u0107 uwag\u0119 kupuj\u0105c zwierz\u0119ta egzotyczne na gie\u0142dach terrarystycznych?\u201d &#8211; dr in\u017c. Damian Zieli\u0144ski<\/div>\n<div class=\"mcntmcntx11i5rnm mcntmcntxat24cr mcntmcntx1mh8g0r mcntmcntx1vvkbs mcntmcntxtlvy1s\">\u201eSiedem lat w Azji Po\u0142udniowo-Wschodniej okiem herpetologa\u201d &#8211; Bartosz Nadolski<\/div>\n<div class=\"mcntmcntx11i5rnm mcntmcntxat24cr mcntmcntx1mh8g0r mcntmcntx1vvkbs mcntmcntxtlvy1s\">\u201eGady- ocena kondycji i udzielanie dora\u017anej pomocy\u201d \u2013 lek. wet. Nadia Chlebicka<\/div>\n<\/div>\n<div><\/div>\n<div><a href=\"https:\/\/up.lublin.pl\/biologia\/wp-content\/uploads\/sites\/4\/2024\/05\/Gady-z-pasja-i-wiedza.jpg\"><img loading=\"lazy\" class=\"aligncenter size-full wp-image-167549\" src=\"https:\/\/up.lublin.pl\/biologia\/wp-content\/uploads\/sites\/4\/2024\/05\/Gady-z-pasja-i-wiedza.jpg\" alt=\"\" width=\"800\" height=\"1128\" \/><\/a><\/div>\n<div>\n<div class=\"mcntmcntx11i5rnm mcntmcntxat24cr mcntmcntx1mh8g0r mcntmcntx1vvkbs mcntmcntxtlvy1s\"><\/div>\n<div class=\"mcntmcntx11i5rnm mcntmcntxat24cr mcntmcntx1mh8g0r mcntmcntx1vvkbs mcntmcntxtlvy1s\">Link do wydarzenia na facebooku:\u00a0<a title=\"https:\/\/www.facebook.com\/events\/816553703239992?active_tab=about\" href=\"https:\/\/www.facebook.com\/events\/816553703239992?active_tab=about\" target=\"_blank\" rel=\"noopener\">https:\/\/www.facebook.com\/events\/816553703239992?active_tab=about<\/a><\/div>\n<\/div>\n","protected":false},"excerpt":{"rendered":"<p>Dr Damian Zieli\u0144ski (Katedra Etologii Zwierz\u0105t i \u0141owiectwa) oraz Fundacja Epicrates zapraszaj\u0105 na Dzie\u0144 Otwarty w Lubelskim Egzotarium\u00a0\u201eGady \u2013 z pasj\u0105 i wiedz\u0105!&#8221;. Wydarzenie to odb\u0119dzie si\u0119 na terenie Rosn\u0105ca moda na nietypowych pupili nie zawsze idzie w parze z rozs\u0105dkiem, odpowiedzialno\u015bci\u0105 i \u015bwiadomo\u015bci\u0105 ich specyficznych potrzeb. Dlatego nasze wydarzenie, kt\u00f3re rozpocznie si\u0119 26 maja [&hellip;]<\/p>\n","protected":false},"author":204,"featured_media":167563,"comment_status":"closed","ping_status":"open","sticky":false,"template":"","format":"standard","meta":{"_monsterinsights_skip_tracking":false,"_monsterinsights_sitenote_active":false,"_monsterinsights_sitenote_note":"","_monsterinsights_sitenote_category":0},"categories":[12],"tags":[],"_links":{"self":[{"href":"https:\/\/up.lublin.pl\/biologia\/wp-json\/wp\/v2\/posts\/167548"}],"collection":[{"href":"https:\/\/up.lublin.pl\/biologia\/wp-json\/wp\/v2\/posts"}],"about":[{"href":"https:\/\/up.lublin.pl\/biologia\/wp-json\/wp\/v2\/types\/post"}],"author":[{"embeddable":true,"href":"https:\/\/up.lublin.pl\/biologia\/wp-json\/wp\/v2\/users\/204"}],"replies":[{"embeddable":true,"href":"https:\/\/up.lublin.pl\/biologia\/wp-json\/wp\/v2\/comments?post=167548"}],"version-history":[{"count":1,"href":"https:\/\/up.lublin.pl\/biologia\/wp-json\/wp\/v2\/posts\/167548\/revisions"}],"predecessor-version":[{"id":167553,"href":"https:\/\/up.lublin.pl\/biologia\/wp-json\/wp\/v2\/posts\/167548\/revisions\/167553"}],"wp:featuredmedia":[{"embeddable":true,"href":"https:\/\/up.lublin.pl\/biologia\/wp-json\/wp\/v2\/media\/167563"}],"wp:attachment":[{"href":"https:\/\/up.lublin.pl\/biologia\/wp-json\/wp\/v2\/media?parent=167548"}],"wp:term":[{"taxonomy":"category","embeddable":true,"href":"https:\/\/up.lublin.pl\/biologia\/wp-json\/wp\/v2\/categories?post=167548"},{"taxonomy":"post_tag","embeddable":true,"href":"https:\/\/up.lublin.pl\/biologia\/wp-json\/wp\/v2\/tags?post=167548"}],"curies":[{"name":"wp","href":"https:\/\/api.w.org\/{rel}","templated":true}]}}