{"id":162833,"date":"2023-12-13T20:48:55","date_gmt":"2023-12-13T19:48:55","guid":{"rendered":"https:\/\/up.lublin.pl\/biologia\/?p=162833"},"modified":"2023-12-21T08:51:25","modified_gmt":"2023-12-21T07:51:25","slug":"v-miedzynarodowa-wystawa-psow-rasowych-w-lublinie","status":"publish","type":"post","link":"https:\/\/up.lublin.pl\/biologia\/v-miedzynarodowa-wystawa-psow-rasowych-w-lublinie\/","title":{"rendered":"V Mi\u0119dzynarodowa Wystawa Ps\u00f3w Rasowych w Lublinie"},"content":{"rendered":"<p>W dniach 9-10.12.2023 roku w Targach Lublin odby\u0142a si\u0119 V Mi\u0119dzynarodowa Wystawa Ps\u00f3w Rasowych w Lublinie. Wydarzenie to zorganizowane zosta\u0142o przez Zwi\u0105zek Kynologiczny w Polsce, Oddzia\u0142 Lublin. Przy organizacji wystawy pomagali r\u00f3wnie\u017c pracownicy Katedry Etologii Zwierz\u0105t i \u0141owiectwa Uniwersytetu Przyrodniczego w Lublinie. W wystawie wzi\u0119\u0142o udzia\u0142 ponad 1500 ps\u00f3w, nale\u017c\u0105cych do 230 ras ze wszystkich 10 grup FCI. Zwierz\u0119ta te by\u0142y oceniane przez mi\u0119dzynarodow\u0105 obsad\u0119 s\u0119dziowsk\u0105<br \/>\nBy\u0142a to niepowtarzalna okazja na spotkanie wielu ras, kt\u00f3re nie ciesz\u0105 si\u0119 w Polsce znaczn\u0105 popularno\u015bci\u0105, a tak\u017ce ras nieuznanych przez FCI. Wydarzenie to mia\u0142o na celu r\u00f3wnie\u017c rozpropagowanie kynologii w \u015bwiadomo\u015bci spo\u0142ecze\u0144stwa, jak i popularyzacj\u0119 ps\u00f3w rasowych i etycznego podej\u015bcia do hodowli zwierz\u0105t. By\u0142a to r\u00f3wnie\u017c niepowtarzalna okazja do nawi\u0105zania nowych kontakt\u00f3w i do rozm\u00f3w z hodowcami.<\/p>\n<p>Dodatkowo, w trakcie wydarzenia zorganizowano pokazy szkolenia ps\u00f3w, takie jak pos\u0142usze\u0144stwo, taniec z psem czy agility. Takie formy aktywno\u015bci z psem nie tylko wykorzystuj\u0105 naturalne predyspozycje tych zwierz\u0105t, jak i r\u00f3wnie\u017c pomagaj\u0105 w nawi\u0105zaniu silnej wi\u0119zi z opiekunem. Zosta\u0142 zorganizowany r\u00f3wnie\u017c konkurs na przebranie miko\u0142ajkowe duetu pies-cz\u0142owiek.<\/p>\n<p>Na wystawie licznie pojawi\u0142y si\u0119 stoiska zwi\u0105zane z bran\u017c\u0105 zoologiczn\u0105, takie jak sklepy zoologiczne i producenci karm, gryzak\u00f3w czy pos\u0142a\u0144 dla zwierz\u0105t, jak i r\u00f3wnie\u017c wystawcy z profesjonalnymi kosmetykami groomerskimi \u2013 by\u0142a to \u015bwietna okazja do zaopatrzenia si\u0119 w produkty codziennego u\u017cytku, jak i stworzenie \u015bwi\u0105tecznego upominku dla pupila.<\/p>\n<p>W wystawie brali udzia\u0142 tak\u017ce studenci Uniwersytetu Przyrodniczego w Lublinie, zar\u00f3wno czynnie w roli gospodarzy jak i sekretarzy ring\u00f3w, jak i w ramach zaj\u0119\u0107 praktycznych na kierunkach studi\u00f3w: behawiorystyka zwierz\u0105t oraz piel\u0119gnacja zwierz\u0105t i animaloterapia, co umo\u017cliwi\u0142o im kontakt z nowym dla cz\u0119\u015bci student\u00f3w \u015bwiatem hodowc\u00f3w i kynolog\u00f3w.<\/p>\n<p>Kamila Kaszycka<\/p>\n<p>Ma\u0142gorzata Goleman<\/p>\n<p>&nbsp;<\/p>\n<p><a href=\"https:\/\/up.lublin.pl\/biologia\/wp-content\/uploads\/sites\/4\/2023\/12\/Australian-silki-terrier.jpg\"><img loading=\"lazy\" class=\"aligncenter size-full wp-image-162834\" src=\"https:\/\/up.lublin.pl\/biologia\/wp-content\/uploads\/sites\/4\/2023\/12\/Australian-silki-terrier.jpg\" alt=\"\" width=\"800\" height=\"599\" \/><\/a><\/p>\n<p>Australian silki terrier<\/p>\n<p><a href=\"https:\/\/up.lublin.pl\/biologia\/wp-content\/uploads\/sites\/4\/2023\/12\/Bolonka.jpg\"><img loading=\"lazy\" class=\"aligncenter size-medium wp-image-162838\" src=\"https:\/\/up.lublin.pl\/biologia\/wp-content\/uploads\/sites\/4\/2023\/12\/Bolonka.jpg\" alt=\"\" width=\"800\" height=\"717\" \/><\/a><\/p>\n<p>Bolonka<\/p>\n<p><a href=\"https:\/\/up.lublin.pl\/biologia\/wp-content\/uploads\/sites\/4\/2023\/12\/Cao-da-serra-da-estrella.jpg\"><img loading=\"lazy\" class=\"aligncenter size-medium wp-image-162842\" src=\"https:\/\/up.lublin.pl\/biologia\/wp-content\/uploads\/sites\/4\/2023\/12\/Cao-da-serra-da-estrella.jpg\" alt=\"\" width=\"800\" height=\"599\" \/><\/a><\/p>\n<p>Cao da serra da estrella<\/p>\n<p><a href=\"https:\/\/up.lublin.pl\/biologia\/wp-content\/uploads\/sites\/4\/2023\/12\/Dog-niemiecki.jpg\"><img loading=\"lazy\" class=\"aligncenter size-medium wp-image-162846\" src=\"https:\/\/up.lublin.pl\/biologia\/wp-content\/uploads\/sites\/4\/2023\/12\/Dog-niemiecki.jpg\" alt=\"\" width=\"800\" height=\"533\" \/><\/a><\/p>\n<p>Dog niemiecki<\/p>\n<p><a href=\"https:\/\/up.lublin.pl\/biologia\/wp-content\/uploads\/sites\/4\/2023\/12\/Polski-spaniel-mysliwski.jpg\"><img loading=\"lazy\" class=\"aligncenter size-medium wp-image-162850\" src=\"https:\/\/up.lublin.pl\/biologia\/wp-content\/uploads\/sites\/4\/2023\/12\/Polski-spaniel-mysliwski.jpg\" alt=\"\" width=\"800\" height=\"642\" \/><\/a><\/p>\n<p>Polski spaniel my\u015bliwski<\/p>\n<p>&nbsp;<\/p>\n","protected":false},"excerpt":{"rendered":"<p>W dniach 9-10.12.2023 roku w Targach Lublin odby\u0142a si\u0119 V Mi\u0119dzynarodowa Wystawa Ps\u00f3w Rasowych w Lublinie. Wydarzenie to zorganizowane zosta\u0142o przez Zwi\u0105zek Kynologiczny w Polsce, Oddzia\u0142 Lublin. Przy organizacji wystawy pomagali r\u00f3wnie\u017c pracownicy Katedry Etologii Zwierz\u0105t i \u0141owiectwa Uniwersytetu Przyrodniczego w Lublinie. W wystawie wzi\u0119\u0142o udzia\u0142 ponad 1500 ps\u00f3w, nale\u017c\u0105cych do 230 ras ze wszystkich [&hellip;]<\/p>\n","protected":false},"author":204,"featured_media":162908,"comment_status":"closed","ping_status":"open","sticky":false,"template":"","format":"standard","meta":{"_monsterinsights_skip_tracking":false,"_monsterinsights_sitenote_active":false,"_monsterinsights_sitenote_note":"","_monsterinsights_sitenote_category":0},"categories":[12],"tags":[],"_links":{"self":[{"href":"https:\/\/up.lublin.pl\/biologia\/wp-json\/wp\/v2\/posts\/162833"}],"collection":[{"href":"https:\/\/up.lublin.pl\/biologia\/wp-json\/wp\/v2\/posts"}],"about":[{"href":"https:\/\/up.lublin.pl\/biologia\/wp-json\/wp\/v2\/types\/post"}],"author":[{"embeddable":true,"href":"https:\/\/up.lublin.pl\/biologia\/wp-json\/wp\/v2\/users\/204"}],"replies":[{"embeddable":true,"href":"https:\/\/up.lublin.pl\/biologia\/wp-json\/wp\/v2\/comments?post=162833"}],"version-history":[{"count":1,"href":"https:\/\/up.lublin.pl\/biologia\/wp-json\/wp\/v2\/posts\/162833\/revisions"}],"predecessor-version":[{"id":162854,"href":"https:\/\/up.lublin.pl\/biologia\/wp-json\/wp\/v2\/posts\/162833\/revisions\/162854"}],"wp:featuredmedia":[{"embeddable":true,"href":"https:\/\/up.lublin.pl\/biologia\/wp-json\/wp\/v2\/media\/162908"}],"wp:attachment":[{"href":"https:\/\/up.lublin.pl\/biologia\/wp-json\/wp\/v2\/media?parent=162833"}],"wp:term":[{"taxonomy":"category","embeddable":true,"href":"https:\/\/up.lublin.pl\/biologia\/wp-json\/wp\/v2\/categories?post=162833"},{"taxonomy":"post_tag","embeddable":true,"href":"https:\/\/up.lublin.pl\/biologia\/wp-json\/wp\/v2\/tags?post=162833"}],"curies":[{"name":"wp","href":"https:\/\/api.w.org\/{rel}","templated":true}]}}