{"id":162581,"date":"2023-11-29T11:31:22","date_gmt":"2023-11-29T10:31:22","guid":{"rendered":"https:\/\/up.lublin.pl\/biologia\/?p=162581"},"modified":"2023-12-21T08:44:30","modified_gmt":"2023-12-21T07:44:30","slug":"iv-konferencja-naukowa-pt-ergonomia-bezpieczenstwo-i-higiena-pracy-w-praktyce","status":"publish","type":"post","link":"https:\/\/up.lublin.pl\/biologia\/iv-konferencja-naukowa-pt-ergonomia-bezpieczenstwo-i-higiena-pracy-w-praktyce\/","title":{"rendered":"IV Konferencja Naukowa pt. \u201eErgonomia, bezpiecze\u0144stwo i\u00a0higiena pracy w praktyce\u201d"},"content":{"rendered":"<p><strong>24 listopada 2023 roku w Auli Uniwersytetu Przyrodniczego w Lublinie odby\u0142a si\u0119 IV Konferencja Naukowa pt. \u201eERGONOMIA, BEZPIECZE\u0143STWO I HIGIENA PRACY W PRAKTYCE\u201d. Konferencja zorganizowana zosta\u0142a przez Uniwersytet Przyrodniczy w Lublinie (Wydzia\u0142 Nauk o Zwierz\u0119tach i Biogospodraki oraz Wydzia\u0142 In\u017cynierii Produkcji) oraz Stowarzyszenie Pracownik\u00f3w S\u0142u\u017cby Bezpiecze\u0144stwa i Higieny Pracy, oddzia\u0142 w Lublinie. Konferencja by\u0142a obj\u0119ta patronatem JM Rektora Uniwersytetu Przyrodniczego w Lublinie Pana prof. dr hab. dr h.c. Krzysztofa Kowalczyka<\/strong><\/p>\n<p><a href=\"https:\/\/up.lublin.pl\/biologia\/wp-content\/uploads\/sites\/4\/2023\/11\/Konferencja1.jpg\"><img loading=\"lazy\" class=\"aligncenter size-full wp-image-162582\" src=\"https:\/\/up.lublin.pl\/biologia\/wp-content\/uploads\/sites\/4\/2023\/11\/Konferencja1.jpg\" alt=\"\" width=\"605\" height=\"605\" \/><\/a><\/p>\n<p>&nbsp;<\/p>\n<p>Jej g\u0142\u00f3wnym celem by\u0142a promocja innowacyjnych rozwi\u0105za\u0144 w zakresie bezpiecze\u0144stwa pracy, ergonomii stanowisk pracy, a przede wszystkim bezpiecze\u0144stwa i higieny pracy w nawi\u0105zaniu do praktycznych rozwi\u0105za\u0144. Konferencja by\u0142a po\u0142\u0105czona z 30-leciem dzia\u0142alno\u015bci Lubelskiego Oddzia\u0142u Stowarzyszenia Pracownik\u00f3w S\u0142u\u017cby Bezpiecze\u0144stwa i Higieny Pracy. Uroczysto\u015b\u0107 zgromadzi\u0142a ponad 100 uczestnik\u00f3w, reprezentowanych przez student\u00f3w, pracownik\u00f3w lubelskich uczelni, cz\u0142onk\u00f3w Stowarzyszenia Pracownik\u00f3w S\u0142u\u017cby Bezpiecze\u0144stwa i Higieny Pracy a tak\u017ce przedstawicieli Pa\u0144stwowej Inspekcji Pracy, Zak\u0142adu Ubezpiecze\u0144 Spo\u0142ecznych, Kasy Rolniczego Ubezpieczenia Spo\u0142ecznego, Centralnego Instytutu Pracy PIB w Warszawie oraz Lubelskiego Oddzia\u0142u Polskiego Towarzystwa Ergonomicznego.<\/p>\n<p>W sesji plenarnej Konferencji wyst\u0105pili przedstawiciele instytucji zwi\u0105zanych z bezpiecze\u0144stwem pracownik\u00f3w (PIP), ubezpieczeniami spo\u0142ecznymi (ZUS i KRUS), a tak\u017ce instytucjami naukowymi (CIOP i UP w Lublinie).<\/p>\n<p><a href=\"https:\/\/up.lublin.pl\/biologia\/wp-content\/uploads\/sites\/4\/2023\/11\/Konferencja2.jpg\"><img loading=\"lazy\" class=\"aligncenter size-medium wp-image-162586\" src=\"https:\/\/up.lublin.pl\/biologia\/wp-content\/uploads\/sites\/4\/2023\/11\/Konferencja2.jpg\" alt=\"\" width=\"605\" height=\"403\" \/><\/a><\/p>\n<p>Spotkanie da\u0142o tak\u017ce mo\u017cliwo\u015b\u0107 poznania najnowszych instrument\u00f3w wykorzystywanych w profilaktyce bhp a prezentowanych przez partner\u00f3w wspieraj\u0105cych: Protektor S.A., Filter service Sp. z o.o., Zak\u0142ad Us\u0142ugowo \u2013 Handlowy \u201cKONSPO\u017b\u201d Sp.J., Iturri S.A., Milwaukee Poland.<\/p>\n<p><a href=\"https:\/\/up.lublin.pl\/biologia\/wp-content\/uploads\/sites\/4\/2023\/11\/Konferencja3.jpg\"><img loading=\"lazy\" class=\"aligncenter size-medium wp-image-162590\" src=\"https:\/\/up.lublin.pl\/biologia\/wp-content\/uploads\/sites\/4\/2023\/11\/Konferencja3.jpg\" alt=\"\" width=\"605\" height=\"403\" \/><\/a><\/p>\n<p><a href=\"https:\/\/up.lublin.pl\/biologia\/wp-content\/uploads\/sites\/4\/2023\/11\/Konferencja4.jpg\"><img loading=\"lazy\" class=\"aligncenter size-medium wp-image-162594\" src=\"https:\/\/up.lublin.pl\/biologia\/wp-content\/uploads\/sites\/4\/2023\/11\/Konferencja4.jpg\" alt=\"\" width=\"605\" height=\"403\" \/><\/a><\/p>\n<p>Cz\u0119\u015b\u0107 druga Konferencji by\u0142a po\u015bwi\u0119cona obchodom 30-lecia Lubelskiego Oddzia\u0142u Stowarzyszenia S\u0142u\u017cby BHP. By\u0142 to czas gratulacji, podzi\u0119kowa\u0144 i obietnic dalszych wsp\u00f3\u0142pracy, r\u00f3wnie\u017c w zakresie doradztwa-opiniowania programu kierunku bhp, jak te\u017c wizyt studyjnych i praktyk studenckich.<\/p>\n<p><a href=\"https:\/\/up.lublin.pl\/biologia\/wp-content\/uploads\/sites\/4\/2023\/11\/Konferencja5.jpg\"><img loading=\"lazy\" class=\"aligncenter size-medium wp-image-162598\" src=\"https:\/\/up.lublin.pl\/biologia\/wp-content\/uploads\/sites\/4\/2023\/11\/Konferencja5.jpg\" alt=\"\" width=\"605\" height=\"403\" \/><\/a><\/p>\n<p><a href=\"https:\/\/up.lublin.pl\/biologia\/wp-content\/uploads\/sites\/4\/2023\/11\/Konferencja6.jpg\"><img loading=\"lazy\" class=\"aligncenter size-medium wp-image-162602\" src=\"https:\/\/up.lublin.pl\/biologia\/wp-content\/uploads\/sites\/4\/2023\/11\/Konferencja6.jpg\" alt=\"\" width=\"605\" height=\"403\" \/><\/a><\/p>\n<p>Konferencja dla student\u00f3w kierunku BHP umo\u017cliwi\u0142a r\u00f3wnie\u017c udzia\u0142 w warsztatach tematycznych <em>\u201e<\/em><em>Gaszenie po\u017car\u00f3w podr\u0119cznym sprz\u0119tem ppo\u017c\u201d<\/em> organizowanych przez firm\u0119 RisCon a po\u015bwi\u0119conych prawid\u0142owemu zachowaniu si\u0119 podczas zagro\u017cenia po\u017carowego. W trakcie warsztat\u00f3w studenci nabywali wiedz\u0119 i umiej\u0119tno\u015bci z praktycznej obs\u0142ugi oraz w\u0142a\u015bciwego doboru sprz\u0119tu ga\u015bniczego. Prze\u0107wiczono r\u00f3wnie\u017c ewakuacj\u0119 z zadymionego pomieszczenia, gaszenie p\u0142on\u0105cego cz\u0142owieka, jak te\u017c praktyczne udzielanie pomocy w nag\u0142ych przypadkach mog\u0105cych powsta\u0107 podczas pracy.<\/p>\n<p>&nbsp;<\/p>\n<p><a href=\"https:\/\/up.lublin.pl\/biologia\/wp-content\/uploads\/sites\/4\/2023\/11\/Konferencja7.jpg\"><img loading=\"lazy\" class=\"aligncenter size-medium wp-image-162606\" src=\"https:\/\/up.lublin.pl\/biologia\/wp-content\/uploads\/sites\/4\/2023\/11\/Konferencja7.jpg\" alt=\"\" width=\"605\" height=\"403\" \/><\/a><\/p>\n<p><a href=\"https:\/\/up.lublin.pl\/biologia\/wp-content\/uploads\/sites\/4\/2023\/11\/Konferencja8.jpg\"><img loading=\"lazy\" class=\"aligncenter size-medium wp-image-162610\" src=\"https:\/\/up.lublin.pl\/biologia\/wp-content\/uploads\/sites\/4\/2023\/11\/Konferencja8.jpg\" alt=\"\" width=\"605\" height=\"403\" \/><\/a><\/p>\n<p><a href=\"https:\/\/up.lublin.pl\/biologia\/wp-content\/uploads\/sites\/4\/2023\/11\/Konferencja9.jpg\"><img loading=\"lazy\" class=\"aligncenter size-medium wp-image-162614\" src=\"https:\/\/up.lublin.pl\/biologia\/wp-content\/uploads\/sites\/4\/2023\/11\/Konferencja9.jpg\" alt=\"\" width=\"605\" height=\"806\" \/><\/a><\/p>\n<p>&nbsp;<\/p>\n<p><a href=\"https:\/\/up.lublin.pl\/biologia\/wp-content\/uploads\/sites\/4\/2023\/11\/Konferencja10.jpg\"><img loading=\"lazy\" class=\"aligncenter size-medium wp-image-162618\" src=\"https:\/\/up.lublin.pl\/biologia\/wp-content\/uploads\/sites\/4\/2023\/11\/Konferencja10.jpg\" alt=\"\" width=\"605\" height=\"806\" \/><\/a><\/p>\n<p>&nbsp;<\/p>\n<p><a href=\"https:\/\/up.lublin.pl\/biologia\/wp-content\/uploads\/sites\/4\/2023\/11\/Konferencja11.jpg\"><img loading=\"lazy\" class=\"aligncenter size-medium wp-image-162622\" src=\"https:\/\/up.lublin.pl\/biologia\/wp-content\/uploads\/sites\/4\/2023\/11\/Konferencja11.jpg\" alt=\"\" width=\"605\" height=\"403\" \/><\/a><\/p>\n<p>&nbsp;<\/p>\n<p>Podczas warsztat\u00f3w studenci: Martyna Cenian, Aleksandra Maciejewska i Micha\u0142 G\u00f3\u017ad\u017a otrzymali wyr\u00f3\u017cnienia i nagrody ufundowane przez Marsza\u0142ka Wojew\u00f3dztwa Lubelskiego, PGE Energia Ciep\u0142a S.A. Oddzia\u0142 Elektrociep\u0142ownia w Lublinie Wrotk\u00f3w, Faraone i Lubelski Oddzia\u0142 Stowarzyszenia S\u0142u\u017cby BHP.<\/p>\n<p>&nbsp;<\/p>\n<p>Zorganizowanie tej Konferencji by\u0142o mo\u017cliwe dzi\u0119ki wsparciu takich firm i instytucji jak: Urz\u0105d Marsza\u0142kowski Wojew\u00f3dztwa Lubelskiego, PGE Energia Ciep\u0142a S.A. Oddzia\u0142 Elektrociep\u0142ownia w Lublinie Wrotk\u00f3w, Sp\u00f3\u0142dzielnia Mleczarska w Rykach, Sp\u00f3\u0142dzielnia Mleczarska BIELUCH w Che\u0142mie oraz Polskie Zak\u0142ady Zbo\u017cowe Lubella GMW Sp. z o.o. w Lublinie.<\/p>\n","protected":false},"excerpt":{"rendered":"<p>24 listopada 2023 roku w Auli Uniwersytetu Przyrodniczego w Lublinie odby\u0142a si\u0119 IV Konferencja Naukowa pt. \u201eERGONOMIA, BEZPIECZE\u0143STWO I HIGIENA PRACY W PRAKTYCE\u201d. Konferencja zorganizowana zosta\u0142a przez Uniwersytet Przyrodniczy w Lublinie (Wydzia\u0142 Nauk o Zwierz\u0119tach i Biogospodraki oraz Wydzia\u0142 In\u017cynierii Produkcji) oraz Stowarzyszenie Pracownik\u00f3w S\u0142u\u017cby Bezpiecze\u0144stwa i Higieny Pracy, oddzia\u0142 w Lublinie. Konferencja by\u0142a obj\u0119ta [&hellip;]<\/p>\n","protected":false},"author":204,"featured_media":162890,"comment_status":"closed","ping_status":"open","sticky":false,"template":"","format":"standard","meta":{"_monsterinsights_skip_tracking":false,"_monsterinsights_sitenote_active":false,"_monsterinsights_sitenote_note":"","_monsterinsights_sitenote_category":0},"categories":[12],"tags":[],"_links":{"self":[{"href":"https:\/\/up.lublin.pl\/biologia\/wp-json\/wp\/v2\/posts\/162581"}],"collection":[{"href":"https:\/\/up.lublin.pl\/biologia\/wp-json\/wp\/v2\/posts"}],"about":[{"href":"https:\/\/up.lublin.pl\/biologia\/wp-json\/wp\/v2\/types\/post"}],"author":[{"embeddable":true,"href":"https:\/\/up.lublin.pl\/biologia\/wp-json\/wp\/v2\/users\/204"}],"replies":[{"embeddable":true,"href":"https:\/\/up.lublin.pl\/biologia\/wp-json\/wp\/v2\/comments?post=162581"}],"version-history":[{"count":1,"href":"https:\/\/up.lublin.pl\/biologia\/wp-json\/wp\/v2\/posts\/162581\/revisions"}],"predecessor-version":[{"id":162626,"href":"https:\/\/up.lublin.pl\/biologia\/wp-json\/wp\/v2\/posts\/162581\/revisions\/162626"}],"wp:featuredmedia":[{"embeddable":true,"href":"https:\/\/up.lublin.pl\/biologia\/wp-json\/wp\/v2\/media\/162890"}],"wp:attachment":[{"href":"https:\/\/up.lublin.pl\/biologia\/wp-json\/wp\/v2\/media?parent=162581"}],"wp:term":[{"taxonomy":"category","embeddable":true,"href":"https:\/\/up.lublin.pl\/biologia\/wp-json\/wp\/v2\/categories?post=162581"},{"taxonomy":"post_tag","embeddable":true,"href":"https:\/\/up.lublin.pl\/biologia\/wp-json\/wp\/v2\/tags?post=162581"}],"curies":[{"name":"wp","href":"https:\/\/api.w.org\/{rel}","templated":true}]}}