{"id":162571,"date":"2023-11-28T13:06:08","date_gmt":"2023-11-28T12:06:08","guid":{"rendered":"https:\/\/up.lublin.pl\/biologia\/?p=162571"},"modified":"2023-12-21T08:43:47","modified_gmt":"2023-12-21T07:43:47","slug":"dr-inz-m-bakowski-dr-inz-j-wojtas-i-dr-lek-wet-a-garbiec-na-konferencji-petfoodtech-we-wroclawiu","status":"publish","type":"post","link":"https:\/\/up.lublin.pl\/biologia\/dr-inz-m-bakowski-dr-inz-j-wojtas-i-dr-lek-wet-a-garbiec-na-konferencji-petfoodtech-we-wroclawiu\/","title":{"rendered":"Dr in\u017c. M. B\u0105kowski, dr in\u017c. J. Wojta\u015b i dr lek. wet A. Garbiec na konferencji PetFoodTech we Wroc\u0142awiu."},"content":{"rendered":"<p><span style=\"font-size: small;\">W dniach 23-24 listopada we Wroc\u0142awiu odby\u0142a si\u0119 pierwsza edycja konferencji Pet Food Tech. Jednymi z prelegent\u00f3w byli pracownicy naszego Wydzia\u0142u &#8211; dr in\u017c. Maciej B\u0105kowski, dr in\u017c. Justyna Wojtas i dr lek. wet. Aleksandra Garbiec. G\u0142\u00f3wnym tematem prelekcji Macieja B\u0105kowskiego by\u0142y zagro\u017cenia zwi\u0105zane z produkcj\u0105 karm dla zwierz\u0105t.\u00a0Jaka powinna by\u0107 karma aby lekarz weterynarii poleca\u0142 j\u0105 swoim pacjentom \u2013 o tym w dynamicznych prezentacjach opowiada\u0142y Justyna Wojta\u015b oraz Aleksandra Garbiec. Relacja z wydarzenia w linku poni\u017cej.<\/span><\/p>\n<div><span style=\"font-size: small;\">\u00a0<\/span><\/div>\n<div><span style=\"font-size: small;\"><a title=\"https:\/\/www.agroindustry.pl\/index.php\/2023\/11\/27\/pet-food-tech-2023-relacja\/\" href=\"https:\/\/www.agroindustry.pl\/index.php\/2023\/11\/27\/pet-food-tech-2023-relacja\/\" target=\"_blank\" rel=\"noopener\">https:\/\/www.agroindustry.pl\/index.php\/2023\/11\/27\/pet-food-tech-2023-relacja\/<\/a><\/span><\/div>\n","protected":false},"excerpt":{"rendered":"<p>W dniach 23-24 listopada we Wroc\u0142awiu odby\u0142a si\u0119 pierwsza edycja konferencji Pet Food Tech. Jednymi z prelegent\u00f3w byli pracownicy naszego Wydzia\u0142u &#8211; dr in\u017c. Maciej B\u0105kowski, dr in\u017c. Justyna Wojtas i dr lek. wet. Aleksandra Garbiec. G\u0142\u00f3wnym tematem prelekcji Macieja B\u0105kowskiego by\u0142y zagro\u017cenia zwi\u0105zane z produkcj\u0105 karm dla zwierz\u0105t.\u00a0Jaka powinna by\u0107 karma aby lekarz weterynarii [&hellip;]<\/p>\n","protected":false},"author":204,"featured_media":162100,"comment_status":"closed","ping_status":"open","sticky":false,"template":"","format":"standard","meta":{"_monsterinsights_skip_tracking":false,"_monsterinsights_sitenote_active":false,"_monsterinsights_sitenote_note":"","_monsterinsights_sitenote_category":0},"categories":[12],"tags":[],"_links":{"self":[{"href":"https:\/\/up.lublin.pl\/biologia\/wp-json\/wp\/v2\/posts\/162571"}],"collection":[{"href":"https:\/\/up.lublin.pl\/biologia\/wp-json\/wp\/v2\/posts"}],"about":[{"href":"https:\/\/up.lublin.pl\/biologia\/wp-json\/wp\/v2\/types\/post"}],"author":[{"embeddable":true,"href":"https:\/\/up.lublin.pl\/biologia\/wp-json\/wp\/v2\/users\/204"}],"replies":[{"embeddable":true,"href":"https:\/\/up.lublin.pl\/biologia\/wp-json\/wp\/v2\/comments?post=162571"}],"version-history":[{"count":2,"href":"https:\/\/up.lublin.pl\/biologia\/wp-json\/wp\/v2\/posts\/162571\/revisions"}],"predecessor-version":[{"id":162889,"href":"https:\/\/up.lublin.pl\/biologia\/wp-json\/wp\/v2\/posts\/162571\/revisions\/162889"}],"wp:featuredmedia":[{"embeddable":true,"href":"https:\/\/up.lublin.pl\/biologia\/wp-json\/wp\/v2\/media\/162100"}],"wp:attachment":[{"href":"https:\/\/up.lublin.pl\/biologia\/wp-json\/wp\/v2\/media?parent=162571"}],"wp:term":[{"taxonomy":"category","embeddable":true,"href":"https:\/\/up.lublin.pl\/biologia\/wp-json\/wp\/v2\/categories?post=162571"},{"taxonomy":"post_tag","embeddable":true,"href":"https:\/\/up.lublin.pl\/biologia\/wp-json\/wp\/v2\/tags?post=162571"}],"curies":[{"name":"wp","href":"https:\/\/api.w.org\/{rel}","templated":true}]}}