{"id":162460,"date":"2023-11-10T13:53:51","date_gmt":"2023-11-10T12:53:51","guid":{"rendered":"https:\/\/up.lublin.pl\/biologia\/?p=162460"},"modified":"2023-11-15T10:42:50","modified_gmt":"2023-11-15T09:42:50","slug":"wspolpraca-z-uniwersytetem-mehmet-akif-ersoy-w-burdur-w-turcji","status":"publish","type":"post","link":"https:\/\/up.lublin.pl\/biologia\/wspolpraca-z-uniwersytetem-mehmet-akif-ersoy-w-burdur-w-turcji\/","title":{"rendered":"Wsp\u00f3\u0142praca z Uniwersytetem Mehmet Akif Ersoy w Burdur w Turcji"},"content":{"rendered":"\t\t<div data-elementor-type=\"wp-post\" data-elementor-id=\"162460\" class=\"elementor elementor-162460\" data-elementor-settings=\"[]\">\n\t\t\t\t\t\t<div class=\"elementor-inner\">\n\t\t\t\t\t\t\t<div class=\"elementor-section-wrap\">\n\t\t\t\t\t\t\t<section class=\"elementor-section elementor-top-section elementor-element elementor-element-3a3d129 elementor-section-boxed elementor-section-height-default elementor-section-height-default\" data-id=\"3a3d129\" data-element_type=\"section\">\n\t\t\t\t\t\t<div class=\"elementor-container elementor-column-gap-default\">\n\t\t\t\t\t\t\t<div class=\"elementor-row\">\n\t\t\t\t\t<div class=\"elementor-column elementor-col-100 elementor-top-column elementor-element elementor-element-2959664\" data-id=\"2959664\" data-element_type=\"column\">\n\t\t\t<div class=\"elementor-column-wrap elementor-element-populated\">\n\t\t\t\t\t\t\t<div class=\"elementor-widget-wrap\">\n\t\t\t\t\t\t<div class=\"elementor-element elementor-element-a364be2 elementor-widget elementor-widget-m5c\" data-id=\"a364be2\" data-element_type=\"widget\" data-widget_type=\"m5c.default\">\n\t\t\t\t<div class=\"elementor-widget-container\">\n\t\t\t<section class=\"mn-m5-c mn-m5-d2 mn-bg-white\">\n\t<div class=\"mn-grid\">\n\t\t\t\t<div class=\"mn-content mn-grid-9\">\n\t\t\t                <div class=\"mn-content-block active\">\n\t                                                        <div class=\"block-text\">\n\t                                        <h2><strong>Wsp\u00f3\u0142praca z&nbsp;Uniwersytetem Mehmet Akif Ersoy w&nbsp;Burdur w&nbsp;Turcji<\/strong><\/h2>\n<p><strong>29 wrze\u015bnia 2023 r. zosta\u0142o podpisane porozumienie o&nbsp;wsp\u00f3\u0142pracy mi\u0119dzynarodowej pomi\u0119dzy Uniwersytetem Przyrodniczym w&nbsp;Lublinie a&nbsp;Uniwersytetem Mehmet Akif Ersoy w&nbsp;Burdur w&nbsp;Turcji. <\/strong><strong>Umowa dotyczy wsp\u00f3\u0142dzia\u0142ania w&nbsp;zakresie dzia\u0142alno\u015bci naukowej i&nbsp;dydaktycznej, prowadzenia bada\u0144, a&nbsp;tak\u017ce przygotowywania i&nbsp;realizowania projekt\u00f3w badawczych.<\/strong><\/p>\n<p><strong> <img loading=\"lazy\" class=\"alignnone size-full wp-image-376101\" src=\"https:\/\/up.lublin.pl\/wp-content\/uploads\/2023\/11\/Obraz3.jpg\" alt=\"3 osoby \" width=\"1386\" height=\"924\" \/><\/strong>Umow\u0119 w&nbsp;imieniu obydwu Uniwersytet\u00f3w podpisali\u00a0 Prorektor ds. Nauki i&nbsp;Wsp\u00f3\u0142pracy z&nbsp;Zagranic\u0105, <strong>dr hab. Bartosz So\u0142owiej, prof. uczelni,<\/strong> oraz <strong>prof. dr. H\u00fcseyin Dalgar,<\/strong> Prorektor ds. Nauki i&nbsp;Wsp\u00f3\u0142pracy z&nbsp;Zagranic\u0105 Uniwersytetu Mehmet Akif Ersoy w&nbsp;Burdur.<\/p>\n<p>Inicjatorem podpisanego porozumienia jest <strong>doc. dr H\u0131d\u0131r G\u00fcm\u00fc\u015f<\/strong> z&nbsp;Katedry \u017bywienia Zwierz\u0105t i&nbsp;Chor\u00f3b \u017bywieniowych Wydzia\u0142u Medycyny Weterynaryjnej Uniwersytetu Mehmet Akif Ersoy w&nbsp;Burdur w&nbsp;Turcji oraz <strong>dr in\u017c. Edyta Kowalczuk-Vasilev <\/strong>z Instytutu \u017bywienia Zwierz\u0105t i&nbsp;Bromatologii Wydzia\u0142u Nauk o&nbsp;Zwierz\u0119tach i&nbsp;Biogospodarki Uniwersytetu Przyrodniczego w&nbsp;Lublinie.<\/p>\n<h5 style=\"text-align: right\">Zdj\u0119cia: Maciej Niedzi\u00f3\u0142ka<\/h5>\n                                        <\/div>\n\t\t\t\t\t\t                                <\/div>\n\t\t\t\t                <div class=\"mn-content-block\">\n\t                                <\/div>\n\t\t\t\t                <div class=\"mn-content-block\">\n\t                                <\/div>\n\t\t\t\t                <div class=\"mn-content-block\">\n\t                                <\/div>\n\t\t\t\t                <div class=\"mn-content-block\">\n\t                                <\/div>\n\t\t\t\t                <div class=\"mn-content-block\">\n\t                                <\/div>\n\t\t\t\t                <div class=\"mn-content-block\">\n\t                                <\/div>\n\t\t\t\t                <div class=\"mn-content-block\">\n\t                                <\/div>\n\t\t\t\t                <div class=\"mn-content-block\">\n\t                                <\/div>\n\t\t\t\t                <div class=\"mn-content-block\">\n\t                                <\/div>\n\t\t\t\t                <div class=\"mn-content-block\">\n\t                                <\/div>\n\t\t\t\t                <div class=\"mn-content-block\">\n\t                                <\/div>\n\t\t\t\t                <div class=\"mn-content-block\">\n\t                                <\/div>\n\t\t\t\t                <div class=\"mn-content-block\">\n\t                                <\/div>\n\t\t\t\t                <div class=\"mn-content-block\">\n\t                                <\/div>\n\t\t\t\t                <div class=\"mn-content-block\">\n\t                                <\/div>\n\t\t\t\t                <div class=\"mn-content-block\">\n\t                                <\/div>\n\t\t\t\t                <div class=\"mn-content-block\">\n\t                                <\/div>\n\t\t\t\t                <div class=\"mn-content-block\">\n\t                                <\/div>\n\t\t\t\t                <div class=\"mn-content-block\">\n\t                                <\/div>\n\t\t\t\t\t\t<\/div>\n\t<\/div>\n<\/section>\n\t\t<\/div>\n\t\t\t\t<\/div>\n\t\t\t\t\t\t<\/div>\n\t\t\t\t\t<\/div>\n\t\t<\/div>\n\t\t\t\t\t\t\t\t<\/div>\n\t\t\t\t\t<\/div>\n\t\t<\/section>\n\t\t\t\t\t\t<\/div>\n\t\t\t\t\t\t<\/div>\n\t\t\t\t\t<\/div>\n\t\t","protected":false},"excerpt":{"rendered":"<p>Wsp\u00f3\u0142praca z\u00a0Uniwersytetem Mehmet Akif Ersoy w\u00a0Burdur w\u00a0Turcji 29 wrze\u015bnia 2023 r. zosta\u0142o podpisane porozumienie o\u00a0wsp\u00f3\u0142pracy mi\u0119dzynarodowej pomi\u0119dzy Uniwersytetem Przyrodniczym w\u00a0Lublinie a\u00a0Uniwersytetem Mehmet Akif Ersoy w\u00a0Burdur w\u00a0Turcji. Umowa dotyczy wsp\u00f3\u0142dzia\u0142ania w\u00a0zakresie dzia\u0142alno\u015bci naukowej i\u00a0dydaktycznej, prowadzenia bada\u0144, a\u00a0tak\u017ce przygotowywania i\u00a0realizowania projekt\u00f3w badawczych. Umow\u0119 w\u00a0imieniu obydwu Uniwersytet\u00f3w podpisali\u00a0 Prorektor ds. Nauki i\u00a0Wsp\u00f3\u0142pracy z\u00a0Zagranic\u0105, dr hab. Bartosz So\u0142owiej, prof. [&hellip;]<\/p>\n","protected":false},"author":2,"featured_media":162479,"comment_status":"closed","ping_status":"open","sticky":false,"template":"","format":"standard","meta":{"_monsterinsights_skip_tracking":false,"_monsterinsights_sitenote_active":false,"_monsterinsights_sitenote_note":"","_monsterinsights_sitenote_category":0},"categories":[12],"tags":[],"_links":{"self":[{"href":"https:\/\/up.lublin.pl\/biologia\/wp-json\/wp\/v2\/posts\/162460"}],"collection":[{"href":"https:\/\/up.lublin.pl\/biologia\/wp-json\/wp\/v2\/posts"}],"about":[{"href":"https:\/\/up.lublin.pl\/biologia\/wp-json\/wp\/v2\/types\/post"}],"author":[{"embeddable":true,"href":"https:\/\/up.lublin.pl\/biologia\/wp-json\/wp\/v2\/users\/2"}],"replies":[{"embeddable":true,"href":"https:\/\/up.lublin.pl\/biologia\/wp-json\/wp\/v2\/comments?post=162460"}],"version-history":[{"count":5,"href":"https:\/\/up.lublin.pl\/biologia\/wp-json\/wp\/v2\/posts\/162460\/revisions"}],"predecessor-version":[{"id":162478,"href":"https:\/\/up.lublin.pl\/biologia\/wp-json\/wp\/v2\/posts\/162460\/revisions\/162478"}],"wp:featuredmedia":[{"embeddable":true,"href":"https:\/\/up.lublin.pl\/biologia\/wp-json\/wp\/v2\/media\/162479"}],"wp:attachment":[{"href":"https:\/\/up.lublin.pl\/biologia\/wp-json\/wp\/v2\/media?parent=162460"}],"wp:term":[{"taxonomy":"category","embeddable":true,"href":"https:\/\/up.lublin.pl\/biologia\/wp-json\/wp\/v2\/categories?post=162460"},{"taxonomy":"post_tag","embeddable":true,"href":"https:\/\/up.lublin.pl\/biologia\/wp-json\/wp\/v2\/tags?post=162460"}],"curies":[{"name":"wp","href":"https:\/\/api.w.org\/{rel}","templated":true}]}}