{"id":162152,"date":"2023-10-30T10:00:25","date_gmt":"2023-10-30T09:00:25","guid":{"rendered":"https:\/\/up.lublin.pl\/biologia\/?p=162152"},"modified":"2023-11-06T08:46:52","modified_gmt":"2023-11-06T07:46:52","slug":"dr-inz-damian-zielinski-katedra-etologii-zwierzat-i-lowiectwa-byl-gosciem-audycji-doktor-zwierzak-w-polskim-radiu-lublin","status":"publish","type":"post","link":"https:\/\/up.lublin.pl\/biologia\/dr-inz-damian-zielinski-katedra-etologii-zwierzat-i-lowiectwa-byl-gosciem-audycji-doktor-zwierzak-w-polskim-radiu-lublin\/","title":{"rendered":"Dr in\u017c. Damian Zieli\u0144ski (Katedra Etologii Zwierz\u0105t i \u0141owiectwa) by\u0142 go\u015bciem audycji \u201eDoktor Zwierzak\u201d w Polskim Radiu Lublin."},"content":{"rendered":"<p class=\"mcntMsoNormal\">Wiedza na temat utrzymywania gad\u00f3w na przestrzeni lat zdecydowanie wzros\u0142a, r\u00f3wnie\u017c \u015bwiadomo\u015b\u0107 ludzi co do warunk\u00f3w w jakich powinny przebywa\u0107 gady i inne egzotycznie zwierz\u0119ta uleg\u0142a poprawie, ale nadal niekt\u00f3re wa\u017cne czynniki zostaj\u0105 pomijane. O specyfice tej grupy zwierz\u0105t, o tym jakie warunki do \u017cycia powinny zosta\u0107 zapewnione jaszczurkom czy \u017c\u00f3\u0142wiom, o zachowaniach tych zwierz\u0105t, kt\u00f3re powinny wzbudzi\u0107 niepok\u00f3j &#8211; w rozmowie z dr in\u017c. Damianem Zieli\u0144skim z Katedry Etologii Zwierz\u0105t i \u0141owiectwa Uniwersytetu Przyrodniczego w Lublinie, hodowc\u0105 i mi\u0142o\u015bnikiem zwierz\u0105t egzotycznych.<\/p>\n<p class=\"mcntMsoNormal\">Rozmow\u0119 przeprowadzi\u0142a Paulina Pomorska absolwentka behawiorystyki zwierz\u0105t.<\/p>\n<p>&nbsp;<\/p>\n<p class=\"mcntMsoNormal\">Audycj\u0119 mo\u017cna ods\u0142ucha\u0107:<\/p>\n<p class=\"mcntMsoNormal\">Radio Lublin:\u00a0<a href=\"https:\/\/radio.lublin.pl\/2023\/10\/27-10-2023-doktor-zwierzak-o-gadach\/\" target=\"_blank\" rel=\"noopener\">https:\/\/radio.lublin.pl\/2023\/10\/27-10-2023-doktor-zwierzak-o-gadach\/<\/a><\/p>\n<p class=\"mcntMsoNormal\">Spotify:\u00a0<a href=\"https:\/\/open.spotify.com\/episode\/6SXf5A7g9oJTvm6A52YYFN?si=fH2DBs2yTzall8r0tV8bHw\" target=\"_blank\" rel=\"noopener\">https:\/\/open.spotify.com\/episode\/6SXf5A7g9oJTvm6A52YYFN?si=fH2DBs2yTzall8r0tV8bHw<\/a><\/p>\n","protected":false},"excerpt":{"rendered":"<p>Wiedza na temat utrzymywania gad\u00f3w na przestrzeni lat zdecydowanie wzros\u0142a, r\u00f3wnie\u017c \u015bwiadomo\u015b\u0107 ludzi co do warunk\u00f3w w jakich powinny przebywa\u0107 gady i inne egzotycznie zwierz\u0119ta uleg\u0142a poprawie, ale nadal niekt\u00f3re wa\u017cne czynniki zostaj\u0105 pomijane. O specyfice tej grupy zwierz\u0105t, o tym jakie warunki do \u017cycia powinny zosta\u0107 zapewnione jaszczurkom czy \u017c\u00f3\u0142wiom, o zachowaniach tych zwierz\u0105t, [&hellip;]<\/p>\n","protected":false},"author":204,"featured_media":162412,"comment_status":"closed","ping_status":"open","sticky":false,"template":"","format":"standard","meta":{"_monsterinsights_skip_tracking":false,"_monsterinsights_sitenote_active":false,"_monsterinsights_sitenote_note":"","_monsterinsights_sitenote_category":0},"categories":[12],"tags":[],"_links":{"self":[{"href":"https:\/\/up.lublin.pl\/biologia\/wp-json\/wp\/v2\/posts\/162152"}],"collection":[{"href":"https:\/\/up.lublin.pl\/biologia\/wp-json\/wp\/v2\/posts"}],"about":[{"href":"https:\/\/up.lublin.pl\/biologia\/wp-json\/wp\/v2\/types\/post"}],"author":[{"embeddable":true,"href":"https:\/\/up.lublin.pl\/biologia\/wp-json\/wp\/v2\/users\/204"}],"replies":[{"embeddable":true,"href":"https:\/\/up.lublin.pl\/biologia\/wp-json\/wp\/v2\/comments?post=162152"}],"version-history":[{"count":3,"href":"https:\/\/up.lublin.pl\/biologia\/wp-json\/wp\/v2\/posts\/162152\/revisions"}],"predecessor-version":[{"id":162416,"href":"https:\/\/up.lublin.pl\/biologia\/wp-json\/wp\/v2\/posts\/162152\/revisions\/162416"}],"wp:featuredmedia":[{"embeddable":true,"href":"https:\/\/up.lublin.pl\/biologia\/wp-json\/wp\/v2\/media\/162412"}],"wp:attachment":[{"href":"https:\/\/up.lublin.pl\/biologia\/wp-json\/wp\/v2\/media?parent=162152"}],"wp:term":[{"taxonomy":"category","embeddable":true,"href":"https:\/\/up.lublin.pl\/biologia\/wp-json\/wp\/v2\/categories?post=162152"},{"taxonomy":"post_tag","embeddable":true,"href":"https:\/\/up.lublin.pl\/biologia\/wp-json\/wp\/v2\/tags?post=162152"}],"curies":[{"name":"wp","href":"https:\/\/api.w.org\/{rel}","templated":true}]}}