{"id":162067,"date":"2023-10-20T10:56:05","date_gmt":"2023-10-20T08:56:05","guid":{"rendered":"https:\/\/up.lublin.pl\/biologia\/?p=162067"},"modified":"2023-10-23T12:18:48","modified_gmt":"2023-10-23T10:18:48","slug":"warsztaty-psia-i-kocia-komunikacja","status":"publish","type":"post","link":"https:\/\/up.lublin.pl\/biologia\/warsztaty-psia-i-kocia-komunikacja\/","title":{"rendered":"Warsztaty &#8220;Psia i kocia komunikacja&#8221;"},"content":{"rendered":"<p>Serdecznie zapraszamy na warsztaty, kt\u00f3re poprowadz\u0105 dr in\u017c. Justyna Wojta\u015b oraz dr lek. wet. Aleksandra Garbiec z Katedry Etologii Zwierz\u0105t i \u0141owiectwa wraz ze studentkami z Felinologicznego SKN.<\/p>\n<p>&nbsp;<\/p>\n<p><a href=\"https:\/\/up.lublin.pl\/biologia\/wp-content\/uploads\/sites\/4\/2023\/10\/Warsztaty-Felinologia.jpg\"><img loading=\"lazy\" class=\"aligncenter size-full wp-image-162068\" src=\"https:\/\/up.lublin.pl\/biologia\/wp-content\/uploads\/sites\/4\/2023\/10\/Warsztaty-Felinologia.jpg\" alt=\"\" width=\"940\" height=\"788\" \/><\/a><\/p>\n","protected":false},"excerpt":{"rendered":"<p>Serdecznie zapraszamy na warsztaty, kt\u00f3re poprowadz\u0105 dr in\u017c. Justyna Wojta\u015b oraz dr lek. wet. Aleksandra Garbiec z Katedry Etologii Zwierz\u0105t i \u0141owiectwa wraz ze studentkami z Felinologicznego SKN. &nbsp;<\/p>\n","protected":false},"author":204,"featured_media":162092,"comment_status":"closed","ping_status":"open","sticky":false,"template":"","format":"standard","meta":{"_monsterinsights_skip_tracking":false,"_monsterinsights_sitenote_active":false,"_monsterinsights_sitenote_note":"","_monsterinsights_sitenote_category":0},"categories":[12],"tags":[],"_links":{"self":[{"href":"https:\/\/up.lublin.pl\/biologia\/wp-json\/wp\/v2\/posts\/162067"}],"collection":[{"href":"https:\/\/up.lublin.pl\/biologia\/wp-json\/wp\/v2\/posts"}],"about":[{"href":"https:\/\/up.lublin.pl\/biologia\/wp-json\/wp\/v2\/types\/post"}],"author":[{"embeddable":true,"href":"https:\/\/up.lublin.pl\/biologia\/wp-json\/wp\/v2\/users\/204"}],"replies":[{"embeddable":true,"href":"https:\/\/up.lublin.pl\/biologia\/wp-json\/wp\/v2\/comments?post=162067"}],"version-history":[{"count":1,"href":"https:\/\/up.lublin.pl\/biologia\/wp-json\/wp\/v2\/posts\/162067\/revisions"}],"predecessor-version":[{"id":162072,"href":"https:\/\/up.lublin.pl\/biologia\/wp-json\/wp\/v2\/posts\/162067\/revisions\/162072"}],"wp:featuredmedia":[{"embeddable":true,"href":"https:\/\/up.lublin.pl\/biologia\/wp-json\/wp\/v2\/media\/162092"}],"wp:attachment":[{"href":"https:\/\/up.lublin.pl\/biologia\/wp-json\/wp\/v2\/media?parent=162067"}],"wp:term":[{"taxonomy":"category","embeddable":true,"href":"https:\/\/up.lublin.pl\/biologia\/wp-json\/wp\/v2\/categories?post=162067"},{"taxonomy":"post_tag","embeddable":true,"href":"https:\/\/up.lublin.pl\/biologia\/wp-json\/wp\/v2\/tags?post=162067"}],"curies":[{"name":"wp","href":"https:\/\/api.w.org\/{rel}","templated":true}]}}