{"id":161605,"date":"2023-10-07T22:01:31","date_gmt":"2023-10-07T20:01:31","guid":{"rendered":"https:\/\/up.lublin.pl\/biologia\/?p=161605"},"modified":"2023-10-23T12:25:43","modified_gmt":"2023-10-23T10:25:43","slug":"konferencja-naukowa-pt-ergonomia-bezpieczenstwo-i-higiena-pracy-w-praktyce","status":"publish","type":"post","link":"https:\/\/up.lublin.pl\/biologia\/konferencja-naukowa-pt-ergonomia-bezpieczenstwo-i-higiena-pracy-w-praktyce\/","title":{"rendered":"Konferencja naukowa pt.  \u201eErgonomia, bezpiecze\u0144stwo i higiena pracy w praktyce\u201d"},"content":{"rendered":"<p style=\"text-align: center;\"><strong>KONFERENCJA NAUKOWA pt.<\/strong><\/p>\n<p style=\"text-align: center;\"><strong>\u201eERGONOMIA, BEZPIECZE\u0143STWO I HIGIENA PRACY W\u00a0PRAKTYCE\u201d <\/strong><\/p>\n<p style=\"text-align: center;\"><strong>24 listopada 2023, Uniwersytet Przyrodniczy w Lublinie<\/strong><\/p>\n<p>&nbsp;<\/p>\n<p style=\"text-align: center;\"><strong><a href=\"https:\/\/up.lublin.pl\/biologia\/wp-content\/uploads\/sites\/4\/2023\/10\/Logo-konferencja-BHP.jpg\"><img loading=\"lazy\" class=\"aligncenter size-full wp-image-161606\" src=\"https:\/\/up.lublin.pl\/biologia\/wp-content\/uploads\/sites\/4\/2023\/10\/Logo-konferencja-BHP.jpg\" alt=\"\" width=\"720\" height=\"242\" \/><\/a><\/strong><\/p>\n<p style=\"text-align: center;\"><strong>\u00a0<\/strong><\/p>\n<p style=\"text-align: center;\"><strong>UNIWERSYTET PRZYRODNICZY W LUBLINIE<\/strong><\/p>\n<p style=\"text-align: center;\"><strong>WYDZIA\u0141 NAUK O ZWIERZ\u0118TACH I BIOGOSPODARKI<\/strong><\/p>\n<p style=\"text-align: center;\">KATEDRA HIGIENY ZWIERZ\u0104T I ZAGRO\u017bE\u0143 \u015aRODOWISKA,<\/p>\n<p style=\"text-align: center;\">ZAK\u0141AD ZAGRO\u017bE\u0143 ZAWODOWYCH I \u015aRODOWISKOWYCH<\/p>\n<p style=\"text-align: center;\"><strong>WYDZIA\u0141 IN\u017bYNIERII PRODUKCJI<\/strong><\/p>\n<p style=\"text-align: center;\">KATEDRA PODSTAW TECHNIKI, ZAK\u0141AD ERGONOMII<\/p>\n<p style=\"text-align: center;\">oraz<\/p>\n<p style=\"text-align: center;\"><strong>OG\u00d3LNOPOLSKIE STOWARZYSZENIE PRACOWNIK\u00d3W S\u0141U\u017bBY BEZPIECZE\u0143STWA I HIGIENY PRACY ODDZIA\u0141 W LUBLINIE<\/strong><\/p>\n<p style=\"text-align: center;\"><em>\u00a0<\/em><\/p>\n<p style=\"text-align: center;\">zapraszaj\u0105 do wzi\u0119cia udzia\u0142u<\/p>\n<p style=\"text-align: center;\"><strong>w\u00a0\u00a0Konferencji Naukowej pt. \u201eErgonomia, bezpiecze\u0144stwo i higiena pracy <\/strong><\/p>\n<p style=\"text-align: center;\"><strong>w praktyce\u201d oraz obchodach Jubileuszu 30-lecia dzia\u0142alno\u015bci Lubelskiego Oddzia\u0142u Og\u00f3lnopolskiego Stowarzyszenia Pracownik\u00f3w <\/strong><\/p>\n<p style=\"text-align: center;\"><strong>S\u0142u\u017cby Bezpiecze\u0144stwa i Higieny Pracy.<\/strong><\/p>\n<p style=\"text-align: center;\">Konferencja odb\u0119dzie si\u0119<strong> dnia 24 listopada 2023 roku godz. 9.00<\/strong><\/p>\n<p style=\"text-align: center;\">(rejestracja od godz. 8.00)<\/p>\n<p style=\"text-align: center;\">\u00a0w <strong><u>Uniwersytecie Przyrodniczym w\u00a0Lublinie <\/u><\/strong><\/p>\n<p style=\"text-align: center;\"><strong><u> Akademicka 15, Budynek Agro<\/u><\/strong><\/p>\n<p><strong><u>\u00a0<\/u><\/strong><\/p>\n<p>&nbsp;<\/p>\n<p><u>Tematyka konferencji:<\/u><\/p>\n<p>Tematyka konferencji obejmuje naukowe i praktyczne problemy zwi\u0105zane z szeroko rozumianym bezpiecze\u0144stwem pracy oraz ochron\u0105 przeciwpo\u017carow\u0105.<\/p>\n<p><u>Prelegenci:<\/u><\/p>\n<p>Naszymi prelegentami b\u0119d\u0105 przedstawiciele Uniwersytetu Przyrodniczego w Lublinie oraz instytucji takich jak: Pa\u0144stwowa Inspekcja Pracy, Zak\u0142ad Ubezpiecze\u0144 Spo\u0142ecznych, Kasa Rolniczego Ubezpieczenia Spo\u0142ecznego, Urz\u0105d Dozoru Technicznego w Lublinie oraz przedstawiciele Centralnego Instytutu Ochrony Pracy z Warszawy.<\/p>\n<p><u>Warsztaty:<\/u><\/p>\n<p>W trakcie konferencji planowane s\u0105 warsztaty z pierwszej pomocy oraz ochrony przeciwpo\u017carowej podnosz\u0105ce umiej\u0119tno\u015bci student\u00f3w i pracownik\u00f3w.<\/p>\n<p>Wystawy:<\/p>\n<p>Konferencji towarzyszy\u0107 b\u0119d\u0119 wystawy oraz prezentacje najnowszych rozwi\u0105za\u0144 z zakresu \u015brodk\u00f3w ochrony indywidualnej.<\/p>\n<p>&nbsp;<\/p>\n<p><strong>INFORMACJE ORGANIZACYJNE<\/strong><\/p>\n<table width=\"360\">\n<tbody>\n<tr>\n<td width=\"360\"><strong>Sekretariat Komitetu Organizacyjnego<\/strong><\/p>\n<p><em>Katarzyna Karpi\u0144ska \u2013 Uniwersytet Przyrodniczy<\/em><\/p>\n<p><em>tel. 793\u00a0267 488<\/em><\/p>\n<p><em>e-mail: <\/em><a href=\"mailto:katarzyna.karpinska@up.lublin.pl\">katarzyna.karpinska@up.lublin.pl<\/a><\/p>\n<p><em>Ma\u0142gorzata Gancarz \u2013 OSPS BHP Oddzia\u0142 Lublin<\/em><\/p>\n<p><em>tel. 507\u00a0117\u00a0607<\/em><\/p>\n<p><em>e-mail:<\/em> <a href=\"mailto:lublin@ospsbhp.pl\">lublin@ospsbhp.pl<\/a><\/td>\n<\/tr>\n<\/tbody>\n<\/table>\n<p><strong>Szczeg\u00f3\u0142owe informacje<\/strong> na temat konferencji b\u0119d\u0105 zamieszczane na stronach internetowych organizator\u00f3w <a href=\"https:\/\/up.lublin.pl\/biologia\/\">https:\/\/up.lublin.pl\/biologia\/<\/a> oraz <a href=\"https:\/\/lublin.ospsbhp.pl\/\">https:\/\/lublin.ospsbhp.pl\/<\/a><\/p>\n<p>Facebook: <a href=\"https:\/\/www.facebook.com\/SKNUPLUBLIN\">https:\/\/www.facebook.com\/SKNUPLUBLIN<\/a><\/p>\n<p><a href=\"https:\/\/m.facebook.com\/profile.php?id=100064798713878\">https:\/\/m.facebook.com\/profile.php?id=100064798713878<\/a><\/p>\n<p>&nbsp;<\/p>\n<p><strong>Terminy:<\/strong><\/p>\n<p>Rejestracja uczestnik\u00f3w: do <u>20 pa\u017adziernika 2023<\/u><\/p>\n<p><strong>Zapisy poprzez link rejestracyjny: <\/strong><em><u>https:\/\/forms.gle\/r8x7qALX5JB5kcb39<\/u><\/em><\/p>\n<p>&nbsp;<\/p>\n<p><strong>Koszty uczestnictwa:<\/strong><\/p>\n<ul>\n<li>100 z\u0142 \/cz\u0142onkowie OSPS BHP<\/li>\n<li>150 z\u0142 \/osoby nie nale\u017c\u0105ce do Stowarzyszenia<\/li>\n<li>Studenci Uniwersytetu Przyrodniczego \u2013 bezp\u0142atnie<\/li>\n<\/ul>\n<p>Forma p\u0142atno\u015bci: przelew na konto Stowarzyszenia nr 91 1750 0012 0000 0000 3443 8412<\/p>\n<p>Tytu\u0142 przelewu: konferencja + imi\u0119 i nazwisko<\/p>\n<p>Wniesienie op\u0142aty: do <u>31 pa\u017adziernika 2023<\/u><\/p>\n<table width=\"720\">\n<tbody>\n<tr>\n<td width=\"360\"><strong>Komitet Organizacyjny:<\/strong><\/p>\n<p><em>Beata Ma\u0142ysza &#8211; Przewodnicz\u0105ca &#8211; OSPS BHP Lublin<\/em><\/p>\n<p><em>Cz\u0142onkowie Komitetu:<\/em><\/p>\n<p><em>S\u0142awomir Szymaniak &#8211; OSPS BHP Lublin<\/em><\/p>\n<p><em>Artur Zarzeka &#8211; OSPS BHP Lublin<\/em><\/p>\n<p><em>Anna Naumczuk &#8211; OSPS BHP Lublin<\/em><\/p>\n<p><em>Dariusz Kubel &#8211; OSPS BHP Lublin<\/em><\/p>\n<p><em>Dr in\u017c. Agnieszka Buczaj UP w Lublinie<\/em><\/p>\n<p><em>Dr in\u017c. Piotr Maksym<\/em><\/p>\n<p><em>Dr Mateusz Ossowski<\/em><\/p>\n<p><em>Dr in\u017c. Anna Pecyna <\/em><\/p>\n<p><em>Mgr in\u017c. Izabela Rodzy\u0144<\/em><\/p>\n<p><em>Mgr Anna \u017bebracka<\/em><\/td>\n<td width=\"360\"><strong>Komitet Naukowy:<\/strong><\/p>\n<p><em>Prof. dr hab. Bo\u017cena Nowakowicz-D\u0119bek \u2013 <\/em><\/p>\n<p><em>Przewodnicz\u0105ca &#8211; Uniwersytet Przyrodniczy w Lublinie<\/em><\/p>\n<p><em>Cz\u0142onkowie Komitetu:<\/em><\/p>\n<p><em>Prof. dr hab. Anna Chmielowiec-Korzeniowska \u2013 Uniwersytet Przyrodniczy w Lublinie<\/em><\/p>\n<p><em>Prof. dr hab. Brygida \u015alaska<\/em><\/p>\n<p><em>Prof. dr hab. <\/em><em>Bo\u017cena Kiczorowska<\/em><\/p>\n<p><em>Dr hab. Zbigniew Kobus, prof. uczelni<\/em><\/p>\n<p><em>Dr hab. In\u017c. \u0141ukasz Wlaz\u0142o, prof. uczelni<\/em><\/td>\n<\/tr>\n<\/tbody>\n<\/table>\n","protected":false},"excerpt":{"rendered":"<p>KONFERENCJA NAUKOWA pt. \u201eERGONOMIA, BEZPIECZE\u0143STWO I HIGIENA PRACY W\u00a0PRAKTYCE\u201d 24 listopada 2023, Uniwersytet Przyrodniczy w Lublinie &nbsp; \u00a0 UNIWERSYTET PRZYRODNICZY W LUBLINIE WYDZIA\u0141 NAUK O ZWIERZ\u0118TACH I BIOGOSPODARKI KATEDRA HIGIENY ZWIERZ\u0104T I ZAGRO\u017bE\u0143 \u015aRODOWISKA, ZAK\u0141AD ZAGRO\u017bE\u0143 ZAWODOWYCH I \u015aRODOWISKOWYCH WYDZIA\u0141 IN\u017bYNIERII PRODUKCJI KATEDRA PODSTAW TECHNIKI, ZAK\u0141AD ERGONOMII oraz OG\u00d3LNOPOLSKIE STOWARZYSZENIE PRACOWNIK\u00d3W S\u0141U\u017bBY BEZPIECZE\u0143STWA I HIGIENY [&hellip;]<\/p>\n","protected":false},"author":204,"featured_media":162104,"comment_status":"closed","ping_status":"open","sticky":false,"template":"","format":"standard","meta":{"_monsterinsights_skip_tracking":false,"_monsterinsights_sitenote_active":false,"_monsterinsights_sitenote_note":"","_monsterinsights_sitenote_category":0},"categories":[12],"tags":[],"_links":{"self":[{"href":"https:\/\/up.lublin.pl\/biologia\/wp-json\/wp\/v2\/posts\/161605"}],"collection":[{"href":"https:\/\/up.lublin.pl\/biologia\/wp-json\/wp\/v2\/posts"}],"about":[{"href":"https:\/\/up.lublin.pl\/biologia\/wp-json\/wp\/v2\/types\/post"}],"author":[{"embeddable":true,"href":"https:\/\/up.lublin.pl\/biologia\/wp-json\/wp\/v2\/users\/204"}],"replies":[{"embeddable":true,"href":"https:\/\/up.lublin.pl\/biologia\/wp-json\/wp\/v2\/comments?post=161605"}],"version-history":[{"count":3,"href":"https:\/\/up.lublin.pl\/biologia\/wp-json\/wp\/v2\/posts\/161605\/revisions"}],"predecessor-version":[{"id":162108,"href":"https:\/\/up.lublin.pl\/biologia\/wp-json\/wp\/v2\/posts\/161605\/revisions\/162108"}],"wp:featuredmedia":[{"embeddable":true,"href":"https:\/\/up.lublin.pl\/biologia\/wp-json\/wp\/v2\/media\/162104"}],"wp:attachment":[{"href":"https:\/\/up.lublin.pl\/biologia\/wp-json\/wp\/v2\/media?parent=161605"}],"wp:term":[{"taxonomy":"category","embeddable":true,"href":"https:\/\/up.lublin.pl\/biologia\/wp-json\/wp\/v2\/categories?post=161605"},{"taxonomy":"post_tag","embeddable":true,"href":"https:\/\/up.lublin.pl\/biologia\/wp-json\/wp\/v2\/tags?post=161605"}],"curies":[{"name":"wp","href":"https:\/\/api.w.org\/{rel}","templated":true}]}}