{"id":157243,"date":"2023-07-24T13:57:32","date_gmt":"2023-07-24T11:57:32","guid":{"rendered":"https:\/\/up.lublin.pl\/biologia\/?p=157243"},"modified":"2023-07-24T13:57:34","modified_gmt":"2023-07-24T11:57:34","slug":"doskonalenie-zarodowych-kur-niesnych-poprzez-nowe-kryterium-selekcyjne-nowy-projekt-z-otoczeniem-spoleczno-gospodarczym","status":"publish","type":"post","link":"https:\/\/up.lublin.pl\/biologia\/doskonalenie-zarodowych-kur-niesnych-poprzez-nowe-kryterium-selekcyjne-nowy-projekt-z-otoczeniem-spoleczno-gospodarczym\/","title":{"rendered":"\u201eDoskonalenie zarodowych kur nie\u015bnych poprzez nowe kryterium selekcyjne \u2013 nowy projekt z otoczeniem spo\u0142eczno-gospodarczym"},"content":{"rendered":"\t\t<div data-elementor-type=\"wp-post\" data-elementor-id=\"157243\" class=\"elementor elementor-157243\" data-elementor-settings=\"[]\">\n\t\t\t\t\t\t<div class=\"elementor-inner\">\n\t\t\t\t\t\t\t<div class=\"elementor-section-wrap\">\n\t\t\t\t\t\t\t<section class=\"elementor-section elementor-top-section elementor-element elementor-element-7e41855 elementor-section-boxed elementor-section-height-default elementor-section-height-default\" data-id=\"7e41855\" data-element_type=\"section\">\n\t\t\t\t\t\t<div class=\"elementor-container elementor-column-gap-default\">\n\t\t\t\t\t\t\t<div class=\"elementor-row\">\n\t\t\t\t\t<div class=\"elementor-column elementor-col-100 elementor-top-column elementor-element elementor-element-efd3015\" data-id=\"efd3015\" data-element_type=\"column\">\n\t\t\t<div class=\"elementor-column-wrap elementor-element-populated\">\n\t\t\t\t\t\t\t<div class=\"elementor-widget-wrap\">\n\t\t\t\t\t\t<div class=\"elementor-element elementor-element-7e28637 elementor-widget elementor-widget-m5c\" data-id=\"7e28637\" data-element_type=\"widget\" data-widget_type=\"m5c.default\">\n\t\t\t\t<div class=\"elementor-widget-container\">\n\t\t\t<section class=\"mn-m5-c mn-m5-d2 mn-bg-white\">\n\t<div class=\"mn-grid\">\n\t\t\t\t<div class=\"mn-content mn-grid-9\">\n\t\t\t                <div class=\"mn-content-block active\">\n\t                                                        <div class=\"block-text\">\n\t                                        <p><img loading=\"lazy\" class=\"alignnone size-full wp-image-352103\" src=\"https:\/\/up.lublin.pl\/wp-content\/uploads\/2023\/06\/3xlogo-1.png\" alt=\"Logo UE, ARiMR i&nbsp;PROW\" width=\"1500\" height=\"262\" \/><\/p>\n<p><strong>Informujemy, \u017ce prowadzony jest projekt we wsp\u00f3\u0142pracy z&nbsp;otoczeniem spo\u0142eczno-gospodarczym pt. \u201eDoskonalenie zarodowych kur nie\u015bnych poprzez nowe kryterium selekcyjne, precyzyjne dostosowanie warto\u015bci pokarmowej pasz oraz innowacyjne zarz\u0105dzanie ferm\u0105 w&nbsp;kierunku ograniczenia negatywnego oddzia\u0142ywania produkcji na \u015brodowisko<\/strong>\u201d <strong>realizowany w\u00a0ramach dzia\u0142ania M16 \u201eWsp\u00f3\u0142praca\u201d VI nab\u00f3r, obj\u0119tego PROW na lata 2014-2020<\/strong>.<\/p>\n<p>Celem projektu jest doskonalenie zarodowych kur nie\u015bnych poprzez nowe kryterium selekcyjne, precyzyjne dostosowanie warto\u015bci pokarmowej pasz oraz innowacyjne zarz\u0105dzanie ferm\u0105 w&nbsp;kierunku ograniczenia negatywnego oddzia\u0142ywania produkcji na \u015brodowisko.<\/p>\n<p>Podmioty realizuj\u0105ce Projekt:<\/p>\n<p>Messa O\u015brodek Hodowli Zarodowej Sp. z&nbsp;o.o. (Lider);<br \/>Centrum Doradztwa Rolniczego w&nbsp;Brwinowie Oddzia\u0142 w&nbsp;Radomiu (Partner)<br \/>Uniwersytet Przyrodniczy w&nbsp;Lublinie (Partner)<br \/>1 rolnik indywidualny (Partner)<\/p>\n<p>Kierownikiem cz\u0119\u015bci projektu realizowanej przez Uniwersytet jest <strong>prof. dr hab. Grzegorz Zi\u0119ba<\/strong> z&nbsp;Instytutu Biologicznych Podstaw Produkcji Zwierz\u0119cej.<\/p>\n<p>Ca\u0142kowita kwota pomocy wynosi 3 941 347 z\u0142, w&nbsp;tym kwota: 1 325 826 z\u0142 przypadaj\u0105ca Uniwersytetowi Przyrodniczemu w&nbsp;Lublinie.<\/p>\n<p>W wyniku realizacji projektu planowane jest zwi\u0119kszenie konkurencyjno\u015bci i&nbsp;innowacyjno\u015bci materia\u0142u hodowlanego kur nie\u015bnych Messa poprzez efektywny transfer wiedzy i&nbsp;technologii z&nbsp;o\u015brodka naukowo-badawczego do fermy zarodowej doskonal\u0105cej \u017cywienie ptak\u00f3w z&nbsp;ograniczeniem pasz GMO i&nbsp;chemioterapeutyk\u00f3w ukierunkowane na popraw\u0119 dobrostanu, jako\u015bci konsumpcyjnej i&nbsp;wyl\u0119gowej jaj oraz ochron\u0119 \u015brodowiska.<\/p>\n<p>Projekt jest ukierunkowany na:<\/p>\n<ul>\n<li>udoskonalenie genetyczne kur pod k\u0105tem optymalizacji wykorzystania paszy, dzi\u0119ki wprowadzeniu nowego kryterium selekcyjnego;<\/li>\n<li>precyzyjne \u017cywienie w&nbsp;zale\u017cno\u015bci od zapotrzebowania na sk\u0142adniki pokarmowe i&nbsp;bioregulacyjne kur nie\u015bnych r\u00f3\u017cnych genotyp\u00f3w, dzi\u0119ki opracowaniu norm zak\u0142adowych dla poszczeg\u00f3lnych rod\u00f3w;<\/li>\n<li>zmodernizowanie systemu zarz\u0105dzania i&nbsp;uniezale\u017cnienie fermy od fluktuacji rynkowych surowc\u00f3w paszowych, dzi\u0119ki wykorzystaniu w\u0142asnych zasob\u00f3w;<\/li>\n<li>poprawa dobrostanu dzi\u0119ki suplementacji mieszanek sk\u0142adnikami bioaktywnymi zi\u00f3\u0142;<\/li>\n<li>ograniczenie uwalniania biogen\u00f3w do \u015brodowiska naturalnego dzi\u0119ki funkcjonalnemu \u017cywieniu kur.<\/li>\n<\/ul>\n<p><strong>Serdecznie gratulujemy ca\u0142emu zespo\u0142owi badawczemu i&nbsp;\u017cyczymy dalszych sukces\u00f3w!<\/strong><strong>\u00a0<\/strong><\/p>\n<p>Zapraszamy do kontaktu z&nbsp;Dzia\u0142em Nauki wszystkie osoby zainteresowane ubieganiem si\u0119 o&nbsp;dofinansowanie krajowych projekt\u00f3w badawczych.<\/p>\n                                        <\/div>\n\t\t\t\t\t\t                                <\/div>\n\t\t\t\t                <div class=\"mn-content-block\">\n\t                                <\/div>\n\t\t\t\t                <div class=\"mn-content-block\">\n\t                                <\/div>\n\t\t\t\t                <div class=\"mn-content-block\">\n\t                                <\/div>\n\t\t\t\t                <div class=\"mn-content-block\">\n\t                                <\/div>\n\t\t\t\t                <div class=\"mn-content-block\">\n\t                                <\/div>\n\t\t\t\t                <div class=\"mn-content-block\">\n\t                                <\/div>\n\t\t\t\t                <div class=\"mn-content-block\">\n\t                                <\/div>\n\t\t\t\t                <div class=\"mn-content-block\">\n\t                                <\/div>\n\t\t\t\t                <div class=\"mn-content-block\">\n\t                                <\/div>\n\t\t\t\t                <div class=\"mn-content-block\">\n\t                                <\/div>\n\t\t\t\t                <div class=\"mn-content-block\">\n\t                                <\/div>\n\t\t\t\t                <div class=\"mn-content-block\">\n\t                                <\/div>\n\t\t\t\t                <div class=\"mn-content-block\">\n\t                                <\/div>\n\t\t\t\t                <div class=\"mn-content-block\">\n\t                                <\/div>\n\t\t\t\t                <div class=\"mn-content-block\">\n\t                                <\/div>\n\t\t\t\t                <div class=\"mn-content-block\">\n\t                                <\/div>\n\t\t\t\t                <div class=\"mn-content-block\">\n\t                                <\/div>\n\t\t\t\t                <div class=\"mn-content-block\">\n\t                                <\/div>\n\t\t\t\t                <div class=\"mn-content-block\">\n\t                                <\/div>\n\t\t\t\t\t\t<\/div>\n\t<\/div>\n<\/section>\n\t\t<\/div>\n\t\t\t\t<\/div>\n\t\t\t\t\t\t<\/div>\n\t\t\t\t\t<\/div>\n\t\t<\/div>\n\t\t\t\t\t\t\t\t<\/div>\n\t\t\t\t\t<\/div>\n\t\t<\/section>\n\t\t\t\t\t\t<\/div>\n\t\t\t\t\t\t<\/div>\n\t\t\t\t\t<\/div>\n\t\t","protected":false},"excerpt":{"rendered":"<p>Informujemy, \u017ce prowadzony jest projekt we wsp\u00f3\u0142pracy z&nbsp;otoczeniem spo\u0142eczno-gospodarczym pt. \u201eDoskonalenie zarodowych kur nie\u015bnych poprzez nowe kryterium selekcyjne, precyzyjne dostosowanie warto\u015bci pokarmowej pasz oraz innowacyjne zarz\u0105dzanie ferm\u0105 w&nbsp;kierunku ograniczenia negatywnego oddzia\u0142ywania produkcji na \u015brodowisko\u201d realizowany w\u00a0ramach dzia\u0142ania M16 \u201eWsp\u00f3\u0142praca\u201d VI nab\u00f3r, obj\u0119tego PROW na lata 2014-2020. Celem projektu jest doskonalenie zarodowych kur nie\u015bnych poprzez nowe [&hellip;]<\/p>\n","protected":false},"author":2,"featured_media":0,"comment_status":"closed","ping_status":"open","sticky":false,"template":"elementor_header_footer","format":"standard","meta":{"_monsterinsights_skip_tracking":false,"_monsterinsights_sitenote_active":false,"_monsterinsights_sitenote_note":"","_monsterinsights_sitenote_category":0},"categories":[12],"tags":[],"_links":{"self":[{"href":"https:\/\/up.lublin.pl\/biologia\/wp-json\/wp\/v2\/posts\/157243"}],"collection":[{"href":"https:\/\/up.lublin.pl\/biologia\/wp-json\/wp\/v2\/posts"}],"about":[{"href":"https:\/\/up.lublin.pl\/biologia\/wp-json\/wp\/v2\/types\/post"}],"author":[{"embeddable":true,"href":"https:\/\/up.lublin.pl\/biologia\/wp-json\/wp\/v2\/users\/2"}],"replies":[{"embeddable":true,"href":"https:\/\/up.lublin.pl\/biologia\/wp-json\/wp\/v2\/comments?post=157243"}],"version-history":[{"count":7,"href":"https:\/\/up.lublin.pl\/biologia\/wp-json\/wp\/v2\/posts\/157243\/revisions"}],"predecessor-version":[{"id":157250,"href":"https:\/\/up.lublin.pl\/biologia\/wp-json\/wp\/v2\/posts\/157243\/revisions\/157250"}],"wp:attachment":[{"href":"https:\/\/up.lublin.pl\/biologia\/wp-json\/wp\/v2\/media?parent=157243"}],"wp:term":[{"taxonomy":"category","embeddable":true,"href":"https:\/\/up.lublin.pl\/biologia\/wp-json\/wp\/v2\/categories?post=157243"},{"taxonomy":"post_tag","embeddable":true,"href":"https:\/\/up.lublin.pl\/biologia\/wp-json\/wp\/v2\/tags?post=157243"}],"curies":[{"name":"wp","href":"https:\/\/api.w.org\/{rel}","templated":true}]}}