{"id":155967,"date":"2023-05-26T13:24:27","date_gmt":"2023-05-26T11:24:27","guid":{"rendered":"https:\/\/up.lublin.pl\/biologia\/?p=155967"},"modified":"2023-05-26T13:24:36","modified_gmt":"2023-05-26T11:24:36","slug":"prof-z-litwinczuk-doktorem-honoris-causa-lwowskiego-uniwersytetu","status":"publish","type":"post","link":"https:\/\/up.lublin.pl\/biologia\/prof-z-litwinczuk-doktorem-honoris-causa-lwowskiego-uniwersytetu\/","title":{"rendered":"Prof. Z. Litwi\u0144czuk doktorem honoris causa lwowskiego uniwersytetu"},"content":{"rendered":"\t\t<div data-elementor-type=\"wp-post\" data-elementor-id=\"155967\" class=\"elementor elementor-155967\" data-elementor-settings=\"[]\">\n\t\t\t\t\t\t<div class=\"elementor-inner\">\n\t\t\t\t\t\t\t<div class=\"elementor-section-wrap\">\n\t\t\t\t\t\t\t<section class=\"elementor-section elementor-top-section elementor-element elementor-element-8a29ffa elementor-section-boxed elementor-section-height-default elementor-section-height-default\" data-id=\"8a29ffa\" data-element_type=\"section\">\n\t\t\t\t\t\t<div class=\"elementor-container elementor-column-gap-default\">\n\t\t\t\t\t\t\t<div class=\"elementor-row\">\n\t\t\t\t\t<div class=\"elementor-column elementor-col-100 elementor-top-column elementor-element elementor-element-5a03b34\" data-id=\"5a03b34\" data-element_type=\"column\">\n\t\t\t<div class=\"elementor-column-wrap elementor-element-populated\">\n\t\t\t\t\t\t\t<div class=\"elementor-widget-wrap\">\n\t\t\t\t\t\t<div class=\"elementor-element elementor-element-bcfc689 elementor-widget elementor-widget-m5c\" data-id=\"bcfc689\" data-element_type=\"widget\" data-widget_type=\"m5c.default\">\n\t\t\t\t<div class=\"elementor-widget-container\">\n\t\t\t<section class=\"mn-m5-c mn-m5-d2 mn-bg-white\">\n\t<div class=\"mn-grid\">\n\t\t\t\t<div class=\"mn-content mn-grid-9\">\n\t\t\t                <div class=\"mn-content-block active\">\n\t                                                        <div class=\"block-text\">\n\t                                        <p><strong>25 maja 2023 r., odby\u0142o si\u0119 uroczyste nadanie godno\u015bci doktora honoris causa Profesorowi Zygmuntowi Litwi\u0144czukowi przez Lwowski Narodowy Uniwersytet Medycyny Weterynaryjnej i&nbsp;Biotechnologii im. Sz. Grzyckiego w&nbsp;Ukrainie.<\/strong><\/p>\n<p><a href=\"https:\/\/up.lublin.pl\/wp-content\/uploads\/2023\/05\/DSC_8598.jpg\"><img loading=\"lazy\" class=\"aligncenter wp-image-343991 size-full\" src=\"https:\/\/up.lublin.pl\/wp-content\/uploads\/2023\/05\/DSC_8598.jpg\" alt=\"\" width=\"1500\" height=\"1000\" \/><\/a><\/p>\n<p>Uroczysto\u015b\u0107 odby\u0142a si\u0119 z&nbsp;wykorzystaniem nowych technologii, jednocze\u015bnie w&nbsp;Centrum Kongresowym Uniwersytetu Przyrodniczego w&nbsp;Lublinie oraz w&nbsp;Uniwersytecie we Lwowie.<\/p>\n<p><a href=\"https:\/\/up.lublin.pl\/wp-content\/uploads\/2023\/05\/DSC_8585.jpg\"><img loading=\"lazy\" class=\"aligncenter wp-image-343971 size-full\" src=\"https:\/\/up.lublin.pl\/wp-content\/uploads\/2023\/05\/DSC_8585.jpg\" alt=\"\" width=\"1500\" height=\"1000\" \/><\/a><\/p>\n<p><strong>Na zako\u0144czenie uroczysto\u015bci prof. dr hab. dr h. c. multi Zygmunt Litwi\u0144czuk <\/strong>wyg\u0142osi\u0142 wyk\u0142ad pt.: &#8220;<b><i>Wsp\u00f3\u0142praca lwowskiego i&nbsp;lubelskiego o\u015brodka naukowego w&nbsp;uj\u0119ciu historycznym w&nbsp;zakresie nauki o&nbsp;zwierz\u0119tach<\/i><\/b>.&#8221;<\/p>\n<p><a href=\"https:\/\/up.lublin.pl\/wp-content\/uploads\/2023\/05\/DSC_8688.jpg\"><img loading=\"lazy\" class=\"aligncenter wp-image-343987 size-full\" src=\"https:\/\/up.lublin.pl\/wp-content\/uploads\/2023\/05\/DSC_8688.jpg\" alt=\"\" width=\"1500\" height=\"1000\" \/><\/a><a href=\"https:\/\/up.lublin.pl\/wp-content\/uploads\/2023\/05\/DSC_8731.jpg\"><img loading=\"lazy\" class=\"aligncenter wp-image-343975 size-full\" src=\"https:\/\/up.lublin.pl\/wp-content\/uploads\/2023\/05\/DSC_8731.jpg\" alt=\"\" width=\"1500\" height=\"1000\" \/><\/a><a href=\"https:\/\/up.lublin.pl\/wp-content\/uploads\/2023\/05\/DSC_8779.jpg\"><img loading=\"lazy\" class=\"aligncenter wp-image-343995 size-full\" src=\"https:\/\/up.lublin.pl\/wp-content\/uploads\/2023\/05\/DSC_8779.jpg\" alt=\"\" width=\"1500\" height=\"1000\" \/><\/a><\/p>\n<h5 style=\"text-align: right;\">Zdj\u0119cia: Maciej Niedzi\u00f3\u0142ka \/ DRiP UPwL<\/h5>\n                                        <\/div>\n\t\t\t\t\t\t                                                        <div class=\"mn-cards-list\">\n                                            <div class=\"mn-card-container\">\n                                                <div>\n                                                    <img src=\"https:\/\/up.lublin.pl\/biologia\/wp-content\/themes\/up-lublin\/assets\/images\/doc-ico.svg\" alt=\"\" \/>\n                                                    <h5>Biogram prof. Z. Litwi\u0144czuka<\/h5>\n                                                <\/div>\n                                                <a href=\"https:\/\/up.lublin.pl\/wp-content\/uploads\/2023\/05\/Zyciorys-Profesora-Zygmunta-Litwinczuka.docx\" class=\"mn-more\" target=\"_blank\">Zobacz<\/a>\n                                            <\/div>\n                                        <\/div>\n\t\t\t\t\t\t                                <\/div>\n\t\t\t\t                <div class=\"mn-content-block\">\n\t                                <\/div>\n\t\t\t\t                <div class=\"mn-content-block\">\n\t                                <\/div>\n\t\t\t\t                <div class=\"mn-content-block\">\n\t                                <\/div>\n\t\t\t\t                <div class=\"mn-content-block\">\n\t                                <\/div>\n\t\t\t\t                <div class=\"mn-content-block\">\n\t                                <\/div>\n\t\t\t\t                <div class=\"mn-content-block\">\n\t                                <\/div>\n\t\t\t\t                <div class=\"mn-content-block\">\n\t                                <\/div>\n\t\t\t\t                <div class=\"mn-content-block\">\n\t                                <\/div>\n\t\t\t\t                <div class=\"mn-content-block\">\n\t                                <\/div>\n\t\t\t\t                <div class=\"mn-content-block\">\n\t                                <\/div>\n\t\t\t\t                <div class=\"mn-content-block\">\n\t                                <\/div>\n\t\t\t\t                <div class=\"mn-content-block\">\n\t                                <\/div>\n\t\t\t\t                <div class=\"mn-content-block\">\n\t                                <\/div>\n\t\t\t\t                <div class=\"mn-content-block\">\n\t                                <\/div>\n\t\t\t\t                <div class=\"mn-content-block\">\n\t                                <\/div>\n\t\t\t\t                <div class=\"mn-content-block\">\n\t                                <\/div>\n\t\t\t\t                <div class=\"mn-content-block\">\n\t                                <\/div>\n\t\t\t\t                <div class=\"mn-content-block\">\n\t                                <\/div>\n\t\t\t\t                <div class=\"mn-content-block\">\n\t                                <\/div>\n\t\t\t\t\t\t<\/div>\n\t<\/div>\n<\/section>\n\t\t<\/div>\n\t\t\t\t<\/div>\n\t\t\t\t\t\t<\/div>\n\t\t\t\t\t<\/div>\n\t\t<\/div>\n\t\t\t\t\t\t\t\t<\/div>\n\t\t\t\t\t<\/div>\n\t\t<\/section>\n\t\t\t\t\t\t<\/div>\n\t\t\t\t\t\t<\/div>\n\t\t\t\t\t<\/div>\n\t\t","protected":false},"excerpt":{"rendered":"<p>25 maja 2023 r., odby\u0142o si\u0119 uroczyste nadanie godno\u015bci doktora honoris causa Profesorowi Zygmuntowi Litwi\u0144czukowi przez Lwowski Narodowy Uniwersytet Medycyny Weterynaryjnej i&nbsp;Biotechnologii im. Sz. Grzyckiego w&nbsp;Ukrainie. Uroczysto\u015b\u0107 odby\u0142a si\u0119 z&nbsp;wykorzystaniem nowych technologii, jednocze\u015bnie w&nbsp;Centrum Kongresowym Uniwersytetu Przyrodniczego w&nbsp;Lublinie oraz w&nbsp;Uniwersytecie we Lwowie. Na zako\u0144czenie uroczysto\u015bci prof. dr hab. dr h. c. multi Zygmunt Litwi\u0144czuk wyg\u0142osi\u0142 [&hellip;]<\/p>\n","protected":false},"author":2,"featured_media":0,"comment_status":"closed","ping_status":"open","sticky":false,"template":"elementor_header_footer","format":"standard","meta":{"_monsterinsights_skip_tracking":false,"_monsterinsights_sitenote_active":false,"_monsterinsights_sitenote_note":"","_monsterinsights_sitenote_category":0},"categories":[12],"tags":[],"_links":{"self":[{"href":"https:\/\/up.lublin.pl\/biologia\/wp-json\/wp\/v2\/posts\/155967"}],"collection":[{"href":"https:\/\/up.lublin.pl\/biologia\/wp-json\/wp\/v2\/posts"}],"about":[{"href":"https:\/\/up.lublin.pl\/biologia\/wp-json\/wp\/v2\/types\/post"}],"author":[{"embeddable":true,"href":"https:\/\/up.lublin.pl\/biologia\/wp-json\/wp\/v2\/users\/2"}],"replies":[{"embeddable":true,"href":"https:\/\/up.lublin.pl\/biologia\/wp-json\/wp\/v2\/comments?post=155967"}],"version-history":[{"count":4,"href":"https:\/\/up.lublin.pl\/biologia\/wp-json\/wp\/v2\/posts\/155967\/revisions"}],"predecessor-version":[{"id":155971,"href":"https:\/\/up.lublin.pl\/biologia\/wp-json\/wp\/v2\/posts\/155967\/revisions\/155971"}],"wp:attachment":[{"href":"https:\/\/up.lublin.pl\/biologia\/wp-json\/wp\/v2\/media?parent=155967"}],"wp:term":[{"taxonomy":"category","embeddable":true,"href":"https:\/\/up.lublin.pl\/biologia\/wp-json\/wp\/v2\/categories?post=155967"},{"taxonomy":"post_tag","embeddable":true,"href":"https:\/\/up.lublin.pl\/biologia\/wp-json\/wp\/v2\/tags?post=155967"}],"curies":[{"name":"wp","href":"https:\/\/api.w.org\/{rel}","templated":true}]}}