{"id":155842,"date":"2023-05-21T21:10:16","date_gmt":"2023-05-21T19:10:16","guid":{"rendered":"https:\/\/up.lublin.pl\/biologia\/?p=155842"},"modified":"2023-05-22T08:36:52","modified_gmt":"2023-05-22T06:36:52","slug":"70-lecie-wnozib-doktor-honoris-causa-prof-dr-hab-marek-switonski","status":"publish","type":"post","link":"https:\/\/up.lublin.pl\/biologia\/70-lecie-wnozib-doktor-honoris-causa-prof-dr-hab-marek-switonski\/","title":{"rendered":"70-lecie WNoZiB. Doktor honoris causa prof. dr hab. Marek \u015awito\u0144ski"},"content":{"rendered":"\t\t<div data-elementor-type=\"wp-post\" data-elementor-id=\"155842\" class=\"elementor elementor-155842\" data-elementor-settings=\"[]\">\n\t\t\t\t\t\t<div class=\"elementor-inner\">\n\t\t\t\t\t\t\t<div class=\"elementor-section-wrap\">\n\t\t\t\t\t\t\t<section class=\"elementor-section elementor-top-section elementor-element elementor-element-49ce7f0 elementor-section-boxed elementor-section-height-default elementor-section-height-default\" data-id=\"49ce7f0\" data-element_type=\"section\">\n\t\t\t\t\t\t<div class=\"elementor-container elementor-column-gap-default\">\n\t\t\t\t\t\t\t<div class=\"elementor-row\">\n\t\t\t\t\t<div class=\"elementor-column elementor-col-100 elementor-top-column elementor-element elementor-element-6e939ae\" data-id=\"6e939ae\" data-element_type=\"column\">\n\t\t\t<div class=\"elementor-column-wrap\">\n\t\t\t\t\t\t\t<div class=\"elementor-widget-wrap\">\n\t\t\t\t\t\t\t\t<\/div>\n\t\t\t\t\t<\/div>\n\t\t<\/div>\n\t\t\t\t\t\t\t\t<\/div>\n\t\t\t\t\t<\/div>\n\t\t<\/section>\n\t\t\t\t<section class=\"elementor-section elementor-top-section elementor-element elementor-element-ff827f1 elementor-section-boxed elementor-section-height-default elementor-section-height-default\" data-id=\"ff827f1\" data-element_type=\"section\">\n\t\t\t\t\t\t<div class=\"elementor-container elementor-column-gap-default\">\n\t\t\t\t\t\t\t<div class=\"elementor-row\">\n\t\t\t\t\t<div class=\"elementor-column elementor-col-100 elementor-top-column elementor-element elementor-element-67a255c\" data-id=\"67a255c\" data-element_type=\"column\">\n\t\t\t<div class=\"elementor-column-wrap elementor-element-populated\">\n\t\t\t\t\t\t\t<div class=\"elementor-widget-wrap\">\n\t\t\t\t\t\t<div class=\"elementor-element elementor-element-d483be1 elementor-widget elementor-widget-m5c\" data-id=\"d483be1\" data-element_type=\"widget\" data-widget_type=\"m5c.default\">\n\t\t\t\t<div class=\"elementor-widget-container\">\n\t\t\t<section class=\"mn-m5-c mn-m5-d2 mn-bg-white\">\n\t<div class=\"mn-grid\">\n\t\t\t\t<div class=\"mn-content mn-grid-9\">\n\t\t\t                <div class=\"mn-content-block active\">\n\t                                                        <div class=\"block-text\">\n\t                                        <p><strong>18 maja 2023 w&nbsp;Centrum Kongresowym Uniwersytetu Przyrodniczego w&nbsp;Lublinie odby\u0142a si\u0119 uroczysto\u015b\u0107 70-lecia wydzia\u0142u Nauk o&nbsp;Zwierz\u0119tach i&nbsp;Biogospodarki po\u0142\u0105czona z&nbsp;nadaniem tytu\u0142u doktora honoris causa prof. dr. hab. Markowi \u015awito\u0144skiemu.<\/strong><\/p>\n<p><a href=\"https:\/\/up.lublin.pl\/wp-content\/uploads\/2023\/05\/DSC_6797-1.jpg\"><img loading=\"lazy\" class=\"aligncenter wp-image-340942 size-full\" src=\"https:\/\/up.lublin.pl\/wp-content\/uploads\/2023\/05\/DSC_6797-1.jpg\" alt=\"\" width=\"1500\" height=\"1057\" \/><\/a><br \/>W swoim przem\u00f3wieniu <strong>Rektor Uniwersytetu Przyrodniczego prof. dr hab. Krzysztof Kowalczyk<\/strong> podzi\u0119kowa\u0142 organizatorom wydarzenia oraz podkre\u015bli\u0142 jak\u0105 warto\u015b\u0107 naukow\u0105 oraz autorytet niesie za sob\u0105 posta\u0107 <strong>prof. Marka \u015awito\u0144skiego<\/strong>, zwi\u0105zanego z&nbsp;Uniwersytetem Przyrodniczym w&nbsp;Poznaniu.<\/p>\n<p><a href=\"https:\/\/up.lublin.pl\/wp-content\/uploads\/2023\/05\/DSC_6222_1.jpg\"><img loading=\"lazy\" class=\"aligncenter wp-image-340958 size-full\" src=\"https:\/\/up.lublin.pl\/wp-content\/uploads\/2023\/05\/DSC_6222_1.jpg\" alt=\"\" width=\"1500\" height=\"1000\" \/><\/a><\/p>\n<p>Po przem\u00f3wieniu odtworzony zosta\u0142 film \u201eMentorzy\u201d, kt\u00f3ry zawiera\u0142 wspomnienia zas\u0142u\u017conych pracownik\u00f3w wydzia\u0142u \u015bwi\u0119tuj\u0105cego sw\u00f3j jubileusz: <strong>prof. Gra\u017cyny Je\u017cewskiej-Witkowskiej, prof. Zygmunta Litwi\u0144czuka, prof. Tomasza Gruszeckiego <\/strong>oraz<strong> prof. Eugeniusza Greli<\/strong>.<\/p>\n<p><a href=\"https:\/\/up.lublin.pl\/wp-content\/uploads\/2023\/05\/DSC_6199.jpg\"><img loading=\"lazy\" class=\"aligncenter wp-image-340954 size-full\" src=\"https:\/\/up.lublin.pl\/wp-content\/uploads\/2023\/05\/DSC_6199.jpg\" alt=\"\" width=\"1500\" height=\"1000\" \/><\/a><a href=\"https:\/\/up.lublin.pl\/wp-content\/uploads\/2023\/05\/DSC_6164_1.jpg\"><img loading=\"lazy\" class=\"aligncenter wp-image-340950 size-full\" src=\"https:\/\/up.lublin.pl\/wp-content\/uploads\/2023\/05\/DSC_6164_1.jpg\" alt=\"\" width=\"1500\" height=\"1000\" \/><\/a><\/p>\n<p>Publika mia\u0142a r\u00f3wnie\u017c mo\u017cliwo\u015b\u0107 obejrzenia filmu prezentuj\u0105cego \u017cycie wydzia\u0142u i&nbsp;jego rozw\u00f3j \u2013 m.in. nowe kierunki, wielo\u015b\u0107 k\u00f3\u0142 naukowych oraz nowoczesne laboratoria badawcze.<\/p>\n<p>Nast\u0119pnie przysz\u0142a kolej na pierwsze odznaczenia. <strong>Odznak\u0119 honorow\u0105 \u201eZas\u0142u\u017cony dla Rolnictwa\u201d<\/strong> za osi\u0105gni\u0119cia w&nbsp;dziedzinie rolnictwa, rozwoju wsi i&nbsp;rynk\u00f3w rolnych odebrali z&nbsp;r\u0105k Wojewody Lubelskiego Lecha Sprawki:<\/p>\n<p><strong>prof. dr hab. Joanna Bar\u0142owska<br \/>prof. dr hab. Hanna Bis-Wencel<br \/>prof. dr hab. Grzegorz Borsuk<br \/>prof. dr hab. Anna Czech<br \/>dr hab. Marian Flis, prof. UP<br \/>prof. dr hab. Mariusz Florek<br \/>dr hab. Andrzej Jakubczak, prof. UP<br \/>prof. dr hab. Iwona Janczarek<br \/>prof. dr hab. Andrzej Junkuszew<br \/>prof. dr hab. in\u017c. Bo\u017cena Kiczorowska<br \/>prof. dr hab. Renata Klebaniuk<br \/>prof. dr hab. Bo\u017cena Nowakowicz-D\u0119bek<br \/>prof. dr hab. Katarzyna Ognik<br \/>prof. dr hab. Brygida \u015alaska<br \/>prof. dr hab. Grzegorz Zi\u0119ba<\/strong><\/p>\n<p><a href=\"https:\/\/up.lublin.pl\/wp-content\/uploads\/2023\/05\/DSC_6289_1.jpg\"><img loading=\"lazy\" class=\"aligncenter wp-image-340973 size-full\" src=\"https:\/\/up.lublin.pl\/wp-content\/uploads\/2023\/05\/DSC_6289_1.jpg\" alt=\"\" width=\"1500\" height=\"973\" \/><\/a> <br \/><strong>Dziekan prof. dr hab. Brygida \u015alaska<\/strong> odebra\u0142a r\u00f3wnie\u017c z&nbsp;r\u0105k <strong>Wojewody Lubelskiego<\/strong> okoliczno\u015bciowy <strong>dyplom uznania z&nbsp;Medalem Wojewody Lubelskiego<\/strong> <strong>dla Wydzia\u0142u Nauk o&nbsp;Zwierz\u0119tach i&nbsp;Biogospodarki<\/strong> z&nbsp;okazji 70-lecia dzia\u0142alno\u015bci oraz <strong>Medal Wojewody Lubelskiego<\/strong> dla niej jako Dziekan Wydzia\u0142u.<\/p>\n<p><a href=\"https:\/\/up.lublin.pl\/wp-content\/uploads\/2023\/05\/DSC_6307.png\"><img loading=\"lazy\" class=\"aligncenter wp-image-340977 size-full\" src=\"https:\/\/up.lublin.pl\/wp-content\/uploads\/2023\/05\/DSC_6307.png\" alt=\"\" width=\"1500\" height=\"1008\" \/><\/a><\/p>\n<p>Zast\u0119pca Prezydenta Miasta Lubin wr\u0119czy\u0142 medale \u201eZas\u0142u\u017conych dla Miasta Lublin\u201d. Uhonorowani zostali:<\/p>\n<p><strong>prof. dr hab. Iwona Janczarek<br \/>dr hab. Miros\u0142aw Karpi\u0144ski, prof. UP<br \/>prof. dr hab. Ma\u0142gorzata Kwiecie\u0144<\/strong><br \/><strong>dr hab. Krzysztof Olszewski, prof. UP<br \/>dr in\u017c. Krzysztof Patkowski<br \/>prof. dr hab. Iwona Rozempolska-Ruci\u0144ska<br \/>dr hab. Wioletta Samoli\u0144ska, prof. UP<\/strong><\/p>\n<p><strong><a href=\"https:\/\/up.lublin.pl\/wp-content\/uploads\/2023\/05\/DSC_6348.jpg\"><img loading=\"lazy\" class=\"aligncenter wp-image-340993 size-full\" src=\"https:\/\/up.lublin.pl\/wp-content\/uploads\/2023\/05\/DSC_6348.jpg\" alt=\"\" width=\"1500\" height=\"998\" \/><\/a><br \/><\/strong>Nast\u0119pnie przyznano Medale Unii Lubelskiej, kt\u00f3re odebrali:<\/p>\n<p><strong>prof. dr hab. Marek Babicz<br \/>prof. dr hab. Andrzej Junkuszew<br \/>prof. dr hab. Bo\u017cena Nowakowicz-D\u0119bek<br \/>prof. dr hab. Grzegorz Zi\u0119ba<\/strong><\/p>\n<p><a href=\"https:\/\/up.lublin.pl\/wp-content\/uploads\/2023\/05\/DSC_6331.jpg\"><img loading=\"lazy\" class=\"aligncenter wp-image-340989 size-full\" src=\"https:\/\/up.lublin.pl\/wp-content\/uploads\/2023\/05\/DSC_6331.jpg\" alt=\"\" width=\"1500\" height=\"1052\" \/><\/a><\/p>\n<p>Kolejnym odznaczeniem by\u0142 Medal Prezydenta Miasta Lublin. Odznaczeni nim zostali:<\/p>\n<p><strong>dr hab. Justyna Batkowska, prof. UP<br \/>dr hab. in\u017c. Monika Gregu\u0142a-Kania<br \/>dr in\u017c. Beata Horecka<br \/>dr in\u017c. Kornel Kasperek<br \/>dr in\u017c. Wanda Krupa<br \/>dr hab. Piotr Ska\u0142ecki, prof. UP<br \/>dr in\u017c. Piotr Stanek<br \/>dr hab. in\u017c. Izabela Wilk, prof. UP<br \/>dr hab. in\u017c. \u0141ukasz Wlaz\u0142o, prof. UP<\/strong><\/p>\n<p><a href=\"https:\/\/up.lublin.pl\/wp-content\/uploads\/2023\/05\/DSC_6366.jpg\"><img loading=\"lazy\" class=\"aligncenter wp-image-340997 size-full\" src=\"https:\/\/up.lublin.pl\/wp-content\/uploads\/2023\/05\/DSC_6366.jpg\" alt=\"\" width=\"1500\" height=\"975\" \/><\/a><br \/>Profesor Brygida \u015alaska wr\u0119czy\u0142a osobom szczeg\u00f3lnie zas\u0142u\u017conym dla rozwoju Wydzia\u0142u Nauk o&nbsp;Zwierz\u0119tach i&nbsp;Biogospodarki pami\u0105tkowe grawertony. Otrzymali je:<\/p>\n<p><strong>Dyrektorzy Instytut\u00f3w Naukowych<br \/><\/strong><strong>Dziekani Wydzia\u0142\u00f3w UP w&nbsp;Lublinie<br \/><\/strong><strong>Przedstawiciele otoczenia spo\u0142eczno-gospodarczego<br \/><\/strong><strong>Pracownicy Dziekanatu<\/strong><\/p>\n<p><a href=\"https:\/\/up.lublin.pl\/wp-content\/uploads\/2023\/05\/DSC_6392.jpg\"><img loading=\"lazy\" class=\"aligncenter wp-image-341001 size-full\" src=\"https:\/\/up.lublin.pl\/wp-content\/uploads\/2023\/05\/DSC_6392.jpg\" alt=\"\" width=\"1500\" height=\"1037\" \/><\/a>Specjalny grawerton zosta\u0142 przygotowany r\u00f3wnie\u017c dla wszystkich pracownik\u00f3w Wydzia\u0142u za \u201ecodzienny trud i&nbsp;po\u015bwiecenie na rzecz rozwoju\u201d tej jednostki. B\u0119dzie znajdowa\u0107 si\u0119 w&nbsp;siedzibie dziekanatu.<\/p>\n<p><a href=\"https:\/\/up.lublin.pl\/wp-content\/uploads\/2023\/05\/DSC_6477.jpg\"><img loading=\"lazy\" class=\"aligncenter wp-image-341005 size-full\" src=\"https:\/\/up.lublin.pl\/wp-content\/uploads\/2023\/05\/DSC_6477.jpg\" alt=\"\" width=\"1500\" height=\"1000\" \/><\/a><\/p>\n<p>W dalszej cz\u0119\u015bci uroczysto\u015bci przyst\u0105piono do procedowania nadania tytu\u0142u doktora honoris causa. \u00a0<\/p>\n<p><a href=\"https:\/\/up.lublin.pl\/wp-content\/uploads\/2023\/05\/DSC_6609.jpg\"><img loading=\"lazy\" class=\"aligncenter wp-image-341013 size-full\" src=\"https:\/\/up.lublin.pl\/wp-content\/uploads\/2023\/05\/DSC_6609.jpg\" alt=\"\" width=\"1500\" height=\"1000\" \/><\/a><\/p>\n<p><strong>Prorektor ds. Nauki i&nbsp;Wsp\u00f3\u0142pracy z&nbsp;Zagranic\u0105 dr. hab. in\u017c. Bartosz So\u0142owiej, prof. UP zaprezentowa\u0142<\/strong> stosowan\u0105 uchwa\u0142\u0119 Senatu Uniwersytetu Przyrodniczego w&nbsp;Lublinie. <strong>Laudacj\u0119<\/strong> wyg\u0142osi\u0142a <strong>Dziekan Wydzia\u0142u Nauk o&nbsp;Zwierz\u0119tach i&nbsp;Biogospodarki \u2013 prof. Brygida \u015alaska<\/strong>. Podkre\u015bli\u0142a w&nbsp;niej szczeg\u00f3lnie niespotykanie szybkie tempo zdobycia przez laureata tytu\u0142u profesora i&nbsp;wag\u0119 prowadzonych bada\u0144.<\/p>\n<p><a href=\"https:\/\/up.lublin.pl\/wp-content\/uploads\/2023\/05\/DSC_6622.jpg\"><img loading=\"lazy\" class=\"aligncenter wp-image-341017 size-full\" src=\"https:\/\/up.lublin.pl\/wp-content\/uploads\/2023\/05\/DSC_6622.jpg\" alt=\"\" width=\"1500\" height=\"1000\" \/><\/a><\/p>\n<p>Profesor Marek \u015awito\u0144ski jest wybitnym specjalist\u0105 z&nbsp;zakresu cytogenetyki, genetyki i&nbsp;genomiki zwierz\u0105t gospodarskich i&nbsp;zwierz\u0105t towarzysz\u0105cych. Swoje zainteresowania naukowe koncentruje wok\u00f3\u0142: diagnostyki nieprawid\u0142owo\u015bci chromosomowych (r\u00f3\u017cne gatunki), uwarunkowa\u0144 genetycznych zaburze\u0144 rozwoju p\u0142ci (r\u00f3\u017cne gatunki), molekularnych pod\u0142o\u017cach oty\u0142o\u015bci (pies), charakterystyki molekularnej i&nbsp;cytogenetycznej transgenicznych \u015bwi\u0144. Opublikowa\u0142 blisko 300 oryginalnych prac naukowych, w&nbsp;tym ponad 200 w&nbsp;najlepszych \u015bwiatowych czasopismach. Cz\u0142onek korespondent PAN (Wydzia\u0142 II Nauk Biologicznych i&nbsp;Rolniczych). Prezes Polskiej Akademii Nauk Oddzia\u0142 w&nbsp;Poznaniu. Laureat wielu wyr\u00f3\u017cnie\u0144 i&nbsp;nagr\u00f3d.<\/p>\n<p><a href=\"https:\/\/up.lublin.pl\/wp-content\/uploads\/2023\/05\/dhc_sw.jpg\"><img loading=\"lazy\" class=\"aligncenter wp-image-341040 size-full\" src=\"https:\/\/up.lublin.pl\/wp-content\/uploads\/2023\/05\/dhc_sw.jpg\" alt=\"\" width=\"1100\" height=\"1500\" \/><\/a><br \/>Po odczytaniu tre\u015bci dyplomu w&nbsp;j\u0119zyku \u0142aci\u0144skim, JM Rektor wyg\u0142osi\u0142 formu\u0142\u0119 pasowania i&nbsp;przypi\u0105\u0142 epitogium, tym samym przyjmuj\u0105c dostojnego profesora w&nbsp;grono akademickie Uniwersytetu Przyrodniczego w&nbsp;Lublinie.<\/p>\n<p><a href=\"https:\/\/up.lublin.pl\/wp-content\/uploads\/2023\/05\/DSC_6639.jpg\"><img loading=\"lazy\" class=\"aligncenter wp-image-341032 size-full\" src=\"https:\/\/up.lublin.pl\/wp-content\/uploads\/2023\/05\/DSC_6639.jpg\" alt=\"\" width=\"1500\" height=\"1000\" \/><\/a><br \/><a href=\"https:\/\/up.lublin.pl\/wp-content\/uploads\/2023\/05\/DSC_6664.jpg\"><img loading=\"lazy\" class=\"aligncenter wp-image-341044 size-full\" src=\"https:\/\/up.lublin.pl\/wp-content\/uploads\/2023\/05\/DSC_6664.jpg\" alt=\"\" width=\"1500\" height=\"1000\" \/><\/a><br \/>Po z\u0142o\u017conych gratulacjach, uroczysto\u015b\u0107 zamkn\u0119\u0142o przem\u00f3wienie nowego doktora honoris causa oraz wyg\u0142oszony przez niego kr\u00f3tki wyk\u0142ad pt. <strong>\u201eDiagnostyka cytogeniczna w&nbsp;hodowli zwierz\u0105t i&nbsp;medycynie weterynaryjnej\u201d<\/strong>.<\/p>\n<p><a href=\"https:\/\/up.lublin.pl\/wp-content\/uploads\/2023\/05\/DSC_6753.jpg\"><img loading=\"lazy\" class=\"aligncenter wp-image-341036 size-full\" src=\"https:\/\/up.lublin.pl\/wp-content\/uploads\/2023\/05\/DSC_6753.jpg\" alt=\"\" width=\"1500\" height=\"1000\" \/><\/a><br \/>Swoj\u0105 obecno\u015bci\u0105 wydarzenie u\u015bwietnili: <strong>Ch\u00f3r Akademicki Uniwersytetu Przyrodniczego w&nbsp;Lublinie <\/strong>oraz<strong> Zesp\u00f3\u0142 Sygnalist\u00f3w My\u015bliwskich UP w&nbsp;Lublinie \u2013 ORION<\/strong>.<strong><br \/><\/strong><\/p>\n<h5 style=\"text-align: right;\"><a href=\"https:\/\/up.lublin.pl\/wp-content\/uploads\/2023\/05\/DSC_6812-1.jpg\"><img loading=\"lazy\" class=\"aligncenter wp-image-341313 size-full\" src=\"https:\/\/up.lublin.pl\/wp-content\/uploads\/2023\/05\/DSC_6812-1.jpg\" alt=\"\" width=\"1500\" height=\"650\" \/><\/a>Tekst: DRiP<\/h5>\n                                        <\/div>\n\t\t\t\t\t\t                                                        <div class=\"mn-cards-list\">\n                                            <div class=\"mn-card-container\">\n                                                <div>\n                                                    <img src=\"https:\/\/up.lublin.pl\/biologia\/wp-content\/themes\/up-lublin\/assets\/images\/doc-ico.svg\" alt=\"\" \/>\n                                                    <h5>Galeria<\/h5>\n                                                <\/div>\n                                                <a href=\"https:\/\/up.lublin.pl\/blog\/galeria\/70-lecie-wnozib-doktor-honoris-causa-prof-dr-hab-marek-switonski\/\" class=\"mn-more\" target=\"_blank\">Zobacz<\/a>\n                                            <\/div>\n                                        <\/div>\n\t\t\t\t\t\t                                                        <div class=\"block-text\">\n\t                                        <h5 style=\"text-align: right\">Zdj\u0119cia: Alicja Jaroszewska \/DRiP<\/h5>\n                                        <\/div>\n\t\t\t\t\t\t                                                        <div class=\"block-text\">\n\t                                        <p>Informacje w&nbsp;mediach:<\/p>\n                                        <\/div>\n\t\t\t\t\t\t                                                        <div class=\"mn-cards-list\">\n                                            <div class=\"mn-card-container\">\n                                                <div>\n                                                    <img src=\"https:\/\/up.lublin.pl\/biologia\/wp-content\/themes\/up-lublin\/assets\/images\/doc-ico.svg\" alt=\"\" \/>\n                                                    <h5>lublin.tvp.pl, \"Panorama Lubelska\" z&nbsp;dn. 17.05.2023 r.<\/h5>\n                                                <\/div>\n                                                <a href=\"https:\/\/lublin.tvp.pl\/69909729\/70-lat-wydzialu-nauk-o-zwierzetach-i-biogospodarki-up\" class=\"mn-more\" target=\"_blank\">Zobacz<\/a>\n                                            <\/div>\n                                        <\/div>\n\t\t\t\t\t\t                                                        <div class=\"mn-cards-list\">\n                                            <div class=\"mn-card-container\">\n                                                <div>\n                                                    <img src=\"https:\/\/up.lublin.pl\/biologia\/wp-content\/themes\/up-lublin\/assets\/images\/doc-ico.svg\" alt=\"\" \/>\n                                                    <h5>lublin.tvp.pl, \"Panorama Lubelska\" z&nbsp;dn. 18.05.2023 r. (Doktor HC Prof. Marek \u015awito\u0144ski)<\/h5>\n                                                <\/div>\n                                                <a href=\"https:\/\/lublin.tvp.pl\/69932407\/honorowy-doktor-uniwersytetu-przyrodniczego\" class=\"mn-more\" target=\"_blank\">Zobacz<\/a>\n                                            <\/div>\n                                        <\/div>\n\t\t\t\t\t\t                                                        <div class=\"mn-cards-list\">\n                                            <div class=\"mn-card-container\">\n                                                <div>\n                                                    <img src=\"https:\/\/up.lublin.pl\/biologia\/wp-content\/themes\/up-lublin\/assets\/images\/doc-ico.svg\" alt=\"\" \/>\n                                                    <h5>gov.pl z&nbsp;dn. 18.05.2023 r. <\/h5>\n                                                <\/div>\n                                                <a href=\"https:\/\/www.gov.pl\/web\/uw-lubelski\/70-lecie-wydzialu-nauk-o-zwierzetach-i-biogospodarki-uniwersytetu-przyrodniczego-w-lublinie\" class=\"mn-more\" target=\"_blank\">Zobacz<\/a>\n                                            <\/div>\n                                        <\/div>\n\t\t\t\t\t\t                                                        <div class=\"mn-cards-list\">\n                                            <div class=\"mn-card-container\">\n                                                <div>\n                                                    <img src=\"https:\/\/up.lublin.pl\/biologia\/wp-content\/themes\/up-lublin\/assets\/images\/doc-ico.svg\" alt=\"\" \/>\n                                                    <h5>radio.lublin.pl z&nbsp;dn. 18.05.2023 r. (zdj\u0119cia)<\/h5>\n                                                <\/div>\n                                                <a href=\"https:\/\/radio.lublin.pl\/2023\/05\/70-lecie-wydzialu-nauk-o-zwierzetach-i-biogospodarki-uniwersytetu-przyrodniczego-w-lublinie\/\" class=\"mn-more\" target=\"_blank\">Zobacz<\/a>\n                                            <\/div>\n                                        <\/div>\n\t\t\t\t\t\t                                                        <div class=\"mn-cards-list\">\n                                            <div class=\"mn-card-container\">\n                                                <div>\n                                                    <img src=\"https:\/\/up.lublin.pl\/biologia\/wp-content\/themes\/up-lublin\/assets\/images\/doc-ico.svg\" alt=\"\" \/>\n                                                    <h5>radio.lublin.pl z&nbsp;dn. 18.05.2023 r. <\/h5>\n                                                <\/div>\n                                                <a href=\"https:\/\/radio.lublin.pl\/2023\/05\/uniwersytet-przyrodniczy-70-lecie-istnienia-waznego-wydzialu\/\" class=\"mn-more\" target=\"_blank\">Zobacz<\/a>\n                                            <\/div>\n                                        <\/div>\n\t\t\t\t\t\t                                                        <div class=\"mn-cards-list\">\n                                            <div class=\"mn-card-container\">\n                                                <div>\n                                                    <img src=\"https:\/\/up.lublin.pl\/biologia\/wp-content\/themes\/up-lublin\/assets\/images\/doc-ico.svg\" alt=\"\" \/>\n                                                    <h5>dziennikwschodni.pl z&nbsp;dn. 19.05.2023 r. (zdj\u0119cia)<\/h5>\n                                                <\/div>\n                                                <a href=\"https:\/\/www.dziennikwschodni.pl\/lublin\/stworzyli-nowa-rase-owiec-wydzial-lubelskiej-uczelni-swietuje-70-lecie,n,1000324620.html\" class=\"mn-more\" target=\"_blank\">Zobacz<\/a>\n                                            <\/div>\n                                        <\/div>\n\t\t\t\t\t\t                                <\/div>\n\t\t\t\t                <div class=\"mn-content-block\">\n\t                                <\/div>\n\t\t\t\t                <div class=\"mn-content-block\">\n\t                                <\/div>\n\t\t\t\t                <div class=\"mn-content-block\">\n\t                                <\/div>\n\t\t\t\t                <div class=\"mn-content-block\">\n\t                                <\/div>\n\t\t\t\t                <div class=\"mn-content-block\">\n\t                                <\/div>\n\t\t\t\t                <div class=\"mn-content-block\">\n\t                                <\/div>\n\t\t\t\t                <div class=\"mn-content-block\">\n\t                                <\/div>\n\t\t\t\t                <div class=\"mn-content-block\">\n\t                                <\/div>\n\t\t\t\t                <div class=\"mn-content-block\">\n\t                                <\/div>\n\t\t\t\t                <div class=\"mn-content-block\">\n\t                                <\/div>\n\t\t\t\t                <div class=\"mn-content-block\">\n\t                                <\/div>\n\t\t\t\t                <div class=\"mn-content-block\">\n\t                                <\/div>\n\t\t\t\t                <div class=\"mn-content-block\">\n\t                                <\/div>\n\t\t\t\t                <div class=\"mn-content-block\">\n\t                                <\/div>\n\t\t\t\t                <div class=\"mn-content-block\">\n\t                                <\/div>\n\t\t\t\t                <div class=\"mn-content-block\">\n\t                                <\/div>\n\t\t\t\t                <div class=\"mn-content-block\">\n\t                                <\/div>\n\t\t\t\t                <div class=\"mn-content-block\">\n\t                                <\/div>\n\t\t\t\t                <div class=\"mn-content-block\">\n\t                                <\/div>\n\t\t\t\t\t\t<\/div>\n\t<\/div>\n<\/section>\n\t\t<\/div>\n\t\t\t\t<\/div>\n\t\t\t\t\t\t<\/div>\n\t\t\t\t\t<\/div>\n\t\t<\/div>\n\t\t\t\t\t\t\t\t<\/div>\n\t\t\t\t\t<\/div>\n\t\t<\/section>\n\t\t\t\t\t\t<\/div>\n\t\t\t\t\t\t<\/div>\n\t\t\t\t\t<\/div>\n\t\t","protected":false},"excerpt":{"rendered":"<p>18 maja 2023 w&nbsp;Centrum Kongresowym Uniwersytetu Przyrodniczego w&nbsp;Lublinie odby\u0142a si\u0119 uroczysto\u015b\u0107 70-lecia wydzia\u0142u Nauk o&nbsp;Zwierz\u0119tach i&nbsp;Biogospodarki po\u0142\u0105czona z&nbsp;nadaniem tytu\u0142u doktora honoris causa prof. dr. hab. Markowi \u015awito\u0144skiemu. W swoim przem\u00f3wieniu Rektor Uniwersytetu Przyrodniczego prof. dr hab. Krzysztof Kowalczyk podzi\u0119kowa\u0142 organizatorom wydarzenia oraz podkre\u015bli\u0142 jak\u0105 warto\u015b\u0107 naukow\u0105 oraz autorytet niesie za sob\u0105 posta\u0107 prof. Marka \u015awito\u0144skiego, [&hellip;]<\/p>\n","protected":false},"author":204,"featured_media":0,"comment_status":"closed","ping_status":"open","sticky":false,"template":"elementor_header_footer","format":"standard","meta":{"_monsterinsights_skip_tracking":false,"_monsterinsights_sitenote_active":false,"_monsterinsights_sitenote_note":"","_monsterinsights_sitenote_category":0},"categories":[12],"tags":[],"_links":{"self":[{"href":"https:\/\/up.lublin.pl\/biologia\/wp-json\/wp\/v2\/posts\/155842"}],"collection":[{"href":"https:\/\/up.lublin.pl\/biologia\/wp-json\/wp\/v2\/posts"}],"about":[{"href":"https:\/\/up.lublin.pl\/biologia\/wp-json\/wp\/v2\/types\/post"}],"author":[{"embeddable":true,"href":"https:\/\/up.lublin.pl\/biologia\/wp-json\/wp\/v2\/users\/204"}],"replies":[{"embeddable":true,"href":"https:\/\/up.lublin.pl\/biologia\/wp-json\/wp\/v2\/comments?post=155842"}],"version-history":[{"count":8,"href":"https:\/\/up.lublin.pl\/biologia\/wp-json\/wp\/v2\/posts\/155842\/revisions"}],"predecessor-version":[{"id":155851,"href":"https:\/\/up.lublin.pl\/biologia\/wp-json\/wp\/v2\/posts\/155842\/revisions\/155851"}],"wp:attachment":[{"href":"https:\/\/up.lublin.pl\/biologia\/wp-json\/wp\/v2\/media?parent=155842"}],"wp:term":[{"taxonomy":"category","embeddable":true,"href":"https:\/\/up.lublin.pl\/biologia\/wp-json\/wp\/v2\/categories?post=155842"},{"taxonomy":"post_tag","embeddable":true,"href":"https:\/\/up.lublin.pl\/biologia\/wp-json\/wp\/v2\/tags?post=155842"}],"curies":[{"name":"wp","href":"https:\/\/api.w.org\/{rel}","templated":true}]}}