{"id":155840,"date":"2023-05-19T15:39:56","date_gmt":"2023-05-19T13:39:56","guid":{"rendered":"https:\/\/up.lublin.pl\/biologia\/?p=155840"},"modified":"2023-05-22T12:21:49","modified_gmt":"2023-05-22T10:21:49","slug":"wystapienie-lek-wet-aleksandry-garbiec-z-katedry-etologii-zwierzat-i-lowiectwa-w-telewizji-tvp3-lublin","status":"publish","type":"post","link":"https:\/\/up.lublin.pl\/biologia\/wystapienie-lek-wet-aleksandry-garbiec-z-katedry-etologii-zwierzat-i-lowiectwa-w-telewizji-tvp3-lublin\/","title":{"rendered":"Wyst\u0105pienie lek. wet. Aleksandry Garbiec z Katedry Etologii Zwierz\u0105t i \u0141owiectwa w telewizji TVP3 Lublin"},"content":{"rendered":"<p>Dnia 19.05 Pani lek. wet. Aleksandra Garbiec z Katedry Etologii Zwierz\u0105t i \u0141owiectwa wraz ze swoj\u0105 adoptowan\u0105 suni\u0105 Estel by\u0142a go\u015bciem w programie Mi\u0119dzy Wis\u0142\u0105 a Bugiem w telewizji TVP3 Lublin. Wypowied\u017a by\u0142a po\u015bwi\u0119cona \u015bwiadomej adopcji zwierz\u0105t oraz promocji wyk\u0142adu Prof. Clive Wynne z Arizona State University, kt\u00f3ry b\u0119dzie go\u015bciem Uniwersytetu Przyrodniczego w Lublinie w dniu 23.05.2023.<\/p>\n<p>&nbsp;<\/p>\n<p><a href=\"https:\/\/www.facebook.com\/100001381870544\/videos\/544022027945234\/\">https:\/\/www.facebook.com\/100001381870544\/videos\/544022027945234\/<\/a><\/p>\n","protected":false},"excerpt":{"rendered":"<p>Dnia 19.05 Pani lek. wet. Aleksandra Garbiec z Katedry Etologii Zwierz\u0105t i \u0141owiectwa wraz ze swoj\u0105 adoptowan\u0105 suni\u0105 Estel by\u0142a go\u015bciem w programie Mi\u0119dzy Wis\u0142\u0105 a Bugiem w telewizji TVP3 Lublin. Wypowied\u017a by\u0142a po\u015bwi\u0119cona \u015bwiadomej adopcji zwierz\u0105t oraz promocji wyk\u0142adu Prof. Clive Wynne z Arizona State University, kt\u00f3ry b\u0119dzie go\u015bciem Uniwersytetu Przyrodniczego w Lublinie w [&hellip;]<\/p>\n","protected":false},"author":204,"featured_media":0,"comment_status":"closed","ping_status":"open","sticky":false,"template":"","format":"standard","meta":{"_monsterinsights_skip_tracking":false,"_monsterinsights_sitenote_active":false,"_monsterinsights_sitenote_note":"","_monsterinsights_sitenote_category":0},"categories":[12],"tags":[],"_links":{"self":[{"href":"https:\/\/up.lublin.pl\/biologia\/wp-json\/wp\/v2\/posts\/155840"}],"collection":[{"href":"https:\/\/up.lublin.pl\/biologia\/wp-json\/wp\/v2\/posts"}],"about":[{"href":"https:\/\/up.lublin.pl\/biologia\/wp-json\/wp\/v2\/types\/post"}],"author":[{"embeddable":true,"href":"https:\/\/up.lublin.pl\/biologia\/wp-json\/wp\/v2\/users\/204"}],"replies":[{"embeddable":true,"href":"https:\/\/up.lublin.pl\/biologia\/wp-json\/wp\/v2\/comments?post=155840"}],"version-history":[{"count":2,"href":"https:\/\/up.lublin.pl\/biologia\/wp-json\/wp\/v2\/posts\/155840\/revisions"}],"predecessor-version":[{"id":155852,"href":"https:\/\/up.lublin.pl\/biologia\/wp-json\/wp\/v2\/posts\/155840\/revisions\/155852"}],"wp:attachment":[{"href":"https:\/\/up.lublin.pl\/biologia\/wp-json\/wp\/v2\/media?parent=155840"}],"wp:term":[{"taxonomy":"category","embeddable":true,"href":"https:\/\/up.lublin.pl\/biologia\/wp-json\/wp\/v2\/categories?post=155840"},{"taxonomy":"post_tag","embeddable":true,"href":"https:\/\/up.lublin.pl\/biologia\/wp-json\/wp\/v2\/tags?post=155840"}],"curies":[{"name":"wp","href":"https:\/\/api.w.org\/{rel}","templated":true}]}}