{"id":154299,"date":"2023-02-01T15:35:26","date_gmt":"2023-02-01T14:35:26","guid":{"rendered":"https:\/\/up.lublin.pl\/biologia\/?p=154299"},"modified":"2023-02-01T15:35:26","modified_gmt":"2023-02-01T14:35:26","slug":"wystapienie-dra-hab-mariana-flisa-profesora-uczelni-w-senacie-rzeczypospolitej-polskiej","status":"publish","type":"post","link":"https:\/\/up.lublin.pl\/biologia\/wystapienie-dra-hab-mariana-flisa-profesora-uczelni-w-senacie-rzeczypospolitej-polskiej\/","title":{"rendered":"Wyst\u0105pienie dra hab. Mariana Flisa, profesora uczelni w Senacie Rzeczypospolitej Polskiej"},"content":{"rendered":"<p>\u201eWyzwania wsp\u00f3\u0142czesnego \u0142owiectwa w Polsce\u201d, pod takim mottem przewodnim odby\u0142a si\u0119 w Senacie Rzeczypospolitej Polskiej konferencja naukowa, kt\u00f3ra tak naprawd\u0119 zainicjowa\u0142a obchody jubileuszu 100-lecia Polskiego Zwi\u0105zku \u0141owieckiego. W konferencji tej, kt\u00f3ra odby\u0142a si\u0119 w dniu 25 stycznia 2023 roku jako jeden w\u015br\u00f3d sze\u015bciu prelegent\u00f3w udzia\u0142 wzi\u0105\u0142 dr hab. Marian Flis, profesor uczelni. Referaty wyg\u0142oszone podczas konferencji zdecydowanie dotyczy\u0142y obecnej problematyki funkcjonowania \u0142owiectwa w Polsce w aspektach hodowlanych, spo\u0142ecznych, medialnych i kulturowych. Ju\u017c po s\u0142owie wst\u0119pnym na otwarciu przez Senatora Zdzis\u0142awa Pupa, da\u0142o si\u0119 odczu\u0107 potrzeb\u0119 zmian funkcjonowania Polskiego Zwi\u0105zku \u0141owieckiego, a przede wszystkim wypracowania akt\u00f3w prawnych pozwalaj\u0105cych my\u015bliwym na kompleksowe realizowanie interes\u00f3w Pa\u0144stwa w zakresie regulowania populacji zwierz\u0105t dziko \u017cyj\u0105cych.<\/p>\n<p>Doktor habilitowany Marian Flis wyg\u0142osi\u0142 referat pt. \u201eEfektywna gospodarka le\u015bna i rolna a zadania my\u015bliwych\u201d. W swym wyst\u0105pieniu skupi\u0142 si\u0119 g\u0142\u00f3wnie na problematyce rozwiazywania sytuacji konfliktowych w zakresie szk\u00f3d w uprawach rolniczych i ekosystemach le\u015bnych w aspekcie prowadzenia gospodarki \u0142owieckiej. Temat by\u0142 na tyle interesuj\u0105cy, i\u017c w kuluarach prelegent zosta\u0142 poproszony przez wiele os\u00f3b o udost\u0119pnienie danych prezentowanych w referacie.<\/p>\n<p>&nbsp;<\/p>\n<p><a href=\"https:\/\/up.lublin.pl\/biologia\/wp-content\/uploads\/sites\/4\/2023\/02\/Senat-1.jpg\"><img loading=\"lazy\" class=\"aligncenter size-full wp-image-154300\" src=\"https:\/\/up.lublin.pl\/biologia\/wp-content\/uploads\/sites\/4\/2023\/02\/Senat-1.jpg\" alt=\"\" width=\"1024\" height=\"696\" \/><\/a><\/p>\n<p><a href=\"https:\/\/up.lublin.pl\/biologia\/wp-content\/uploads\/sites\/4\/2023\/02\/Senat-2.jpg\"><img loading=\"lazy\" class=\"aligncenter size-medium wp-image-154304\" src=\"https:\/\/up.lublin.pl\/biologia\/wp-content\/uploads\/sites\/4\/2023\/02\/Senat-2.jpg\" alt=\"\" width=\"1024\" height=\"576\" \/><\/a><\/p>\n<p><a href=\"https:\/\/up.lublin.pl\/biologia\/wp-content\/uploads\/sites\/4\/2023\/02\/Senat-3.jpg\"><img loading=\"lazy\" class=\"aligncenter size-medium wp-image-154308\" src=\"https:\/\/up.lublin.pl\/biologia\/wp-content\/uploads\/sites\/4\/2023\/02\/Senat-3.jpg\" alt=\"\" width=\"1024\" height=\"716\" \/><\/a><\/p>\n<p><a href=\"https:\/\/up.lublin.pl\/biologia\/wp-content\/uploads\/sites\/4\/2023\/02\/Senat-4.jpg\"><img loading=\"lazy\" class=\"aligncenter size-medium wp-image-154312\" src=\"https:\/\/up.lublin.pl\/biologia\/wp-content\/uploads\/sites\/4\/2023\/02\/Senat-4.jpg\" alt=\"\" width=\"1024\" height=\"718\" \/><\/a><\/p>\n<p>&nbsp;<\/p>\n<p><a href=\"https:\/\/up.lublin.pl\/biologia\/wp-content\/uploads\/sites\/4\/2023\/02\/Senat-5.jpg\"><img loading=\"lazy\" class=\"aligncenter size-medium wp-image-154316\" src=\"https:\/\/up.lublin.pl\/biologia\/wp-content\/uploads\/sites\/4\/2023\/02\/Senat-5.jpg\" alt=\"\" width=\"1024\" height=\"578\" \/><\/a><\/p>\n<p><a href=\"https:\/\/up.lublin.pl\/biologia\/wp-content\/uploads\/sites\/4\/2023\/02\/Senat-6-1.jpg\"><img loading=\"lazy\" class=\"aligncenter size-full wp-image-154324\" src=\"https:\/\/up.lublin.pl\/biologia\/wp-content\/uploads\/sites\/4\/2023\/02\/Senat-6-1.jpg\" alt=\"\" width=\"1024\" height=\"703\" \/><\/a><\/p>\n<p>&nbsp;<\/p>\n<p>&nbsp;<\/p>\n","protected":false},"excerpt":{"rendered":"<p>\u201eWyzwania wsp\u00f3\u0142czesnego \u0142owiectwa w Polsce\u201d, pod takim mottem przewodnim odby\u0142a si\u0119 w Senacie Rzeczypospolitej Polskiej konferencja naukowa, kt\u00f3ra tak naprawd\u0119 zainicjowa\u0142a obchody jubileuszu 100-lecia Polskiego Zwi\u0105zku \u0141owieckiego. W konferencji tej, kt\u00f3ra odby\u0142a si\u0119 w dniu 25 stycznia 2023 roku jako jeden w\u015br\u00f3d sze\u015bciu prelegent\u00f3w udzia\u0142 wzi\u0105\u0142 dr hab. Marian Flis, profesor uczelni. Referaty wyg\u0142oszone podczas [&hellip;]<\/p>\n","protected":false},"author":204,"featured_media":0,"comment_status":"closed","ping_status":"open","sticky":false,"template":"","format":"standard","meta":{"_monsterinsights_skip_tracking":false,"_monsterinsights_sitenote_active":false,"_monsterinsights_sitenote_note":"","_monsterinsights_sitenote_category":0},"categories":[12],"tags":[],"_links":{"self":[{"href":"https:\/\/up.lublin.pl\/biologia\/wp-json\/wp\/v2\/posts\/154299"}],"collection":[{"href":"https:\/\/up.lublin.pl\/biologia\/wp-json\/wp\/v2\/posts"}],"about":[{"href":"https:\/\/up.lublin.pl\/biologia\/wp-json\/wp\/v2\/types\/post"}],"author":[{"embeddable":true,"href":"https:\/\/up.lublin.pl\/biologia\/wp-json\/wp\/v2\/users\/204"}],"replies":[{"embeddable":true,"href":"https:\/\/up.lublin.pl\/biologia\/wp-json\/wp\/v2\/comments?post=154299"}],"version-history":[{"count":2,"href":"https:\/\/up.lublin.pl\/biologia\/wp-json\/wp\/v2\/posts\/154299\/revisions"}],"predecessor-version":[{"id":154329,"href":"https:\/\/up.lublin.pl\/biologia\/wp-json\/wp\/v2\/posts\/154299\/revisions\/154329"}],"wp:attachment":[{"href":"https:\/\/up.lublin.pl\/biologia\/wp-json\/wp\/v2\/media?parent=154299"}],"wp:term":[{"taxonomy":"category","embeddable":true,"href":"https:\/\/up.lublin.pl\/biologia\/wp-json\/wp\/v2\/categories?post=154299"},{"taxonomy":"post_tag","embeddable":true,"href":"https:\/\/up.lublin.pl\/biologia\/wp-json\/wp\/v2\/tags?post=154299"}],"curies":[{"name":"wp","href":"https:\/\/api.w.org\/{rel}","templated":true}]}}