{"id":154266,"date":"2023-01-30T10:59:34","date_gmt":"2023-01-30T09:59:34","guid":{"rendered":"https:\/\/up.lublin.pl\/biologia\/?p=154266"},"modified":"2023-01-30T11:01:29","modified_gmt":"2023-01-30T10:01:29","slug":"zajecia-studentow-behawiorystyki-zwierzat-z-przewodnikiem-psa-ratowniczego-mgr-inz-jerzym-herma","status":"publish","type":"post","link":"https:\/\/up.lublin.pl\/biologia\/zajecia-studentow-behawiorystyki-zwierzat-z-przewodnikiem-psa-ratowniczego-mgr-inz-jerzym-herma\/","title":{"rendered":"Zaj\u0119cia student\u00f3w Behawiorystyki zwierz\u0105t z przewodnikiem psa ratowniczego mgr in\u017c. Jerzym Herm\u0105"},"content":{"rendered":"<p class=\"mcntMsoNormal\">W dniu 28.01.2023 r. studenci studi\u00f3w niestacjonarnych I i II stopnia na kierunku Behawiorystyka zwierz\u0105t w ramach przedmiot\u00f3w U\u017cytkowanie ps\u00f3w oraz Zwierz\u0119ta w s\u0142u\u017cbach specjalnych brali udzia\u0142 w zaj\u0119ciach prowadzonych przez zoopsychologa, przewodnika i egzaminatora ps\u00f3w ratowniczych, w\u0142a\u015bciciela szko\u0142y dla ps\u00f3w i ich opiekun\u00f3w psieEgo \u2013 mgr in\u017c. Jerzego Herm\u0119.<\/p>\n<p class=\"mcntMsoNormal\">W zaj\u0119ciach uczestniczy\u0142y dwa psy rasy Labrador retriever. Starszy, o imieniu Gary, posiada licencj\u0119 psa ratowniczego specjalno\u015bci terenowej oraz gruzowiskowej klasy I, co oznacza, \u017ce zesp\u00f3\u0142 ma uprawnienia do udzia\u0142u w akcjach ratunkowych organizowanych przez Pa\u0144stwow\u0105 Stra\u017c Po\u017carn\u0105. M\u0142odszy \u2013 Goya, jest na pocz\u0105tku swojej ratowniczej kariery i uczy si\u0119 od najlepszych.<\/p>\n<p class=\"mcntMsoNormal\">Studenci zdobyli wiele cennych informacji dotycz\u0105cych nie tylko pracy ps\u00f3w ratowniczych w Polsce, ale tak\u017ce metod szkolenia i sposob\u00f3w nawi\u0105zywania wspania\u0142ej relacji mi\u0119dzy psem a opiekunem opartej na wzajemnym zaufaniu.<\/p>\n<p class=\"mcntMsoNormal\"><a href=\"https:\/\/up.lublin.pl\/biologia\/wp-content\/uploads\/sites\/4\/2023\/01\/Ratownik1.jpg\"><img loading=\"lazy\" class=\"aligncenter size-full wp-image-154267\" src=\"https:\/\/up.lublin.pl\/biologia\/wp-content\/uploads\/sites\/4\/2023\/01\/Ratownik1.jpg\" alt=\"\" width=\"1024\" height=\"768\" \/><\/a><\/p>\n<p class=\"mcntMsoNormal\"><a href=\"https:\/\/up.lublin.pl\/biologia\/wp-content\/uploads\/sites\/4\/2023\/01\/Ratownik2.jpg\"><img loading=\"lazy\" class=\"aligncenter size-medium wp-image-154271\" src=\"https:\/\/up.lublin.pl\/biologia\/wp-content\/uploads\/sites\/4\/2023\/01\/Ratownik2.jpg\" alt=\"\" width=\"1024\" height=\"768\" \/><\/a><\/p>\n<p class=\"mcntMsoNormal\"><a href=\"https:\/\/up.lublin.pl\/biologia\/wp-content\/uploads\/sites\/4\/2023\/01\/Ratownik4.jpg\"><img loading=\"lazy\" class=\"aligncenter size-medium wp-image-154279\" src=\"https:\/\/up.lublin.pl\/biologia\/wp-content\/uploads\/sites\/4\/2023\/01\/Ratownik4.jpg\" alt=\"\" width=\"800\" height=\"971\" \/><\/a> <a href=\"https:\/\/up.lublin.pl\/biologia\/wp-content\/uploads\/sites\/4\/2023\/01\/Ratownik5.jpg\"><img loading=\"lazy\" class=\"aligncenter size-medium wp-image-154283\" src=\"https:\/\/up.lublin.pl\/biologia\/wp-content\/uploads\/sites\/4\/2023\/01\/Ratownik5.jpg\" alt=\"\" width=\"1024\" height=\"683\" \/><\/a><\/p>\n","protected":false},"excerpt":{"rendered":"<p>W dniu 28.01.2023 r. studenci studi\u00f3w niestacjonarnych I i II stopnia na kierunku Behawiorystyka zwierz\u0105t w ramach przedmiot\u00f3w U\u017cytkowanie ps\u00f3w oraz Zwierz\u0119ta w s\u0142u\u017cbach specjalnych brali udzia\u0142 w zaj\u0119ciach prowadzonych przez zoopsychologa, przewodnika i egzaminatora ps\u00f3w ratowniczych, w\u0142a\u015bciciela szko\u0142y dla ps\u00f3w i ich opiekun\u00f3w psieEgo \u2013 mgr in\u017c. Jerzego Herm\u0119. W zaj\u0119ciach uczestniczy\u0142y dwa psy [&hellip;]<\/p>\n","protected":false},"author":204,"featured_media":0,"comment_status":"closed","ping_status":"open","sticky":false,"template":"","format":"standard","meta":{"_monsterinsights_skip_tracking":false,"_monsterinsights_sitenote_active":false,"_monsterinsights_sitenote_note":"","_monsterinsights_sitenote_category":0},"categories":[12],"tags":[],"_links":{"self":[{"href":"https:\/\/up.lublin.pl\/biologia\/wp-json\/wp\/v2\/posts\/154266"}],"collection":[{"href":"https:\/\/up.lublin.pl\/biologia\/wp-json\/wp\/v2\/posts"}],"about":[{"href":"https:\/\/up.lublin.pl\/biologia\/wp-json\/wp\/v2\/types\/post"}],"author":[{"embeddable":true,"href":"https:\/\/up.lublin.pl\/biologia\/wp-json\/wp\/v2\/users\/204"}],"replies":[{"embeddable":true,"href":"https:\/\/up.lublin.pl\/biologia\/wp-json\/wp\/v2\/comments?post=154266"}],"version-history":[{"count":3,"href":"https:\/\/up.lublin.pl\/biologia\/wp-json\/wp\/v2\/posts\/154266\/revisions"}],"predecessor-version":[{"id":154289,"href":"https:\/\/up.lublin.pl\/biologia\/wp-json\/wp\/v2\/posts\/154266\/revisions\/154289"}],"wp:attachment":[{"href":"https:\/\/up.lublin.pl\/biologia\/wp-json\/wp\/v2\/media?parent=154266"}],"wp:term":[{"taxonomy":"category","embeddable":true,"href":"https:\/\/up.lublin.pl\/biologia\/wp-json\/wp\/v2\/categories?post=154266"},{"taxonomy":"post_tag","embeddable":true,"href":"https:\/\/up.lublin.pl\/biologia\/wp-json\/wp\/v2\/tags?post=154266"}],"curies":[{"name":"wp","href":"https:\/\/api.w.org\/{rel}","templated":true}]}}