{"id":152698,"date":"2022-09-29T10:58:16","date_gmt":"2022-09-29T08:58:16","guid":{"rendered":"https:\/\/up.lublin.pl\/biologia\/?p=152698"},"modified":"2022-09-30T13:41:24","modified_gmt":"2022-09-30T11:41:24","slug":"spotkanie-z-okazji-50-lecia-ukonczenia-wydzialu-zootechniki-uniwersytetu-przyrodniczego-w-lublinie","status":"publish","type":"post","link":"https:\/\/up.lublin.pl\/biologia\/spotkanie-z-okazji-50-lecia-ukonczenia-wydzialu-zootechniki-uniwersytetu-przyrodniczego-w-lublinie\/","title":{"rendered":"Spotkanie z okazji 50-lecia uko\u0144czenia  Wydzia\u0142u Zootechniki Uniwersytetu Przyrodniczego w Lublinie"},"content":{"rendered":"<p>W dniu 2 wrze\u015bnia 2022 r. na Uniwersytecie Przyrodniczym w Lublinie mia\u0142o miejsce spotkanie z okazji 50-lecia uko\u0144czenia Wydzia\u0142u Zootechniki w Wy\u017cszej Szkole Rolniczej w Lublinie. Spotkanie otworzy\u0142a Pani prof. dr hab. Brygida \u015alaska \u2013 Dziekan obecnego Wydzia\u0142u Nauk o Zwierz\u0119tach i Biogospodarki. Pani Dziekan w bardzo ciep\u0142ych i wzruszaj\u0105cych s\u0142owach powita\u0142a uczestnik\u00f3w i w imieniu Pana prof. dr. hab. Krzysztofa Kowalczyka \u2013 Rektora Uniwersytetu Przyrodniczego w Lublinie \u2013 wr\u0119czy\u0142a Z\u0142ote Dyplomy Honorowe z okazji 50-lecia uko\u0144czenia studi\u00f3w na Wydziale Zootechnicznym.<\/p>\n<p>&nbsp;<\/p>\n<p>Prof. dr hab. Andrzej Junkuszew \u2013 Prodziekan ds. studenckich kierunku Zootechnika \u2013 w ciekawy spos\u00f3b przedstawi\u0142 jubilatom aktualne kierunki kszta\u0142cenia w zakresie zootechniki.<\/p>\n<p>&nbsp;<\/p>\n<p>Warto doda\u0107, \u017ce by\u0142o to pierwsze takie spotkanie na Wydziale. Uczestnicy, by sp\u0119dzi\u0107 razem te wzruszaj\u0105ce chwile, nie zwa\u017caj\u0105c na trudno\u015bci zwi\u0105zane z dojazdem, przyjechali z ca\u0142ej Polski \u2013 m. in. ze Szczecina, Olsztyna, Gliwic, Bieszczad.<\/p>\n<p>&nbsp;<\/p>\n<p>Wspomniano r\u00f3wnie\u017c o dwudziestu kole\u017cankach i kolegach, kt\u00f3rych nie ma ju\u017c w\u015br\u00f3d nas, ale pozostaj\u0105 w sercach i pami\u0119ci.<\/p>\n<p>&nbsp;<\/p>\n<p>Podzi\u0119kowano organizatorom za olbrzymie zaanga\u017cowanie, jubilatom za uczestnictwo, \u017cycz\u0105c wszystkim du\u017co zdrowia, pomy\u015blno\u015bci w \u017cyciu osobistym i kolejnych jubileuszy.<\/p>\n<p>&nbsp;<\/p>\n<p><img loading=\"lazy\" class=\"aligncenter size-full wp-image-152702\" src=\"https:\/\/up.lublin.pl\/biologia\/wp-content\/uploads\/sites\/4\/2022\/09\/Zlote-dyplomym.jpg\" alt=\"\" width=\"1280\" height=\"850\" \/><\/p>\n<p>Fot. Przemys\u0142aw Sobiecki<\/p>\n","protected":false},"excerpt":{"rendered":"<p>W dniu 2 wrze\u015bnia 2022 r. na Uniwersytecie Przyrodniczym w Lublinie mia\u0142o miejsce spotkanie z okazji 50-lecia uko\u0144czenia Wydzia\u0142u Zootechniki w Wy\u017cszej Szkole Rolniczej w Lublinie. Spotkanie otworzy\u0142a Pani prof. dr hab. Brygida \u015alaska \u2013 Dziekan obecnego Wydzia\u0142u Nauk o Zwierz\u0119tach i Biogospodarki. Pani Dziekan w bardzo ciep\u0142ych i wzruszaj\u0105cych s\u0142owach powita\u0142a uczestnik\u00f3w i w [&hellip;]<\/p>\n","protected":false},"author":204,"featured_media":0,"comment_status":"closed","ping_status":"open","sticky":false,"template":"","format":"standard","meta":{"_monsterinsights_skip_tracking":false,"_monsterinsights_sitenote_active":false,"_monsterinsights_sitenote_note":"","_monsterinsights_sitenote_category":0},"categories":[12],"tags":[],"_links":{"self":[{"href":"https:\/\/up.lublin.pl\/biologia\/wp-json\/wp\/v2\/posts\/152698"}],"collection":[{"href":"https:\/\/up.lublin.pl\/biologia\/wp-json\/wp\/v2\/posts"}],"about":[{"href":"https:\/\/up.lublin.pl\/biologia\/wp-json\/wp\/v2\/types\/post"}],"author":[{"embeddable":true,"href":"https:\/\/up.lublin.pl\/biologia\/wp-json\/wp\/v2\/users\/204"}],"replies":[{"embeddable":true,"href":"https:\/\/up.lublin.pl\/biologia\/wp-json\/wp\/v2\/comments?post=152698"}],"version-history":[{"count":6,"href":"https:\/\/up.lublin.pl\/biologia\/wp-json\/wp\/v2\/posts\/152698\/revisions"}],"predecessor-version":[{"id":152745,"href":"https:\/\/up.lublin.pl\/biologia\/wp-json\/wp\/v2\/posts\/152698\/revisions\/152745"}],"wp:attachment":[{"href":"https:\/\/up.lublin.pl\/biologia\/wp-json\/wp\/v2\/media?parent=152698"}],"wp:term":[{"taxonomy":"category","embeddable":true,"href":"https:\/\/up.lublin.pl\/biologia\/wp-json\/wp\/v2\/categories?post=152698"},{"taxonomy":"post_tag","embeddable":true,"href":"https:\/\/up.lublin.pl\/biologia\/wp-json\/wp\/v2\/tags?post=152698"}],"curies":[{"name":"wp","href":"https:\/\/api.w.org\/{rel}","templated":true}]}}