{"id":151975,"date":"2022-09-15T16:23:23","date_gmt":"2022-09-15T14:23:23","guid":{"rendered":"https:\/\/up.lublin.pl\/biologia\/?p=151975"},"modified":"2022-09-15T16:23:23","modified_gmt":"2022-09-15T14:23:23","slug":"oferta-pracy-agrowe","status":"publish","type":"post","link":"https:\/\/up.lublin.pl\/biologia\/oferta-pracy-agrowe\/","title":{"rendered":"Oferta pracy AgroWe"},"content":{"rendered":"<p>&nbsp;<\/p>\n<p><img loading=\"lazy\" class=\"size-full wp-image-151976 alignright\" src=\"https:\/\/up.lublin.pl\/biologia\/wp-content\/uploads\/sites\/4\/2022\/09\/Agrowe.jpg\" alt=\"\" width=\"325\" height=\"109\" \/><\/p>\n<p>&nbsp;<\/p>\n<p>&nbsp;<\/p>\n<p>&nbsp;<\/p>\n<p><strong>Stanowisko: Specjalista ds. innowacji i dotacji PROW<\/strong><\/p>\n<p>&nbsp;<\/p>\n<p>&nbsp;<\/p>\n<p>To idealna praca dla Studenta, kt\u00f3ry interesuje si\u0119 rolnictwem, innowacjami i dotacjami!<\/p>\n<p>Poszukujemy Student\u00f3w nastawionych na rozw\u00f3j i ch\u0119\u0107 zwi\u0119kszenia swojej wiedzy w zakresie<\/p>\n<p>innowacji i dotacji PROW.<\/p>\n<p>Tw\u00f3j zakres obowi\u0105zk\u00f3w:<\/p>\n<ul>\n<li>Wsparcie w procesie przygotowywania wniosk\u00f3w PROW<\/li>\n<li>Wsp\u00f3\u0142praca z innymi pracownikami w zakresie innowacji \u2013 przygotowywanie opis\u00f3w<\/li>\n<li>Przygotowywanie uzasadnie\u0144 zakup\u00f3w i wszelkiej niezb\u0119dnej dokumentacji w ramach tworzonych wniosk\u00f3w PROW<\/li>\n<li>Tworzenie nowych pomys\u0142\u00f3w na wnioski, kontakt z nowymi osobami i pozyskiwanie wiedzy<\/li>\n<li>Kontakt i wsp\u00f3\u0142praca z firmami zewn\u0119trznymi w ramach projekt\u00f3w PROW<\/li>\n<\/ul>\n<p>Nasze wymagania:<\/p>\n<ul>\n<li>Wykszta\u0142cenie (status Studenta) &#8211; studia rolnicze, zootechniczne, administracyjno \u2013ekonomiczne i wszelkie kierunki zwi\u0105zane ze \u015brodowiskiem<\/li>\n<li>Otwarta g\u0142owa \u2013 dajemy lu\u017ane wytyczne i oczekujemy pomys\u0142\u00f3w na rozwi\u0105zanie problem\u00f3w. Dzia\u0142amy w innowacjach \u2013 tutaj ty wyznaczasz limity<\/li>\n<li>Komunikatywno\u015b\u0107 \u2013 \u0142\u0105czymy \u015bwiat rolnictwa ze \u015bwiatem nauki<\/li>\n<li>Samoorganizacja \u2013 nie kontrolujemy Ci\u0119 dok\u0142adnie, a jedynie wyznaczamy cele. Wa\u017cne, aby\u015b sam potrafi\u0142 kontrolowa\u0107 swoj\u0105 elastyczno\u015b\u0107 i czas pracy<\/li>\n<li>Do\u015bwiadczenie w bran\u017cy agro (dodatkowo)<\/li>\n<li>Zainteresowanie badaniami, dotacjami, wnioskami PROW (dodatkowo)<\/li>\n<\/ul>\n<p>Co oferujemy:<\/p>\n<ul>\n<li>Prac\u0119 zdaln\u0105, elastyczne godziny pracy (sam decydujesz, ile pracujesz)<\/li>\n<li>Solidne wynagrodzenie<\/li>\n<li>Mo\u017cliwo\u015b\u0107 uzyskania dotacji dla w\u0142asnego gospodarstwa w ramach prowadzonych projekt\u00f3w \u2013 to mo\u017ce by\u0107 znacznie wi\u0119cej ni\u017c my\u015blisz!<\/li>\n<li>Bardzo dobr\u0105 atmosfer\u0119 pracy oraz mo\u017cliwo\u015b\u0107 pozyskania bardzo du\u017cej ilo\u015bci wiedzy i do\u015bwiadczenia \u2013 w praktyce mo\u017cemy nauczy\u0107 Ci\u0119 wielu rzeczy<\/li>\n<li>Prac\u0119 w m\u0142odym i dynamicznie rozwijaj\u0105cym si\u0119 zespole<\/li>\n<\/ul>\n<p>Kim jeste\u015bmy?<\/p>\n<p>Zajmujemy si\u0119 dotacjami unijnymi, nowymi technologiami, marketingiem czy profesjonaln\u0105 analityk\u0105 \u2013 wszystko w odniesieniu do bran\u017cy agro. To, co nas wyr\u00f3\u017cnia to zorientowanie na rolnika, rolnictwo i innowacje \u2013 pracujemy zdalnie, a wi\u0119kszo\u015b\u0107 z nas posiada w\u0142asne gospodarstwa, w kt\u00f3rych prowadzone s\u0105 te\u017c projekty badawcze. Aktualnie prowadzimy i przygotowujemy projekty badawczo \u2013rozwojowe o warto\u015bci kilkudziesi\u0119ciu milion\u00f3w z\u0142otych. Nasz kilkuosobowy zesp\u00f3\u0142 cechuje si\u0119 du\u017cym poczuciem humoru, zdrow\u0105 atmosfer\u0105, zaanga\u017cowaniem, ciekawo\u015bci\u0105 oraz du\u017cym zrozumieniem bran\u017cy rolnej.<\/p>\n<p>Zainteresowany\/zainteresowana?<\/p>\n<p>Wy\u015blij CV z kilkoma zdaniami, dlaczego chcia\u0142by\u015b\/chcia\u0142aby\u015b u nas pracowa\u0107 na mail<\/p>\n<p>aleksandra.cichocka@agrowe.pl, tel. 789-068-664<\/p>\n<p>Napisz do nas, dlaczego to w\u0142a\u015bnie ty pasujesz\/chcia\u0142by\u015b do\u0142\u0105czy\u0107 do naszego zespo\u0142u.<\/p>\n<p><strong>Termin przesy\u0142ania CV: 31.10.2022 r.<\/strong><\/p>\n","protected":false},"excerpt":{"rendered":"<p>&nbsp; &nbsp; &nbsp; &nbsp; Stanowisko: Specjalista ds. innowacji i dotacji PROW &nbsp; &nbsp; To idealna praca dla Studenta, kt\u00f3ry interesuje si\u0119 rolnictwem, innowacjami i dotacjami! Poszukujemy Student\u00f3w nastawionych na rozw\u00f3j i ch\u0119\u0107 zwi\u0119kszenia swojej wiedzy w zakresie innowacji i dotacji PROW. Tw\u00f3j zakres obowi\u0105zk\u00f3w: Wsparcie w procesie przygotowywania wniosk\u00f3w PROW Wsp\u00f3\u0142praca z innymi pracownikami w [&hellip;]<\/p>\n","protected":false},"author":204,"featured_media":0,"comment_status":"closed","ping_status":"open","sticky":false,"template":"","format":"standard","meta":{"_monsterinsights_skip_tracking":false,"_monsterinsights_sitenote_active":false,"_monsterinsights_sitenote_note":"","_monsterinsights_sitenote_category":0},"categories":[12],"tags":[],"_links":{"self":[{"href":"https:\/\/up.lublin.pl\/biologia\/wp-json\/wp\/v2\/posts\/151975"}],"collection":[{"href":"https:\/\/up.lublin.pl\/biologia\/wp-json\/wp\/v2\/posts"}],"about":[{"href":"https:\/\/up.lublin.pl\/biologia\/wp-json\/wp\/v2\/types\/post"}],"author":[{"embeddable":true,"href":"https:\/\/up.lublin.pl\/biologia\/wp-json\/wp\/v2\/users\/204"}],"replies":[{"embeddable":true,"href":"https:\/\/up.lublin.pl\/biologia\/wp-json\/wp\/v2\/comments?post=151975"}],"version-history":[{"count":1,"href":"https:\/\/up.lublin.pl\/biologia\/wp-json\/wp\/v2\/posts\/151975\/revisions"}],"predecessor-version":[{"id":151980,"href":"https:\/\/up.lublin.pl\/biologia\/wp-json\/wp\/v2\/posts\/151975\/revisions\/151980"}],"wp:attachment":[{"href":"https:\/\/up.lublin.pl\/biologia\/wp-json\/wp\/v2\/media?parent=151975"}],"wp:term":[{"taxonomy":"category","embeddable":true,"href":"https:\/\/up.lublin.pl\/biologia\/wp-json\/wp\/v2\/categories?post=151975"},{"taxonomy":"post_tag","embeddable":true,"href":"https:\/\/up.lublin.pl\/biologia\/wp-json\/wp\/v2\/tags?post=151975"}],"curies":[{"name":"wp","href":"https:\/\/api.w.org\/{rel}","templated":true}]}}