{"id":151870,"date":"2022-08-06T15:14:58","date_gmt":"2022-08-06T13:14:58","guid":{"rendered":"https:\/\/up.lublin.pl\/biologia\/?p=151870"},"modified":"2022-08-06T15:14:58","modified_gmt":"2022-08-06T13:14:58","slug":"pozytywna-ocena-programowa-kierunku-aktywnosc-fizyczna-i-agroturystyka-kwalifikowana","status":"publish","type":"post","link":"https:\/\/up.lublin.pl\/biologia\/pozytywna-ocena-programowa-kierunku-aktywnosc-fizyczna-i-agroturystyka-kwalifikowana\/","title":{"rendered":"Pozytywna ocena programowa kierunku aktywno\u015b\u0107 fizyczna i agroturystyka kwalifikowana"},"content":{"rendered":"<p>Mi\u0142o mi poinformowa\u0107, \u017ce, kierunek <strong><em>aktywno\u015b\u0107 fizyczna i agroturystyka kwalifikowana<\/em><\/strong> otrzyma\u0142 pozytywn\u0105 ocen\u0119 programow\u0105 wydan\u0105 przez Prezydium Polskiej Komisji Akredytacyjnej.<\/p>\n<p>&nbsp;<\/p>\n<p><a href=\"https:\/\/up.lublin.pl\/biologia\/wp-content\/uploads\/sites\/4\/2022\/08\/UCHWALA-PKA_AFiAK-2022.pdf\"><img class=\"aligncenter\" src=\"https:\/\/up.lublin.pl\/biologia\/wp-content\/uploads\/sites\/4\/2022\/08\/Akredytacja-afiak.jpg\" \/><\/a><\/p>\n<p>Pragn\u0119 z\u0142o\u017cy\u0107 serdeczne podzi\u0119kowania za wsp\u00f3\u0142prac\u0119, zaanga\u017cowanie i trud w\u0142o\u017cony w proces akredytacji kierunku <em>aktywno\u015b\u0107 fizyczna i agroturystyka kwalifikowana<\/em>, szczeg\u00f3lnie Prodziekanom: prof. Bo\u017cenie Kiczorowskiej i prof. Andrzejowi Junkuszewowi oraz Przewodnicz\u0105cej Rady Programowej Kierunku &#8211; prof. Annie Czech i cz\u0142onkom Rady Programowej Kierunku, Dyrektorom i Kierownikom Jednostek oraz pracownikom zaanga\u017cowanym w kszta\u0142cenie na kierunku, jak te\u017c Pani Koordynator Dziekanatu WNoZiB \u2013 mgr in\u017c. Agacie Niemiec oraz wszystkim pracownikom uczelni bior\u0105cym udzia\u0142 w akredytacji.<\/p>\n<p>Pi\u0119knie dzi\u0119kuj\u0119 r\u00f3wnie\u017c osobom z otoczenia spo\u0142eczno-gospodarczego, studentkom i studentom za cenne rady dotycz\u0105ce programu kszta\u0142cenia.<\/p>\n<p><em>\u00a0<\/em><\/p>\n<p style=\"text-align: right\"><em>Dziekan<\/em><\/p>\n<p style=\"text-align: right\"><em>Wydzia\u0142u Nauk o Zwierz\u0119tach i Biogospodarki<\/em><\/p>\n<p style=\"text-align: right\"><em>prof. dr hab. Brygida \u015alaska<\/em><\/p>\n","protected":false},"excerpt":{"rendered":"<p>Mi\u0142o mi poinformowa\u0107, \u017ce, kierunek aktywno\u015b\u0107 fizyczna i agroturystyka kwalifikowana otrzyma\u0142 pozytywn\u0105 ocen\u0119 programow\u0105 wydan\u0105 przez Prezydium Polskiej Komisji Akredytacyjnej. &nbsp; Pragn\u0119 z\u0142o\u017cy\u0107 serdeczne podzi\u0119kowania za wsp\u00f3\u0142prac\u0119, zaanga\u017cowanie i trud w\u0142o\u017cony w proces akredytacji kierunku aktywno\u015b\u0107 fizyczna i agroturystyka kwalifikowana, szczeg\u00f3lnie Prodziekanom: prof. Bo\u017cenie Kiczorowskiej i prof. Andrzejowi Junkuszewowi oraz Przewodnicz\u0105cej Rady Programowej Kierunku &#8211; [&hellip;]<\/p>\n","protected":false},"author":204,"featured_media":0,"comment_status":"closed","ping_status":"open","sticky":false,"template":"","format":"standard","meta":{"_monsterinsights_skip_tracking":false,"_monsterinsights_sitenote_active":false,"_monsterinsights_sitenote_note":"","_monsterinsights_sitenote_category":0},"categories":[12],"tags":[],"_links":{"self":[{"href":"https:\/\/up.lublin.pl\/biologia\/wp-json\/wp\/v2\/posts\/151870"}],"collection":[{"href":"https:\/\/up.lublin.pl\/biologia\/wp-json\/wp\/v2\/posts"}],"about":[{"href":"https:\/\/up.lublin.pl\/biologia\/wp-json\/wp\/v2\/types\/post"}],"author":[{"embeddable":true,"href":"https:\/\/up.lublin.pl\/biologia\/wp-json\/wp\/v2\/users\/204"}],"replies":[{"embeddable":true,"href":"https:\/\/up.lublin.pl\/biologia\/wp-json\/wp\/v2\/comments?post=151870"}],"version-history":[{"count":1,"href":"https:\/\/up.lublin.pl\/biologia\/wp-json\/wp\/v2\/posts\/151870\/revisions"}],"predecessor-version":[{"id":151875,"href":"https:\/\/up.lublin.pl\/biologia\/wp-json\/wp\/v2\/posts\/151870\/revisions\/151875"}],"wp:attachment":[{"href":"https:\/\/up.lublin.pl\/biologia\/wp-json\/wp\/v2\/media?parent=151870"}],"wp:term":[{"taxonomy":"category","embeddable":true,"href":"https:\/\/up.lublin.pl\/biologia\/wp-json\/wp\/v2\/categories?post=151870"},{"taxonomy":"post_tag","embeddable":true,"href":"https:\/\/up.lublin.pl\/biologia\/wp-json\/wp\/v2\/tags?post=151870"}],"curies":[{"name":"wp","href":"https:\/\/api.w.org\/{rel}","templated":true}]}}