{"id":191040,"date":"2026-09-04T21:19:18","date_gmt":"2026-09-04T19:19:18","guid":{"rendered":"https:\/\/up.lublin.pl\/animalsciences\/?p=191040"},"modified":"2026-09-04T21:19:18","modified_gmt":"2026-09-04T19:19:18","slug":"wizyta-naukowcow-z-wloch-na-wydziale-nauk-o-zwierzetach-i-biogospodarki","status":"publish","type":"post","link":"https:\/\/up.lublin.pl\/animalsciences\/wizyta-naukowcow-z-wloch-na-wydziale-nauk-o-zwierzetach-i-biogospodarki\/","title":{"rendered":"Wizyta naukowc\u00f3w z W\u0142och na Wydziale Nauk o Zwierz\u0119tach i Biogospodarki"},"content":{"rendered":"<p>W dniach 29 sierpnia \u2013 4 wrze\u015bnia 2026 r<strong>.<\/strong> dr in\u017c. Krzysztof Kowal z Zak\u0142adu Genomiki i Bioinformatyki Instytutu Biologicznych Podstaw Produkcji Zwierz\u0119cej go\u015bci\u0142 <strong>dr Vivian\u0119 Barra<\/strong> z <strong>Universit\u00e0 degli Studi di Palermo<\/strong> oraz <strong>dra Pietro Salvatore Carollo<\/strong> z <strong>Universit\u00e0 degli Studi di Enna Kore<\/strong>.<\/p>\n<p>&nbsp;<\/p>\n<p><a href=\"https:\/\/up.lublin.pl\/animalsciences\/wp-content\/uploads\/sites\/4\/2026\/09\/Wlosi_01.jpg\"><img loading=\"lazy\" class=\"aligncenter size-full wp-image-191041\" src=\"https:\/\/up.lublin.pl\/animalsciences\/wp-content\/uploads\/sites\/4\/2026\/09\/Wlosi_01.jpg\" alt=\"\" width=\"598\" height=\"886\" \/><\/a><\/p>\n<p>Pobyt w\u0142oskich naukowc\u00f3w by\u0142 zwi\u0105zany z prowadzon\u0105 wsp\u00f3\u0142prac\u0105 badawcz\u0105 dotycz\u0105c\u0105 metylacji DNA u ps\u00f3w z nowotworami z\u0142o\u015bliwymi. W trakcie wizyty kontynuowano r\u00f3wnie\u017c wsp\u00f3\u0142prac\u0119 w zakresie analizy pt. zmian w obr\u0119bie CpG, CHG, and CHH w mitogenomie ps\u00f3w.<\/p>\n<p><a href=\"https:\/\/up.lublin.pl\/animalsciences\/wp-content\/uploads\/sites\/4\/2026\/09\/Wlosi_02.jpg\"><img loading=\"lazy\" class=\"aligncenter size-medium wp-image-191045\" src=\"https:\/\/up.lublin.pl\/animalsciences\/wp-content\/uploads\/sites\/4\/2026\/09\/Wlosi_02.jpg\" alt=\"\" width=\"599\" height=\"798\" \/><\/a><\/p>\n<p><a href=\"https:\/\/up.lublin.pl\/animalsciences\/wp-content\/uploads\/sites\/4\/2026\/09\/Wlosi_03.jpg\"><img loading=\"lazy\" class=\"aligncenter size-medium wp-image-191049\" src=\"https:\/\/up.lublin.pl\/animalsciences\/wp-content\/uploads\/sites\/4\/2026\/09\/Wlosi_03.jpg\" alt=\"\" width=\"604\" height=\"805\" \/><\/a><\/p>\n<p>Wa\u017cnym punktem pobytu by\u0142o seminarium naukowe, kt\u00f3re odby\u0142o <strong>si\u0119 3 wrze\u015bnia 2026 r.<\/strong> Go\u015bcie zaprezentowali dwa wyk\u0142ady po\u015bwi\u0119cone znaczeniu metylacji DNA w procesach nowotworowych oraz starzeniu:<\/p>\n<ul>\n<li><strong>\u201e<\/strong>When DNA methylation fails: genome instability and cancer transformation\u201d<\/li>\n<li>\u201eKeeping the nuclear lamina in place: the importance of DNA methylation in the aging process and cancer\u201d<\/li>\n<\/ul>\n<p>&nbsp;<\/p>\n<p><a href=\"https:\/\/up.lublin.pl\/animalsciences\/wp-content\/uploads\/sites\/4\/2026\/09\/Wlosi_04.jpg\"><img loading=\"lazy\" class=\"aligncenter size-medium wp-image-191053\" src=\"https:\/\/up.lublin.pl\/animalsciences\/wp-content\/uploads\/sites\/4\/2026\/09\/Wlosi_04.jpg\" alt=\"\" width=\"628\" height=\"354\" \/><\/a><\/p>\n<p>Wizyta by\u0142a tak\u017ce okazj\u0105 do zapoznania go\u015bci z infrastruktur\u0105 oraz dzia\u0142alno\u015bci\u0105 Wydzia\u0142u i Uniwersytetu. Dr Barra i dr Carollo odwiedzili kampus w Felinie oraz stref\u0119 animaloterapii, gdzie mogli pozna\u0107 prowadzone dzia\u0142ania dydaktyczne, badawcze i praktyczne zwi\u0105zane ze wsp\u00f3\u0142prac\u0105 cz\u0142owieka ze zwierz\u0119tami.<\/p>\n<p><a href=\"https:\/\/up.lublin.pl\/animalsciences\/wp-content\/uploads\/sites\/4\/2026\/09\/Wlosi_05.jpg\"><img loading=\"lazy\" class=\"aligncenter size-medium wp-image-191057\" src=\"https:\/\/up.lublin.pl\/animalsciences\/wp-content\/uploads\/sites\/4\/2026\/09\/Wlosi_05.jpg\" alt=\"\" width=\"599\" height=\"798\" \/><\/a><\/p>\n<p><a href=\"https:\/\/up.lublin.pl\/animalsciences\/wp-content\/uploads\/sites\/4\/2026\/09\/Wlosi_06.jpg\"><img loading=\"lazy\" class=\"aligncenter size-medium wp-image-191061\" src=\"https:\/\/up.lublin.pl\/animalsciences\/wp-content\/uploads\/sites\/4\/2026\/09\/Wlosi_06.jpg\" alt=\"\" width=\"610\" height=\"813\" \/><\/a><\/p>\n<p><a href=\"https:\/\/up.lublin.pl\/animalsciences\/wp-content\/uploads\/sites\/4\/2026\/09\/Wlosi_07.jpg\"><img loading=\"lazy\" class=\"aligncenter size-medium wp-image-191065\" src=\"https:\/\/up.lublin.pl\/animalsciences\/wp-content\/uploads\/sites\/4\/2026\/09\/Wlosi_07.jpg\" alt=\"\" width=\"601\" height=\"801\" \/><\/a><\/p>\n<p><a href=\"https:\/\/up.lublin.pl\/animalsciences\/wp-content\/uploads\/sites\/4\/2026\/09\/Wlosi_08.jpg\"><img loading=\"lazy\" class=\"aligncenter size-medium wp-image-191069\" src=\"https:\/\/up.lublin.pl\/animalsciences\/wp-content\/uploads\/sites\/4\/2026\/09\/Wlosi_08.jpg\" alt=\"\" width=\"607\" height=\"810\" \/><\/a><\/p>\n<p>Program pobytu obejmowa\u0142 r\u00f3wnie\u017c element poznawania dziedzictwa kulturowego regionu. Go\u015bcie odwiedzili Pa\u0142ac Zamoyskich w Koz\u0142\u00f3wce.<\/p>\n<p>Wizyta stanowi\u0142a kolejny etap rozwijania mi\u0119dzynarodowej wsp\u00f3\u0142pracy naukowej i stworzy\u0142a przestrze\u0144 do wymiany do\u015bwiadcze\u0144, dyskusji nad wynikami prowadzonych bada\u0144 oraz planowania dalszych wsp\u00f3lnych przedsi\u0119wzi\u0119\u0107 badawczych.<\/p>\n<p><a href=\"https:\/\/up.lublin.pl\/animalsciences\/wp-content\/uploads\/sites\/4\/2026\/09\/Wlosi_09.jpg\"><img loading=\"lazy\" class=\"aligncenter size-medium wp-image-191073\" src=\"https:\/\/up.lublin.pl\/animalsciences\/wp-content\/uploads\/sites\/4\/2026\/09\/Wlosi_09.jpg\" alt=\"\" width=\"604\" height=\"805\" \/><\/a> <a href=\"https:\/\/up.lublin.pl\/animalsciences\/wp-content\/uploads\/sites\/4\/2026\/09\/Wlosi_10.jpg\"><img loading=\"lazy\" class=\"aligncenter size-medium wp-image-191077\" src=\"https:\/\/up.lublin.pl\/animalsciences\/wp-content\/uploads\/sites\/4\/2026\/09\/Wlosi_10.jpg\" alt=\"\" width=\"608\" height=\"811\" \/><\/a><\/p>\n<p>Tekst i zdj\u0119cia: Krzysztof Kowal<\/p>\n<p>&nbsp;<\/p>\n","protected":false},"excerpt":{"rendered":"<p>W dniach 29 sierpnia \u2013 4 wrze\u015bnia 2026 r. dr in\u017c. Krzysztof Kowal z Zak\u0142adu Genomiki i Bioinformatyki Instytutu Biologicznych Podstaw Produkcji Zwierz\u0119cej go\u015bci\u0142 dr Vivian\u0119 Barra z Universit\u00e0 degli Studi di Palermo oraz dra Pietro Salvatore Carollo z Universit\u00e0 degli Studi di Enna Kore. &nbsp; Pobyt w\u0142oskich naukowc\u00f3w by\u0142 zwi\u0105zany z prowadzon\u0105 wsp\u00f3\u0142prac\u0105 badawcz\u0105 [&hellip;]<\/p>\n","protected":false},"author":204,"featured_media":0,"comment_status":"closed","ping_status":"open","sticky":false,"template":"","format":"standard","meta":{"_monsterinsights_skip_tracking":false,"_monsterinsights_sitenote_active":false,"_monsterinsights_sitenote_note":"","_monsterinsights_sitenote_category":0},"categories":[12],"tags":[],"_links":{"self":[{"href":"https:\/\/up.lublin.pl\/animalsciences\/wp-json\/wp\/v2\/posts\/191040"}],"collection":[{"href":"https:\/\/up.lublin.pl\/animalsciences\/wp-json\/wp\/v2\/posts"}],"about":[{"href":"https:\/\/up.lublin.pl\/animalsciences\/wp-json\/wp\/v2\/types\/post"}],"author":[{"embeddable":true,"href":"https:\/\/up.lublin.pl\/animalsciences\/wp-json\/wp\/v2\/users\/204"}],"replies":[{"embeddable":true,"href":"https:\/\/up.lublin.pl\/animalsciences\/wp-json\/wp\/v2\/comments?post=191040"}],"version-history":[{"count":1,"href":"https:\/\/up.lublin.pl\/animalsciences\/wp-json\/wp\/v2\/posts\/191040\/revisions"}],"predecessor-version":[{"id":191081,"href":"https:\/\/up.lublin.pl\/animalsciences\/wp-json\/wp\/v2\/posts\/191040\/revisions\/191081"}],"wp:attachment":[{"href":"https:\/\/up.lublin.pl\/animalsciences\/wp-json\/wp\/v2\/media?parent=191040"}],"wp:term":[{"taxonomy":"category","embeddable":true,"href":"https:\/\/up.lublin.pl\/animalsciences\/wp-json\/wp\/v2\/categories?post=191040"},{"taxonomy":"post_tag","embeddable":true,"href":"https:\/\/up.lublin.pl\/animalsciences\/wp-json\/wp\/v2\/tags?post=191040"}],"curies":[{"name":"wp","href":"https:\/\/api.w.org\/{rel}","templated":true}]}}