{"id":5334,"date":"2017-04-10T13:04:31","date_gmt":"2017-04-10T11:04:31","guid":{"rendered":"http:\/\/up.lublin.pl\/blog\/10518\/"},"modified":"2017-04-10T13:04:31","modified_gmt":"2017-04-10T11:04:31","slug":"10518","status":"publish","type":"post","link":"https:\/\/up.lublin.pl\/agrobio\/10518\/","title":{"rendered":"Uroczyste wr\u0119czenie dyplom\u00f3w uko\u0144czenia studi\u00f3w na Wydziale Agrobioin\u017cynierii"},"content":{"rendered":"<p>&nbsp;<\/p>\n<p style=\"text-align: justify\"><strong><br \/>\n8 kwietnia 2017 r. w Centrum Kongresowym Uniwersytetu Przyrodniczego w Lublinie odby\u0142a si\u0119 uroczysto\u015b\u0107 wr\u0119czenia dyplom&oacute;w absolwentom studi&oacute;w&nbsp; Wydzia\u0142u Agrobioin\u017cynierii. <\/strong><\/p>\n<p style=\"text-align: justify\">&nbsp;<\/p>\n<p>&nbsp;<\/p>\n<p style=\"text-align: center\"><img loading=\"lazy\" src=\"\/files\/images\/promocja\/media\/relaccje\/2017\/absolwadsc_0293.jpg\" alt=\"\" width=\"600\" height=\"389\" \/><\/p>\n<p style=\"text-align: justify\">&nbsp;<\/p>\n<p style=\"text-align: center\"><a href=\"\/4665\/\"><strong>[ PE\u0141NA GALERIA ZDJ\u0118\u0106 ]<\/strong><\/a><\/p>\n<p style=\"text-align: justify\">\nUroczysto\u015bci przewodniczy\u0142 dziekan Wydzia\u0142u Agrobioin\u017cynierii prof. dr hab. Krzysztof Kowalczyk i prodziekani:&nbsp; prof. dr hab. Barbara Ko\u0142odziej, dr hab. Halina Lipi\u0144ska, dr hab. Cezary Kwiatkowski,&nbsp; prof. nadzw.<\/p>\n<p style=\"text-align: justify\">\nJM Rektor, prof. dr hab. Zygmunt Litwi\u0144czuk, zwr&oacute;ci\u0142 si\u0119 do absolwent&oacute;w w kr&oacute;tkim przem&oacute;wieniu, \u017cycz\u0105c im wielu dalszych sukces&oacute;w. Na sali obecni byli r&oacute;wnie\u017c dziekani i prodziekani z pozosta\u0142ych Wydzia\u0142&oacute;w Uniwersytetu. <br \/>\n&nbsp;<\/p>\n<p style=\"text-align: justify\">&nbsp;<\/p>\n<p style=\"text-align: center\"><img loading=\"lazy\" src=\"\/files\/images\/promocja\/media\/relaccje\/2017\/absolwadsc_0075.jpg\" alt=\"\" width=\"600\" height=\"398\" \/><\/p>\n<p style=\"text-align: justify\">&nbsp;<\/p>\n<p style=\"text-align: justify\">\nSpotkanie to by\u0142o okazj\u0105 do podsumowania dokona\u0144&nbsp; najlepszych absolwent&oacute;w oraz wr\u0119czenia nagr&oacute;d i dyplom&oacute;w. <\/p>\n<p><em>Honorow\u0105 Odznak\u0105 UP w Lublinie odznaczeni zostali:<\/em><br \/>\nKarolina Zarzeczna, Joanna Toporowska,&nbsp; Micha\u0142 Mo\u017cejko, Joanna Garbacz,&nbsp; Edyta Samojedna,&nbsp; Ilona Wo\u017aniak, Edyta Maria Paw\u0142owicz, Agnieszka Hetman,&nbsp; Iwona&nbsp; Hanaka<\/p>\n<p><em>nagrody ksi\u0105\u017ckowe ufundowane przez Prorektora ds. Studenckich i Dydaktyk i wr\u0119czone przez prof. dr hab.&nbsp; Halin\u0119 Buczkowsk\u0105 za wyniki w nauce:<\/em><br \/>\nMicha\u0142 Mo\u017cejko, Ilona Wo\u017aniak, Edyta Maria Paw\u0142owicz<\/p>\n<p><em>za dzia\u0142alno\u015b\u0107 w studenckich ko\u0142ach naukowych wyr&oacute;\u017cnienia otrzymali:<\/em><br \/>\nz SKN Le\u015bnictwa: Paulina Lipka,&nbsp; Edyta Paw\u0142owicz, Jakub Misiurski, Katarzyna Rybak, Bart\u0142omiej Sitarz, Agnieszka Murat, Micha\u0142 S\u0142owi\u0144ski, Maciej Kliszcz, Patryk Zarzycki<br \/>\nz SKN Gospodarki Wodno-\u015aciekowej: Diana Podbro\u017cna, Katarzyna Kopczacka, Edyta Burczaniuk, Karolina J\u0119drej<\/p>\n<p><em>Wyr&oacute;\u017cnione prace in\u017cynierskie:<\/em><br \/>\nkierunek bioin\u017cynieria &ndash; Micha\u0142&nbsp; Mo\u017cejko <br \/>\nkierunek gospodarka przestrzenna &ndash; Ilona Wo\u017aniak,&nbsp; Karolina Pliwka,&nbsp; Edyta Samojedna<br \/>\nkierunek in\u017cynieria \u015brodowiska &#8211;&nbsp; Katarzyna Kopczacka,&nbsp; Diana&nbsp; Podbro\u017cna <br \/>\nkierunek le\u015bnictwo &#8211;&nbsp; Joanna Kucharczyk,&nbsp;&nbsp; Agnieszka&nbsp; Marut&nbsp; <br \/>\nkierunek rolnictwo, specjalno\u015b\u0107 agrobiznes &ndash;&nbsp; Marlena Jednacz,&nbsp; Marek Samulak <\/p>\n<p>\nWydzia\u0142 Agrobioin\u017cynierii w roku akademickim 2016\/2017 na studiach stacjonarnych I stopnia uko\u0144czy\u0142o 347 os&oacute;b.<\/p>\n<p style=\"text-align: justify\">&nbsp;<\/p>\n<p style=\"text-align: justify\">&nbsp;<\/p>\n<p style=\"text-align: center\"><img loading=\"lazy\" src=\"\/files\/images\/promocja\/media\/relaccje\/2017\/absolwadsc_0021.jpg\" alt=\"\" width=\"600\" height=\"398\" \/><\/p>\n<p style=\"text-align: justify\">\n<p>Na zako\u0144czenie spotkania&nbsp;&nbsp; rozbrzmia\u0142o uroczyste &bdquo;Gaudeamus igitur&rdquo;.<\/p>\n<p>W tym roku po raz pierwszy absolwenci maj\u0105 okazj\u0119 spotka\u0107 si\u0119 na rozdaniu dyplom&oacute;w w tradycyjnych togach i biretach z nazw\u0105 uniwersytetu. Kolejne spotkania z absolwentami poszczeg&oacute;lnych wydzia\u0142&oacute;w odb\u0119d\u0105 si\u0119 w kwietniu wed\u0142ug ustalonego harmonogramu, a w przypadku Wydzia\u0142u Medycyny Weterynaryjnej: w czerwcu. <\/p>\n<p>\n&nbsp;<\/p>\n<p style=\"text-align: right\">red.<\/p>\n<p style=\"text-align: right\">&nbsp;<\/p>\n<p style=\"text-align: right\">&nbsp;<\/p>\n<p style=\"text-align: right\">&nbsp;<\/p>\n","protected":false},"excerpt":{"rendered":"<p>&nbsp; 8 kwietnia 2017 r. w Centrum Kongresowym Uniwersytetu Przyrodniczego w Lublinie odby\u0142a si\u0119 uroczysto\u015b\u0107 wr\u0119czenia dyplom&oacute;w absolwentom studi&oacute;w&nbsp; Wydzia\u0142u Agrobioin\u017cynierii. &nbsp; &nbsp; &nbsp; [ PE\u0141NA GALERIA ZDJ\u0118\u0106 ] Uroczysto\u015bci przewodniczy\u0142 dziekan Wydzia\u0142u Agrobioin\u017cynierii prof. dr hab. Krzysztof Kowalczyk i prodziekani:&nbsp; prof. dr hab. Barbara Ko\u0142odziej, dr hab. Halina Lipi\u0144ska, dr hab. Cezary Kwiatkowski,&nbsp; prof. [&hellip;]<\/p>\n","protected":false},"author":207,"featured_media":0,"comment_status":"closed","ping_status":"closed","sticky":false,"template":"","format":"standard","meta":{"_monsterinsights_skip_tracking":false,"_monsterinsights_sitenote_active":false,"_monsterinsights_sitenote_note":"","_monsterinsights_sitenote_category":0},"categories":[12],"tags":[],"_links":{"self":[{"href":"https:\/\/up.lublin.pl\/agrobio\/wp-json\/wp\/v2\/posts\/5334"}],"collection":[{"href":"https:\/\/up.lublin.pl\/agrobio\/wp-json\/wp\/v2\/posts"}],"about":[{"href":"https:\/\/up.lublin.pl\/agrobio\/wp-json\/wp\/v2\/types\/post"}],"author":[{"embeddable":true,"href":"https:\/\/up.lublin.pl\/agrobio\/wp-json\/wp\/v2\/users\/207"}],"replies":[{"embeddable":true,"href":"https:\/\/up.lublin.pl\/agrobio\/wp-json\/wp\/v2\/comments?post=5334"}],"version-history":[{"count":0,"href":"https:\/\/up.lublin.pl\/agrobio\/wp-json\/wp\/v2\/posts\/5334\/revisions"}],"wp:attachment":[{"href":"https:\/\/up.lublin.pl\/agrobio\/wp-json\/wp\/v2\/media?parent=5334"}],"wp:term":[{"taxonomy":"category","embeddable":true,"href":"https:\/\/up.lublin.pl\/agrobio\/wp-json\/wp\/v2\/categories?post=5334"},{"taxonomy":"post_tag","embeddable":true,"href":"https:\/\/up.lublin.pl\/agrobio\/wp-json\/wp\/v2\/tags?post=5334"}],"curies":[{"name":"wp","href":"https:\/\/api.w.org\/{rel}","templated":true}]}}