{"id":4609,"date":"2017-02-01T14:55:19","date_gmt":"2017-02-01T13:55:19","guid":{"rendered":"http:\/\/up.lublin.pl\/blog\/9788\/"},"modified":"2022-10-25T14:44:27","modified_gmt":"2022-10-25T12:44:27","slug":"97885","status":"publish","type":"post","link":"https:\/\/up.lublin.pl\/agrobio\/97885\/","title":{"rendered":"Zmar\u0142a prof. dr hab. Maria J\u0119druszczak"},"content":{"rendered":"<p style=\"text-align: center\">&nbsp;<\/p>\n<p style=\"text-align: center\"><img loading=\"lazy\" src=\"http:\/\/www.up.lublin.pl\/files\/images\/navig\/zaloba-krzyz.jpg\" width=\"140\" height=\"105\" alt=\"\" \/><\/p>\n<p style=\"text-align: center\">&nbsp;<\/p>\n<p style=\"text-align: center\">&nbsp;Z g\u0142\u0119bokim \u017calem i smutkiem zawiadamiamy, \u017ce w dniu 31 stycznia 2017 r.<\/p>\n<p style=\"text-align: center\">zmar\u0142a w wieku 74 lat<\/p>\n<p><strong>prof. dr hab. Maria J\u0119druszczak<\/strong><\/p>\n<p style=\"text-align: center\">\nemerytowany profesor<\/p>\n<p style=\"text-align: center\">Katedry Herbologii i Technik Uprawy Ro\u015blin<br \/>\nWydzia\u0142u Agrobioin\u017cynierii<br \/>\nUniwersytetu Przyrodniczego w Lublinie<\/p>\n<p>ceniony specjalista z zakresu biologii chwast&oacute;w, fenologii zbiorowisk chwast&oacute;w w agrocenozach oraz agrotechniki soi i ro\u015blin zbo\u017cowych, autor licznych rozpraw naukowych, nauczyciel akademicki i wychowawca wielu pokole\u0144 student&oacute;w, cz\u0142onek towarzystw naukowych krajowych i zagranicznych<\/p>\n<p><strong>Nabo\u017ce\u0144stwo \u017ca\u0142obne odprawione zostanie dnia&nbsp; 4 lutego 2017 r. o godz. 13:30 <\/strong><b><br \/>\n<strong>w ko\u015bciele parafialnym w Uchaniach.<\/strong><\/b><\/p>\n<p>Rektor oraz Dziekan i Rada Wydzia\u0142u Agrobioin\u017cynierii &nbsp;<br \/>\nUniwersytetu Przyrodniczego w Lublinie<br \/>\n&nbsp;&nbsp;<\/p>\n","protected":false},"excerpt":{"rendered":"<p>&nbsp; &nbsp; &nbsp;Z g\u0142\u0119bokim \u017calem i smutkiem zawiadamiamy, \u017ce w dniu 31 stycznia 2017 r. zmar\u0142a w wieku 74 lat prof. dr hab. Maria J\u0119druszczak emerytowany profesor Katedry Herbologii i Technik Uprawy Ro\u015blin Wydzia\u0142u Agrobioin\u017cynierii Uniwersytetu Przyrodniczego w Lublinie ceniony specjalista z zakresu biologii chwast&oacute;w, fenologii zbiorowisk chwast&oacute;w w agrocenozach oraz agrotechniki soi i ro\u015blin [&hellip;]<\/p>\n","protected":false},"author":207,"featured_media":0,"comment_status":"closed","ping_status":"closed","sticky":false,"template":"","format":"standard","meta":{"_monsterinsights_skip_tracking":false,"_monsterinsights_sitenote_active":false,"_monsterinsights_sitenote_note":"","_monsterinsights_sitenote_category":0},"categories":[12],"tags":[],"_links":{"self":[{"href":"https:\/\/up.lublin.pl\/agrobio\/wp-json\/wp\/v2\/posts\/4609"}],"collection":[{"href":"https:\/\/up.lublin.pl\/agrobio\/wp-json\/wp\/v2\/posts"}],"about":[{"href":"https:\/\/up.lublin.pl\/agrobio\/wp-json\/wp\/v2\/types\/post"}],"author":[{"embeddable":true,"href":"https:\/\/up.lublin.pl\/agrobio\/wp-json\/wp\/v2\/users\/207"}],"replies":[{"embeddable":true,"href":"https:\/\/up.lublin.pl\/agrobio\/wp-json\/wp\/v2\/comments?post=4609"}],"version-history":[{"count":1,"href":"https:\/\/up.lublin.pl\/agrobio\/wp-json\/wp\/v2\/posts\/4609\/revisions"}],"predecessor-version":[{"id":148822,"href":"https:\/\/up.lublin.pl\/agrobio\/wp-json\/wp\/v2\/posts\/4609\/revisions\/148822"}],"wp:attachment":[{"href":"https:\/\/up.lublin.pl\/agrobio\/wp-json\/wp\/v2\/media?parent=4609"}],"wp:term":[{"taxonomy":"category","embeddable":true,"href":"https:\/\/up.lublin.pl\/agrobio\/wp-json\/wp\/v2\/categories?post=4609"},{"taxonomy":"post_tag","embeddable":true,"href":"https:\/\/up.lublin.pl\/agrobio\/wp-json\/wp\/v2\/tags?post=4609"}],"curies":[{"name":"wp","href":"https:\/\/api.w.org\/{rel}","templated":true}]}}