{"id":3938,"date":"2016-11-25T12:28:53","date_gmt":"2016-11-25T11:28:53","guid":{"rendered":"http:\/\/up.lublin.pl\/blog\/9116\/"},"modified":"2022-10-25T14:44:08","modified_gmt":"2022-10-25T12:44:08","slug":"91166","status":"publish","type":"post","link":"https:\/\/up.lublin.pl\/agrobio\/91166\/","title":{"rendered":"Konferencja po\u015bwi\u0119cona kreowaniu programu kszta\u0142cenia i planu studi\u00f3w na kierunku Bioin\u017cynieria."},"content":{"rendered":"<p>&nbsp;<\/p>\n<p>&nbsp;<\/p>\n<p class=\"MsoNormal\" style=\"margin-bottom:0cm;margin-bottom:.0001pt;text-align:center\" align=\"center\"><b><span style=\"font-size:12.0pt;line-height:115%;,serif\">Zaproszenie <\/span><\/b><\/p>\n<p class=\"MsoNormal\" style=\"margin-bottom:0cm;margin-bottom:.0001pt;text-align:center\" align=\"center\"><b><span style=\"font-size:12.0pt;line-height:115%;,serif\">na konferencj\u0119 po\u015bwi\u0119con\u0105 kreowaniu programu kszta\u0142cenia i planu studi&oacute;w na kierunku bioin\u017cynieria<\/span><\/b><\/p>\n<p class=\"MsoNormal\" style=\"margin-bottom:0cm;margin-bottom:.0001pt;text-align:center\" align=\"center\"><span style=\"font-size:12.0pt;line-height:115%;,serif\">&nbsp;<\/span><\/p>\n<p class=\"MsoNormal\" style=\"margin-bottom:0cm;margin-bottom:.0001pt;text-align:justify\"><span style=\"font-size:12.0pt;line-height:115%;,serif\"><span>&nbsp;&nbsp;&nbsp;&nbsp;&nbsp;&nbsp;&nbsp; <\/span>Dziekan Wydzia\u0142u Agrobioin\u017cynierii oraz Rada Programowa kierunku bioin\u017cynieria Uniwersytetu Przyrodniczego w Lublinie zapraszaj\u0105 pracownik&oacute;w, student&oacute;w oraz interesariuszy zewn\u0119trznych na konferencj\u0119 po\u015bwi\u0119con\u0105 kreowaniu programu kszta\u0142cenia i plan&oacute;w studi&oacute;w na kierunku bioin\u017cynieria, studia pierwszego stopnia <\/span><\/p>\n<p class=\"MsoNormal\" style=\"margin-bottom:0cm;margin-bottom:.0001pt;text-align:justify\"><span style=\"font-size:12.0pt;line-height:115%;,serif\">&nbsp;<\/span><\/p>\n<p class=\"MsoNormal\" style=\"margin-bottom:0cm;margin-bottom:.0001pt;text-align:justify;text-indent:1.0cm\"><span style=\"font-size:12.0pt;line-height:115%;,serif\">Konferencja odb\u0119dzie si\u0119 30 listopada 2016 roku w sali konferencyjnej Agro II, pocz\u0105tek o godzinie 11:00<\/span><\/p>\n<p class=\"MsoNormal\" style=\"margin-bottom:0cm;margin-bottom:.0001pt;text-align:justify;text-indent:1.0cm\"><span style=\"font-size:12.0pt;line-height:115%;,serif\">&nbsp;<\/span><\/p>\n<p class=\"MsoNormal\" style=\"margin-bottom:0cm;margin-bottom:.0001pt;text-align:justify\"><u><span style=\"font-size:12.0pt;line-height:115%;,serif\">Program konferencji:<\/span><\/u><\/p>\n<p class=\"MsoNormal\" style=\"margin-bottom:0cm;margin-bottom:.0001pt;text-align:justify\"><span style=\"font-size:12.0pt;line-height:115%;,serif\">11:00<span>&nbsp; <\/span>&#8211; Otwarcie konferencji i powitanie go\u015bci<\/span><\/p>\n<p class=\"MsoNormal\" style=\"margin-bottom:0cm;margin-bottom:.0001pt;text-align:justify\"><span style=\"font-size:12.0pt;line-height:115%;,serif\">11:10 <span>&nbsp;<\/span>&#8211; Prezentacja celu i programu kszta\u0142cenia na kierunku bioin\u017cynieria<\/span><\/p>\n<p class=\"MsoNormal\" style=\"margin-top:0cm;margin-right:0cm;margin-bottom:0cm;margin-left:42.55pt;margin-bottom:.0001pt;text-align:justify;text-indent:-42.55pt\"><span style=\"font-size:12.0pt;line-height:115%;,serif\">11:30 &#8211; Przedstawienie propozycji temat&oacute;w prac in\u017cynierskich realizowanych na kierunku <span>&nbsp;&nbsp;<\/span>bioin\u017cynieria<\/span><\/p>\n<p class=\"MsoNormal\" style=\"margin-bottom:0cm;margin-bottom:.0001pt;text-align:justify\"><span style=\"font-size:12.0pt;line-height:115%;,serif\">11:50 &#8211; <span>&nbsp;<\/span>Dyskusja z udzia\u0142em interesariuszy zewn\u0119trznych<\/span><\/p>\n<p class=\"MsoNormal\" style=\"margin-bottom:0cm;margin-bottom:.0001pt;text-align:justify\"><span style=\"font-size:12.0pt;line-height:115%;,serif\">12:20 &#8211; <span>&nbsp;<\/span>Zako\u0144czenie cz\u0119\u015bci pierwszej<\/span><\/p>\n<p class=\"MsoNormal\" style=\"margin-bottom:0cm;margin-bottom:.0001pt;text-align:justify\"><span style=\"font-size:12.0pt;line-height:115%;,serif\">12:20 &#8211; 13:00 &#8211; Spotkanie ze studentami kierunku bioin\u017cynieria<\/span><\/p>\n<p class=\"MsoNormal\" style=\"margin-bottom:0cm;margin-bottom:.0001pt;text-align:justify\"><span style=\"font-size:12.0pt;line-height:115%;,serif\">tematyka spotkania:<\/span><\/p>\n<p class=\"MsoNormal\" style=\"margin-bottom:0cm;margin-bottom:.0001pt;text-align:justify\"><span style=\"font-size:12.0pt;line-height:115%;,serif\">Opinie i uwagi student&oacute;w dotycz\u0105ce programu i planu studi&oacute;w kierunku bioin\u017cynieria<\/span><\/p>\n<p class=\"MsoNormal\" style=\"margin-bottom:0cm;margin-bottom:.0001pt;text-align:justify\"><span style=\"font-size:12.0pt;line-height:115%;,serif\">&nbsp;<\/span><\/p>\n<p class=\"MsoNormal\" style=\"margin-bottom:0cm;margin-bottom:.0001pt;text-align:justify\"><span style=\"font-size:12.0pt;line-height:115%;,serif\">&nbsp;<\/span><\/p>\n<p class=\"MsoNormal\" style=\"margin-bottom:0cm;margin-bottom:.0001pt;text-align:justify;text-indent:155.95pt\"><span style=\"font-size:12.0pt;line-height:115%;,serif\">Dziekan Wydzia\u0142u Agrobioin\u017cynierii<\/span><\/p>\n<p class=\"MsoNormal\" style=\"margin-bottom:0cm;margin-bottom:.0001pt;text-align:justify;text-indent:155.95pt\"><span style=\"font-size:12.0pt;line-height:115%;,serif\">Prof. dr hab. Krzysztof Kowalczyk<\/span><\/p>\n<p class=\"MsoNormal\" style=\"margin-bottom:0cm;margin-bottom:.0001pt;text-align:justify;text-indent:155.95pt\"><span style=\"font-size:12.0pt;line-height:115%;,serif\">Przewodnicz\u0105ca Rady Programowej kierunku bioin\u017cynieria<\/span><\/p>\n<p class=\"MsoNormal\" style=\"margin-bottom:0cm;margin-bottom:.0001pt;text-align:justify;text-indent:155.95pt\"><span style=\"font-size:12.0pt;line-height:115%;,serif\">Dr hab. Maria Chrz\u0105stek<\/span><\/p>\n<p class=\"MsoNormal\" style=\"margin-bottom:0cm;margin-bottom:.0001pt;text-align:justify;text-indent:155.95pt\"><span style=\"font-size:12.0pt;line-height:115%;,serif\">&nbsp;<\/span><\/p>\n<p class=\"MsoNormal\" style=\"margin-bottom:0cm;margin-bottom:.0001pt;text-align:justify;text-indent:155.95pt\">&nbsp;<\/p>\n<p class=\"MsoNormal\" style=\"margin-bottom:0cm;margin-bottom:.0001pt;text-align:justify;text-indent:155.95pt\"><a href=\"\/files\/agrobio\/agrobioinzynieria\/zaproszenie_na_dni_kierunku_bioinzynieria.pdf\" target=\"_blank\" rel=\"noopener noreferrer\"><span style=\"font-size:12.0pt;line-height:115%;,serif\">Zap<\/span><span style=\"font-size:12.0pt;line-height:115%;,serif\">roszenie w wersji pdf&nbsp;<\/span><img alt=\"acrobat\" src=\"http:\/\/www.up.lublin.pl\/files\/images\/navig\/acrobat_ico.gif\" \/><\/a><\/p>\n<p>&nbsp;<\/p>\n","protected":false},"excerpt":{"rendered":"<p>&nbsp; &nbsp; Zaproszenie na konferencj\u0119 po\u015bwi\u0119con\u0105 kreowaniu programu kszta\u0142cenia i planu studi&oacute;w na kierunku bioin\u017cynieria &nbsp; &nbsp;&nbsp;&nbsp;&nbsp;&nbsp;&nbsp;&nbsp; Dziekan Wydzia\u0142u Agrobioin\u017cynierii oraz Rada Programowa kierunku bioin\u017cynieria Uniwersytetu Przyrodniczego w Lublinie zapraszaj\u0105 pracownik&oacute;w, student&oacute;w oraz interesariuszy zewn\u0119trznych na konferencj\u0119 po\u015bwi\u0119con\u0105 kreowaniu programu kszta\u0142cenia i plan&oacute;w studi&oacute;w na kierunku bioin\u017cynieria, studia pierwszego stopnia &nbsp; Konferencja odb\u0119dzie si\u0119 30 [&hellip;]<\/p>\n","protected":false},"author":207,"featured_media":0,"comment_status":"closed","ping_status":"closed","sticky":false,"template":"","format":"standard","meta":{"_monsterinsights_skip_tracking":false,"_monsterinsights_sitenote_active":false,"_monsterinsights_sitenote_note":"","_monsterinsights_sitenote_category":0},"categories":[12],"tags":[],"_links":{"self":[{"href":"https:\/\/up.lublin.pl\/agrobio\/wp-json\/wp\/v2\/posts\/3938"}],"collection":[{"href":"https:\/\/up.lublin.pl\/agrobio\/wp-json\/wp\/v2\/posts"}],"about":[{"href":"https:\/\/up.lublin.pl\/agrobio\/wp-json\/wp\/v2\/types\/post"}],"author":[{"embeddable":true,"href":"https:\/\/up.lublin.pl\/agrobio\/wp-json\/wp\/v2\/users\/207"}],"replies":[{"embeddable":true,"href":"https:\/\/up.lublin.pl\/agrobio\/wp-json\/wp\/v2\/comments?post=3938"}],"version-history":[{"count":1,"href":"https:\/\/up.lublin.pl\/agrobio\/wp-json\/wp\/v2\/posts\/3938\/revisions"}],"predecessor-version":[{"id":148818,"href":"https:\/\/up.lublin.pl\/agrobio\/wp-json\/wp\/v2\/posts\/3938\/revisions\/148818"}],"wp:attachment":[{"href":"https:\/\/up.lublin.pl\/agrobio\/wp-json\/wp\/v2\/media?parent=3938"}],"wp:term":[{"taxonomy":"category","embeddable":true,"href":"https:\/\/up.lublin.pl\/agrobio\/wp-json\/wp\/v2\/categories?post=3938"},{"taxonomy":"post_tag","embeddable":true,"href":"https:\/\/up.lublin.pl\/agrobio\/wp-json\/wp\/v2\/tags?post=3938"}],"curies":[{"name":"wp","href":"https:\/\/api.w.org\/{rel}","templated":true}]}}