{"id":3932,"date":"2016-11-25T10:04:58","date_gmt":"2016-11-25T09:04:58","guid":{"rendered":"http:\/\/up.lublin.pl\/blog\/9110\/"},"modified":"2022-10-25T14:44:11","modified_gmt":"2022-10-25T12:44:11","slug":"91105","status":"publish","type":"post","link":"https:\/\/up.lublin.pl\/agrobio\/91105\/","title":{"rendered":"Konferencja po\u015bwi\u0119cona kreowaniu programu kszta\u0142cenia i planu studi\u00f3w na kierunku Le\u015bnictwo."},"content":{"rendered":"<div align=\"center\">&nbsp;<\/div>\n<div align=\"center\"><strong>ZAPROSZENIE<\/strong><\/div>\n<div align=\"center\">&nbsp;<\/div>\n<div style=\"text-align: justify\">Dziekan Wydzia\u0142u Agrobioin\u017cynierii, Prodziekan oraz Rada Programowa ds. Kierunku&nbsp;&nbsp;Le\u015bnictwo Uniwersytetu Przyrodniczego w Lublinie zapraszaj\u0105&nbsp;<b>pracownik&oacute;w, student&oacute;w oraz interesariuszy zewn\u0119trznych<\/b>&nbsp;na konferencj\u0119 po\u015bwi\u0119con\u0105 kreowaniu programu kszta\u0142cenia i planu studi&oacute;w na kierunku Le\u015bnictwo, studia pierwszego stopnia.<\/div>\n<div><b>&nbsp;<\/b><\/div>\n<div><b>Konferencja odb\u0119dzie si\u0119 30 listopada 2016 w sali konferencyjnej Agro II, pocz\u0105tek godz. 9.00.<\/b><\/div>\n<div>&nbsp;<\/div>\n<div>Program konferencji:<\/div>\n<div>9.00 &ndash; otwarcie i powitanie go\u015bci<\/div>\n<div>9.10 &ndash; prezentacja celu i&nbsp;programu kszta\u0142cenia na kierunku le\u015bnictwo<\/div>\n<div>9.30 &ndash;&nbsp;zasady dyplomowania i prezentacja przyk\u0142adowych propozycji temat&oacute;w prac in\u017cynierskich<\/div>\n<div>9.50 &ndash;&nbsp;informacja nt. dzia\u0142alno\u015bci Kola Naukowego Le\u015bnik&oacute;w<\/div>\n<div>10.10 &ndash; dyskusja z udzia\u0142em interesariuszy zewn\u0119trznych<\/div>\n<div>10.30 &ndash; zako\u0144czenie I cz\u0119\u015bci konferencji<\/div>\n<div>10.30 &ndash; 11.00 &ndash; Spotkanie ze studentami kierunku&nbsp;Le\u015bnictwo<\/div>\n<div>&nbsp;<\/div>\n<div>Tematyka spotkania:<\/div>\n<div>Opinie i uwagi student&oacute;w dotycz\u0105ce programu i planu studi&oacute;w na kierunku le\u015bnictwo<\/div>\n<div style=\"text-align: right\">&nbsp;<\/div>\n<div style=\"text-align: right\">W imieniu Organizator&oacute;w<\/div>\n<div style=\"text-align: right\">&nbsp;<\/div>\n<div style=\"text-align: right\">Prof. dr hab. Barbara Ko\u0142odziej<\/div>\n<div style=\"text-align: right\">Prodziekan Wydzia\u0142u Agrobioin\u017cynierii<\/div>\n<div style=\"text-align: right\">Dr hab. Danuta Urban prof. nadzw. UP<\/div>\n<div style=\"text-align: right\">Przewodnicz\u0105ca Rady Programowej Le\u015bnictwa<\/div>\n<div style=\"text-align: right\">&nbsp;<\/div>\n<div style=\"text-align: right\">&nbsp;<\/div>\n<div>Zaproszenie w formacie pdf&nbsp;<a href=\"http:\/\/www.up.lublin.pl\/files\/agrobio\/agrobioinzynieria\/zaproszenie_l_dni_kierunku_lesnictwo_2016_1.pdf\" target=\"_blank\" rel=\"noopener noreferrer\"><img alt=\"acrobat\" src=\"http:\/\/www.up.lublin.pl\/files\/images\/navig\/acrobat_ico.gif\" \/><\/a><\/div>\n<div>&nbsp;<\/div>\n","protected":false},"excerpt":{"rendered":"<p>&nbsp; ZAPROSZENIE &nbsp; Dziekan Wydzia\u0142u Agrobioin\u017cynierii, Prodziekan oraz Rada Programowa ds. Kierunku&nbsp;&nbsp;Le\u015bnictwo Uniwersytetu Przyrodniczego w Lublinie zapraszaj\u0105&nbsp;pracownik&oacute;w, student&oacute;w oraz interesariuszy zewn\u0119trznych&nbsp;na konferencj\u0119 po\u015bwi\u0119con\u0105 kreowaniu programu kszta\u0142cenia i planu studi&oacute;w na kierunku Le\u015bnictwo, studia pierwszego stopnia. &nbsp; Konferencja odb\u0119dzie si\u0119 30 listopada 2016 w sali konferencyjnej Agro II, pocz\u0105tek godz. 9.00. &nbsp; Program konferencji: 9.00 &ndash; [&hellip;]<\/p>\n","protected":false},"author":207,"featured_media":0,"comment_status":"closed","ping_status":"closed","sticky":false,"template":"","format":"standard","meta":{"_monsterinsights_skip_tracking":false,"_monsterinsights_sitenote_active":false,"_monsterinsights_sitenote_note":"","_monsterinsights_sitenote_category":0},"categories":[12],"tags":[],"_links":{"self":[{"href":"https:\/\/up.lublin.pl\/agrobio\/wp-json\/wp\/v2\/posts\/3932"}],"collection":[{"href":"https:\/\/up.lublin.pl\/agrobio\/wp-json\/wp\/v2\/posts"}],"about":[{"href":"https:\/\/up.lublin.pl\/agrobio\/wp-json\/wp\/v2\/types\/post"}],"author":[{"embeddable":true,"href":"https:\/\/up.lublin.pl\/agrobio\/wp-json\/wp\/v2\/users\/207"}],"replies":[{"embeddable":true,"href":"https:\/\/up.lublin.pl\/agrobio\/wp-json\/wp\/v2\/comments?post=3932"}],"version-history":[{"count":1,"href":"https:\/\/up.lublin.pl\/agrobio\/wp-json\/wp\/v2\/posts\/3932\/revisions"}],"predecessor-version":[{"id":148819,"href":"https:\/\/up.lublin.pl\/agrobio\/wp-json\/wp\/v2\/posts\/3932\/revisions\/148819"}],"wp:attachment":[{"href":"https:\/\/up.lublin.pl\/agrobio\/wp-json\/wp\/v2\/media?parent=3932"}],"wp:term":[{"taxonomy":"category","embeddable":true,"href":"https:\/\/up.lublin.pl\/agrobio\/wp-json\/wp\/v2\/categories?post=3932"},{"taxonomy":"post_tag","embeddable":true,"href":"https:\/\/up.lublin.pl\/agrobio\/wp-json\/wp\/v2\/tags?post=3932"}],"curies":[{"name":"wp","href":"https:\/\/api.w.org\/{rel}","templated":true}]}}